{"id":2006,"date":"2025-05-11T22:57:53","date_gmt":"2025-05-11T20:57:53","guid":{"rendered":"https:\/\/online-filmkatarzis.com\/kucko\/hirek\/?p=2006"},"modified":"2025-05-11T22:57:53","modified_gmt":"2025-05-11T20:57:53","slug":"hihetetlen-dolog-derult-ki-az-uj-paparol","status":"publish","type":"post","link":"https:\/\/online-filmkatarzis.com\/kucko\/hirek\/hihetetlen-dolog-derult-ki-az-uj-paparol\/","title":{"rendered":"Hihetetlen dolog der\u00fclt ki az \u00faj P\u00e1p\u00e1r\u00f3l!"},"content":{"rendered":"<h3>A teljesen alaptalan elm\u00e9let vill\u00e1mgyorsan elterjedt az interneten, f\u0151k\u00e9nt az amerikai alt-right k\u00f6reiben. Egy kommentel\u0151 ironikusan megjegyezte: \u201eA p\u00e1pa nemcsak w*ke, hanem tr*nsz is\u201d \u2013 \u00e9s ez az abszurdit\u00e1s kevesebb mint 12 \u00f3ra alatt sz\u00e1rnyra kapott. Ez is mutatja, milyen k\u00f6nnyen v\u00e1lik egy \u00e1lh\u00edr \u201eval\u00f3s\u00e1gg\u00e1\u201d a k\u00f6z\u00f6ss\u00e9gi m\u00e9di\u00e1ban.<br \/>\nEZ AZ EGYH\u00c1Z V\u00c9LEM\u00c9NYE:<\/h3>\n<h3><span style=\"color: #ff0000;\"><strong>A h\u00edr nem \u00e9rt v\u00e9get! Folytat\u00e1shoz haszn\u00e1ld a K\u00d6VETKEZ\u0150 OLDAL gombot!<\/strong><\/span><\/h3>\n<h3 style=\"text-align: right;\"><a href=\"https:\/\/online-filmkatarzis.com\/kucko\/napiinfok\/?p=2037\" target=\"_blank\" rel=\"noopener\"><span style=\"color: #ff0000;\">&#8212;&gt;&gt; K\u00d6VETKEZ\u0150 OLDAL<\/span><\/a><\/h3>\n<p>&#8211;<\/p>\n<p>Amikor el\u0151sz\u00f6r bemutatkozott, a Honda Accord ugyan teljesen \u00faj modellk\u00e9nt \u00e9rkezett, de a m\u00f6g\u00f6ttes filoz\u00f3fia egy\u00e1ltal\u00e1n nem volt az. A formaterve hat\u00e1rozottan evol\u00faci\u00f3s jelleg\u0171, ami azt mutatja, hogy az el\u0151z\u0151 gener\u00e1ci\u00f3 koncepci\u00f3ja mennyire kiforrott \u00e9s vil\u00e1gos volt.<br \/>\nHogy ez a megk\u00f6zel\u00edt\u00e9s mennyire sikeres, az \u00edzl\u00e9s k\u00e9rd\u00e9se. B\u00e1r \u00e9rt\u00e9kelt\u00fck, hogy az Accord \u00e9rettebbnek \u00e9s dr\u00e1g\u00e1bbnak hat, egy\u00fattal kiss\u00e9 sajn\u00e1lkozunk \u2013 szubjekt\u00edven \u2013, hogy az eredeti modell tiszta vonalai r\u00e9szben elvesztek.<\/p>\n<p>A v\u00e9kony A-oszlopok kiv\u00e1l\u00f3 el\u0151retekint\u00e9st biztos\u00edtanak, ami a vezethet\u0151s\u00e9g szempontj\u00e1b\u00f3l fontos pozit\u00edvum.<br \/>\n2011-ben az Accord friss\u00edtett megjelen\u00e9st kapott: \u00faj f\u00e9nysz\u00f3r\u00f3k, sportosabb h\u0171t\u0151r\u00e1cs, \u00e1tdolgozott h\u0171t\u0151ny\u00edl\u00e1sok \u00e9s k\u00f6dl\u00e1mp\u00e1k, valamint \u00faj els\u0151 l\u00f6kh\u00e1r\u00edt\u00f3 ker\u00fclt r\u00e1. H\u00e1tul is \u00faj l\u00f6kh\u00e1r\u00edt\u00f3, \u00e1talak\u00edtott l\u00e1mp\u00e1k \u00e9s kr\u00f3m d\u00edsz ker\u00fclt a rendsz\u00e1mt\u00e1bla f\u00f6l\u00e9 a szed\u00e1n v\u00e1ltozatokon. Az ES \u00e9s ES-GT kivitelek imm\u00e1r 17 colos k\u00f6nny\u0171f\u00e9m felniket kaptak, \u00e9s h\u00e1rom \u00faj sz\u00ednt \u2013 Alabaster Silver, Graphite Lustre Metallic \u00e9s Celestial Blue Pearl \u2013 vezettek be az opci\u00f3k k\u00f6z\u00e9.<\/p>\n<p>Mint kor\u00e1bban, az Accord k\u00e9tf\u00e9le karossz\u00e9ri\u00e1val volt el\u00e9rhet\u0151: a szed\u00e1n \u00e9s a kombi, ut\u00f3bbi tov\u00e1bbra is a Tourer nevet viselte. Ugyanakkor ezek m\u00e1r nem k\u00fcl\u00f6nb\u00f6z\u0151 tengelyt\u00e1vval k\u00e9sz\u00fcltek, ami azt jelenti, hogy a Tourer nem t\u0171nik t\u00f6bb\u00e9 \u201erep\u00fcl\u0151 kopors\u00f3nak\u201d, viszont a csomagt\u00e9r kapacit\u00e1sa ennek k\u00f6vetkezt\u00e9ben n\u00e9mileg cs\u00f6kkent.<br \/>\nA fut\u00f3m\u0171 tekintet\u00e9ben az Accord val\u00f3ban pr\u00e9mium szintet k\u00e9pviselt: el\u00f6l kett\u0151s keresztleng\u0151karos, h\u00e1tul t\u00f6bbleng\u0151karos felf\u00fcggeszt\u00e9s biztos\u00edtotta a kimagasl\u00f3 tengelykontrollt \u00e9s \u00fattart\u00e1st.<\/p>\n","protected":false},"excerpt":{"rendered":"<p>A teljesen alaptalan elm\u00e9let vill\u00e1mgyorsan elterjedt az interneten, f\u0151k\u00e9nt az amerikai alt-right k\u00f6reiben. Egy kommentel\u0151 ironikusan megjegyezte: \u201eA p\u00e1pa nemcsak&#8230; <span class=\"gridview-grid-post-read-more\"><a href=\"https:\/\/online-filmkatarzis.com\/kucko\/hirek\/hihetetlen-dolog-derult-ki-az-uj-paparol\/\">read more<span class=\"gridview-sr-only\"> Hihetetlen dolog der\u00fclt ki az \u00faj P\u00e1p\u00e1r\u00f3l!<\/span><\/a><\/span><\/p>\n","protected":false},"author":1,"featured_media":2007,"comment_status":"open","ping_status":"open","sticky":false,"template":"","format":"standard","meta":{"footnotes":""},"categories":[1],"tags":[],"class_list":["post-2006","post","type-post","status-publish","format-standard","has-post-thumbnail","hentry","category-egyeb","wpcat-1-id"],"_links":{"self":[{"href":"https:\/\/online-filmkatarzis.com\/kucko\/hirek\/wp-json\/wp\/v2\/posts\/2006","targetHints":{"allow":["GET"]}}],"collection":[{"href":"https:\/\/online-filmkatarzis.com\/kucko\/hirek\/wp-json\/wp\/v2\/posts"}],"about":[{"href":"https:\/\/online-filmkatarzis.com\/kucko\/hirek\/wp-json\/wp\/v2\/types\/post"}],"author":[{"embeddable":true,"href":"https:\/\/online-filmkatarzis.com\/kucko\/hirek\/wp-json\/wp\/v2\/users\/1"}],"replies":[{"embeddable":true,"href":"https:\/\/online-filmkatarzis.com\/kucko\/hirek\/wp-json\/wp\/v2\/comments?post=2006"}],"version-history":[{"count":1,"href":"https:\/\/online-filmkatarzis.com\/kucko\/hirek\/wp-json\/wp\/v2\/posts\/2006\/revisions"}],"predecessor-version":[{"id":2008,"href":"https:\/\/online-filmkatarzis.com\/kucko\/hirek\/wp-json\/wp\/v2\/posts\/2006\/revisions\/2008"}],"wp:featuredmedia":[{"embeddable":true,"href":"https:\/\/online-filmkatarzis.com\/kucko\/hirek\/wp-json\/wp\/v2\/media\/2007"}],"wp:attachment":[{"href":"https:\/\/online-filmkatarzis.com\/kucko\/hirek\/wp-json\/wp\/v2\/media?parent=2006"}],"wp:term":[{"taxonomy":"category","embeddable":true,"href":"https:\/\/online-filmkatarzis.com\/kucko\/hirek\/wp-json\/wp\/v2\/categories?post=2006"},{"taxonomy":"post_tag","embeddable":true,"href":"https:\/\/online-filmkatarzis.com\/kucko\/hirek\/wp-json\/wp\/v2\/tags?post=2006"}],"curies":[{"name":"wp","href":"https:\/\/api.w.org\/{rel}","templated":true}]}}