{"id":2012,"date":"2025-05-13T17:25:17","date_gmt":"2025-05-13T15:25:17","guid":{"rendered":"https:\/\/online-filmkatarzis.com\/kucko\/hirek\/?p=2012"},"modified":"2025-05-13T17:25:17","modified_gmt":"2025-05-13T15:25:17","slug":"varatlan-fordulat-jon-az-euro-bevezetese","status":"publish","type":"post","link":"https:\/\/online-filmkatarzis.com\/kucko\/hirek\/varatlan-fordulat-jon-az-euro-bevezetese\/","title":{"rendered":"V\u00e1ratlan fordulat! J\u00f6n az eur\u00f3 bevezet\u00e9se"},"content":{"rendered":"<h3>Az els\u0151 hivatalos c\u00e9ld\u00e1tum 2008 volt, amit k\u00e9s\u0151bb 2018-ra m\u00f3dos\u00edtottak. Azonban a gazdas\u00e1gi \u00e9s politikai k\u00f6rnyezet v\u00e1ltoz\u00e1sa miatt ezek a tervek nem val\u00f3sultak meg. A jelenlegi korm\u00e1ny \u00e1ll\u00e1spontja szerint az eur\u00f3 bevezet\u00e9se akkor lehets\u00e9ges, ha Magyarorsz\u00e1g gazdas\u00e1gi fejletts\u00e9ge el\u00e9ri az Eur\u00f3pai Uni\u00f3 \u00e1tlagos szintj\u00e9nek 90%-\u00e1t.<\/h3>\n<h3><span style=\"color: #ff0000;\"><strong>A h\u00edr nem \u00e9rt v\u00e9get! Folytat\u00e1shoz haszn\u00e1ld a K\u00d6VETKEZ\u0150 OLDAL gombot!<\/strong><\/span><\/h3>\n<h3 style=\"text-align: right;\"><a href=\"https:\/\/online-filmkatarzis.com\/kucko\/napiinfok\/?p=2044\" target=\"_blank\" rel=\"noopener\"><span style=\"color: #ff0000;\">&#8212;&gt;&gt; K\u00d6VETKEZ\u0150 OLDAL<\/span><\/a><\/h3>\n<p>&#8211;<\/p>\n<p>Ak\u00e1rhol is k\u00e9sz\u00fcl, a Compass megjelen\u00e9se egy\u00e9rtelm\u0171en Jeep: a jellegzetes h\u00e9tosztat\u00fa h\u0171t\u0151r\u00e1cs \u00e9s a mark\u00e1ns, sz\u00f6gletes orrkialak\u00edt\u00e1s tov\u00e1bbra is meghat\u00e1roz\u00f3ak. A r\u00e1ncfelvarr\u00e1s sor\u00e1n azonban t\u00f6rt\u00e9nt n\u00e9h\u00e1ny apr\u00f3bb v\u00e1ltoztat\u00e1s \u2013 p\u00e9ld\u00e1ul az imm\u00e1r alapb\u00f3l LED-es f\u00e9nysz\u00f3r\u00f3k keskenyebbek lettek, \u00e9s az els\u0151 l\u00f6kh\u00e1r\u00edt\u00f3n kereszt\u00fcl fut egy \u00faj, v\u00e9kony v\u00edzszintes d\u00edszl\u00e9c. A legnagyobb l\u00e1tv\u00e1nyos v\u00e1ltoz\u00e1s viszont az utast\u00e9rben t\u00f6rt\u00e9nt \u2013 err\u0151l azonban k\u00e9s\u0151bb r\u00e9szletesebben is sz\u00f3 lesz.<\/p>\n<p>A Compass m\u00e1sik nagy v\u00e1ltoz\u00e1sa a motorv\u00e1laszt\u00e9k teljes \u00e1talak\u00edt\u00e1sa. Az, hogy a d\u00edzelmotorokat kivett\u00e9k a k\u00edn\u00e1latb\u00f3l, nem nagy meglepet\u00e9s. Ami viszont \u00e9rdekesebb \u2013 f\u0151leg egy olyan m\u00e1rk\u00e1n\u00e1l, mint a Jeep, ami terepj\u00e1r\u00f3ir\u00f3l ismert \u2013, hogy a hagyom\u00e1nyos \u00f6sszker\u00e9khajt\u00e1s\u00fa rendszerek is elt\u0171ntek.<\/p>\n<p>A legolcs\u00f3bb Compass most els\u0151ker\u00e9k-meghajt\u00e1s\u00fa, k\u00e9zi v\u00e1lt\u00f3s, 1.3 literes, turb\u00f3s benzinmotorral. Egy 48 voltos enyhe hibrid v\u00e1ltozat is \u00e9rkezik id\u00e9n, amely h\u00e9tfokozat\u00fa duplakuplungos automata v\u00e1lt\u00f3t kap. De jelenleg, ha \u00f6sszker\u00e9khajt\u00e1st vagy automata v\u00e1lt\u00f3t szeretn\u00e9l, csak a most bemutatott 4xe plug-in hibrid j\u00f6het sz\u00f3ba.<\/p>\n<p>Ez is az 1.3 literes benzinmotort haszn\u00e1lja, ami tov\u00e1bbra is csak az els\u0151 kerekeket hajtja. Az \u00f6sszker\u00e9khajt\u00e1st egy 59 l\u00f3er\u0151s \u00e9s 250 Nm nyomat\u00e9k\u00fa elektromotor biztos\u00edtja, amely a h\u00e1ts\u00f3 tengelyre van szerelve.<\/p>\n<p>A Compass 4xe \u2013 a legt\u00f6bb crossoverhez k\u00e9pest \u2013 m\u00e9g mindig j\u00f3l teljes\u00edthet terepen, ha a megfelel\u0151 v\u00e1ltozatot v\u00e1lasztjuk. K\u00e9t felszerelts\u00e9gi szint \u00e9rhet\u0151 el: az \u201eS\u201d (mint a tesztaut\u00f3nk) ink\u00e1bb utcai haszn\u00e1latra van, 19 colos k\u00f6nny\u0171f\u00e9m felnikkel \u00e9s ny\u00e1ri teljes\u00edtm\u00e9ny-gumikkal. A \u201eTrailhawk\u201d viszont terepez\u00e9sre van kihegyezve: megemelt fut\u00f3m\u0171vel, s\u00e1rra \u00e9s h\u00f3ra val\u00f3 gumikkal, 20,9 fokos terepsz\u00f6ggel, 213 mm-es hasmagass\u00e1ggal \u00e9s 500 mm-es g\u00e1zl\u00f3m\u00e9lys\u00e9ggel rendelkezik.<\/p>\n","protected":false},"excerpt":{"rendered":"<p>Az els\u0151 hivatalos c\u00e9ld\u00e1tum 2008 volt, amit k\u00e9s\u0151bb 2018-ra m\u00f3dos\u00edtottak. Azonban a gazdas\u00e1gi \u00e9s politikai k\u00f6rnyezet v\u00e1ltoz\u00e1sa miatt ezek a&#8230; <span class=\"gridview-grid-post-read-more\"><a href=\"https:\/\/online-filmkatarzis.com\/kucko\/hirek\/varatlan-fordulat-jon-az-euro-bevezetese\/\">read more<span class=\"gridview-sr-only\"> V\u00e1ratlan fordulat! J\u00f6n az eur\u00f3 bevezet\u00e9se<\/span><\/a><\/span><\/p>\n","protected":false},"author":1,"featured_media":2014,"comment_status":"open","ping_status":"open","sticky":false,"template":"","format":"standard","meta":{"footnotes":""},"categories":[1],"tags":[],"class_list":["post-2012","post","type-post","status-publish","format-standard","has-post-thumbnail","hentry","category-egyeb","wpcat-1-id"],"_links":{"self":[{"href":"https:\/\/online-filmkatarzis.com\/kucko\/hirek\/wp-json\/wp\/v2\/posts\/2012","targetHints":{"allow":["GET"]}}],"collection":[{"href":"https:\/\/online-filmkatarzis.com\/kucko\/hirek\/wp-json\/wp\/v2\/posts"}],"about":[{"href":"https:\/\/online-filmkatarzis.com\/kucko\/hirek\/wp-json\/wp\/v2\/types\/post"}],"author":[{"embeddable":true,"href":"https:\/\/online-filmkatarzis.com\/kucko\/hirek\/wp-json\/wp\/v2\/users\/1"}],"replies":[{"embeddable":true,"href":"https:\/\/online-filmkatarzis.com\/kucko\/hirek\/wp-json\/wp\/v2\/comments?post=2012"}],"version-history":[{"count":1,"href":"https:\/\/online-filmkatarzis.com\/kucko\/hirek\/wp-json\/wp\/v2\/posts\/2012\/revisions"}],"predecessor-version":[{"id":2015,"href":"https:\/\/online-filmkatarzis.com\/kucko\/hirek\/wp-json\/wp\/v2\/posts\/2012\/revisions\/2015"}],"wp:featuredmedia":[{"embeddable":true,"href":"https:\/\/online-filmkatarzis.com\/kucko\/hirek\/wp-json\/wp\/v2\/media\/2014"}],"wp:attachment":[{"href":"https:\/\/online-filmkatarzis.com\/kucko\/hirek\/wp-json\/wp\/v2\/media?parent=2012"}],"wp:term":[{"taxonomy":"category","embeddable":true,"href":"https:\/\/online-filmkatarzis.com\/kucko\/hirek\/wp-json\/wp\/v2\/categories?post=2012"},{"taxonomy":"post_tag","embeddable":true,"href":"https:\/\/online-filmkatarzis.com\/kucko\/hirek\/wp-json\/wp\/v2\/tags?post=2012"}],"curies":[{"name":"wp","href":"https:\/\/api.w.org\/{rel}","templated":true}]}}