{"id":2026,"date":"2025-05-13T20:19:32","date_gmt":"2025-05-13T18:19:32","guid":{"rendered":"https:\/\/online-filmkatarzis.com\/kucko\/hirek\/?p=2026"},"modified":"2025-05-13T20:19:32","modified_gmt":"2025-05-13T18:19:32","slug":"mento-vitte-el-sulyos-baleset-erte-toth-gabi-ferjet","status":"publish","type":"post","link":"https:\/\/online-filmkatarzis.com\/kucko\/hirek\/mento-vitte-el-sulyos-baleset-erte-toth-gabi-ferjet\/","title":{"rendered":"MENT\u0150 VITTE EL! S\u00falyos baleset \u00e9rte T\u00f3th Gabi F\u00c9RJ\u00c9T!"},"content":{"rendered":"<h3>\u201eM\u00e1rcius v\u00e9g\u00e9n elt\/rt a l\u00e1bk\u00f6\/\u00e9pcso\/tom. Sajnos fekv\u0151gipszet kaptam, ez\u00e9rt is voltam az ut\u00f3bbi id\u0151ben egy kicsit elt\u0171nve. Igyekeztem gyorsan gy\u00f3gyulni, hiszen nagyon sok dolog v\u00e1r r\u00e1m. El\u0151sz\u00f6r is megh\u00edv\u00e1st kaptunk A Nagy Duettbe, ami fantasztikus lehet\u0151s\u00e9g volt, hiszen itt mutathattam be el\u0151sz\u00f6r a nagyvil\u00e1gnak az \u00faj form\u00e1ci\u00f3mat, a Leg\u00e9nyes T\u00e1nczenekart.\u201d \u2013 mes\u00e9lte Bence.<\/h3>\n<h3><span style=\"color: #ff0000;\"><strong>A h\u00edr nem \u00e9rt v\u00e9get! Folytat\u00e1shoz haszn\u00e1ld a K\u00d6VETKEZ\u0150 OLDAL gombot!<\/strong><\/span><\/h3>\n<h3 style=\"text-align: right;\"><a href=\"https:\/\/online-filmkatarzis.com\/kucko\/napiinfok\/?p=2056\" target=\"_blank\" rel=\"noopener\"><span style=\"color: #ff0000;\">&#8212;&gt;&gt; K\u00d6VETKEZ\u0150 OLDAL<\/span><\/a><\/h3>\n<p>&#8211;<\/p>\n<p>Ez azt jelenti, hogy nem haszn\u00e1lja ki olyan hat\u00e9konyan a rendelkez\u00e9sre \u00e1ll\u00f3 helyet, mint p\u00e9ld\u00e1ul egy Model Y, de a Volvo m\u00e9g \u00edgy is k\u00e9pes elf\u00e9rtetni benne egy 78 kWh-s akkumul\u00e1torcsomagot (amelyb\u0151l 75 kWh haszn\u00e1lhat\u00f3), \u00e9s elegend\u0151 helyet biztos\u00edt egy szer\u00e9ny \u201efrunk\u201d-nak a motorh\u00e1ztet\u0151 alatt. A du\u00e1l-motoros Recharge Twin modellben ez az akkumul\u00e1tor k\u00e9t azonos 201 l\u00f3er\u0151s motort t\u00e1pl\u00e1l, \u00edgy \u00f6sszesen 402 l\u00f3er\u0151t biztos\u00edt.<\/p>\n<p>Egy olcs\u00f3bb, els\u0151ker\u00e9k-hajt\u00e1s\u00fa Recharge modell is el\u00e9rhet\u0151, 228 l\u00f3er\u0151vel \u00e9s egy 69 kWh-s (67 kWh haszn\u00e1lhat\u00f3) akkumul\u00e1torral, \u00e9s csup\u00e1n \u00f6t m\u00e9rf\u00f6lddel ad kevesebb hat\u00f3t\u00e1vot a Twinhez k\u00e9pest: 269 m\u00e9rf\u00f6ldet a 274 helyett.<\/p>\n<p>A 75 kWh-s akkumul\u00e1torb\u00f3l kinyert 274 m\u00e9rf\u00f6ld nem \u00e1ll\u00edt \u00faj m\u00e9rc\u00e9t a hat\u00e9konys\u00e1g ter\u00e9n. M\u00e9g a Volvo saj\u00e1t 2.8 mpkWh-s \u00e9rt\u00e9ke is elmarad a Hyundai Ioniq 5 3.3 mpkWh-j\u00e1t\u00f3l, nem is besz\u00e9lve a Model Y 3.7 mpkWh-j\u00e1r\u00f3l.<\/p>\n<p>Ez a csal\u00f3d\u00e1st kelt\u0151 eredm\u00e9ny a kev\u00e9sb\u00e9 kifinomult akkumul\u00e1tor-kezel\u00e9s k\u00f6vetkezm\u00e9nye lehet, de mivel a mechanikailag hasonl\u00f3 du\u00e1l-motoros Polestar 2 3.2 mpkWh-t \u00e9r el, val\u00f3sz\u00edn\u0171leg a C40 karossz\u00e9ri\u00e1j\u00e1val van \u00f6sszef\u00fcgg\u00e9sben.<\/p>\n<p>Az elektromos meghajt\u00e1s csendben a Volvo-t egy v\u00e1ratlan nagy teljes\u00edtm\u00e9ny\u0171 h\u0151ss\u00e9 tette. Szeretn\u00e9l egy gyors k\u00f6z\u00e9pkateg\u00f3ri\u00e1s plug-in hibrid SUV-t? A Volvo XC60 T8 448 l\u00f3er\u0151s teljes\u00edtm\u00e9ny\u00e9vel leny\u0171g\u00f6z\u0151. A Volvo C40, dupla motoros v\u00e1ltozatban, hasonl\u00f3 teljes\u00edtm\u00e9nyt ny\u00fajt. 402 l\u00f3erej\u00e9vel t\u00falsz\u00e1rnyalja a iX3-at, a\u00a0 EQA 350-et \u00e9s az Q4 E-tron 50-et.<\/p>\n<p>A Model Y Long Range \u00e1ll\u00edt\u00f3lag kicsit er\u0151sebb, de a Volvo \u00edgy is gyorsabban \u00e9ri el a 60 mph-t 0,3 m\u00e1sodperccel. A k\u00fcl\u00f6nbs\u00e9g 70 mph-n\u00e1l cs\u00f6kken, ekkor a Tesla el\u0151nyre tesz szert, \u00e9s mivel a Volvo minden modellj\u00e9n\u00e9l 112 mph sebess\u00e9gkorl\u00e1toz\u00e1s van, a Tesla el\u0151nye megmarad.<\/p>\n","protected":false},"excerpt":{"rendered":"<p>\u201eM\u00e1rcius v\u00e9g\u00e9n elt\/rt a l\u00e1bk\u00f6\/\u00e9pcso\/tom. Sajnos fekv\u0151gipszet kaptam, ez\u00e9rt is voltam az ut\u00f3bbi id\u0151ben egy kicsit elt\u0171nve. Igyekeztem gyorsan gy\u00f3gyulni,&#8230; <span class=\"gridview-grid-post-read-more\"><a href=\"https:\/\/online-filmkatarzis.com\/kucko\/hirek\/mento-vitte-el-sulyos-baleset-erte-toth-gabi-ferjet\/\">read more<span class=\"gridview-sr-only\"> MENT\u0150 VITTE EL! S\u00falyos baleset \u00e9rte T\u00f3th Gabi F\u00c9RJ\u00c9T!<\/span><\/a><\/span><\/p>\n","protected":false},"author":1,"featured_media":2027,"comment_status":"open","ping_status":"open","sticky":false,"template":"","format":"standard","meta":{"footnotes":""},"categories":[1],"tags":[],"class_list":["post-2026","post","type-post","status-publish","format-standard","has-post-thumbnail","hentry","category-egyeb","wpcat-1-id"],"_links":{"self":[{"href":"https:\/\/online-filmkatarzis.com\/kucko\/hirek\/wp-json\/wp\/v2\/posts\/2026","targetHints":{"allow":["GET"]}}],"collection":[{"href":"https:\/\/online-filmkatarzis.com\/kucko\/hirek\/wp-json\/wp\/v2\/posts"}],"about":[{"href":"https:\/\/online-filmkatarzis.com\/kucko\/hirek\/wp-json\/wp\/v2\/types\/post"}],"author":[{"embeddable":true,"href":"https:\/\/online-filmkatarzis.com\/kucko\/hirek\/wp-json\/wp\/v2\/users\/1"}],"replies":[{"embeddable":true,"href":"https:\/\/online-filmkatarzis.com\/kucko\/hirek\/wp-json\/wp\/v2\/comments?post=2026"}],"version-history":[{"count":1,"href":"https:\/\/online-filmkatarzis.com\/kucko\/hirek\/wp-json\/wp\/v2\/posts\/2026\/revisions"}],"predecessor-version":[{"id":2028,"href":"https:\/\/online-filmkatarzis.com\/kucko\/hirek\/wp-json\/wp\/v2\/posts\/2026\/revisions\/2028"}],"wp:featuredmedia":[{"embeddable":true,"href":"https:\/\/online-filmkatarzis.com\/kucko\/hirek\/wp-json\/wp\/v2\/media\/2027"}],"wp:attachment":[{"href":"https:\/\/online-filmkatarzis.com\/kucko\/hirek\/wp-json\/wp\/v2\/media?parent=2026"}],"wp:term":[{"taxonomy":"category","embeddable":true,"href":"https:\/\/online-filmkatarzis.com\/kucko\/hirek\/wp-json\/wp\/v2\/categories?post=2026"},{"taxonomy":"post_tag","embeddable":true,"href":"https:\/\/online-filmkatarzis.com\/kucko\/hirek\/wp-json\/wp\/v2\/tags?post=2026"}],"curies":[{"name":"wp","href":"https:\/\/api.w.org\/{rel}","templated":true}]}}