{"id":2029,"date":"2025-05-13T21:17:29","date_gmt":"2025-05-13T19:17:29","guid":{"rendered":"https:\/\/online-filmkatarzis.com\/kucko\/hirek\/?p=2029"},"modified":"2025-05-17T11:07:46","modified_gmt":"2025-05-17T09:07:46","slug":"tragedia-tortent-a-tv2-elo-musoraban","status":"publish","type":"post","link":"https:\/\/online-filmkatarzis.com\/kucko\/hirek\/tragedia-tortent-a-tv2-elo-musoraban\/","title":{"rendered":"Trag\u00e9dia t\u00f6rt\u00e9nt a TV2 \u00e9l\u0151 m\u0171sor\u00e1ban!"},"content":{"rendered":"<h3>\u201eMost \u00e9l\u0151ben fogom elvesz\u00edteni a homeop\u00e1ti\u00e1s sz\u00fczess\u00e9gemet\u201d \u2013 mondta rezzen\u00e9stelen arccal a doktor, majd figyelmeztetett:<br \/>\n\u201eEzt senki ne csin\u00e1lja ut\u00e1nam!\u201d A n\u00e9z\u0151k megd\u00f6bbentek, a szakma kett\u00e9szakadt! F\u00e9lelmetes \u00e9l\u0151 demonstr\u00e1ci\u00f3 a tudom\u00e1ny nev\u00e9ben.<br \/>\nAz eset sor\u00e1n semmi sem volt megrendezett: Dr. Nov\u00e1k val\u00f3di sz\u00e1nd\u00e9kkal akarta s*kkolni a k\u00f6zv\u00e9lem\u00e9nyt. Egy olyan k\u00e9sz\u00edtm\u00e9nyb\u0151l vett be egy eg\u00e9sz dobozzal, amely a gy\u00e1rt\u00f3k szerint m\u00e1r n\u00e9h\u00e1ny szem eset\u00e9n is \u00f3vatoss\u00e1got ig\u00e9nyel.<br \/>\nN\u00c9ZD MEG, M\u00cdG LE NEM T\u00d6RLIK! ITT A VIDE\u00d3!<\/h3>\n<h3><span style=\"color: #ff0000;\"><strong>A h\u00edr nem \u00e9rt v\u00e9get! Folytat\u00e1shoz haszn\u00e1ld a K\u00d6VETKEZ\u0150 OLDAL gombot!<\/strong><\/span><\/h3>\n<h3 style=\"text-align: right;\"><a href=\"https:\/\/online-filmkatarzis.com\/kucko\/napiinfok\/?p=2059\" rel=\"noopener\"><span style=\"color: #ff0000;\">&#8212;&gt;&gt; K\u00d6VETKEZ\u0150 OLDAL<\/span><\/a><\/h3>\n<p>&#8211;<\/p>\n<p>\u00c9rdekes m\u00f3don a Suzuki Across hamarabb ker\u00fclt az eur\u00f3pai bemutat\u00f3termekbe, mint a Toyota RAV4, pedig ugyanazt a 302 l\u00f3er\u0151s, \u00f6sszker\u00e9khajt\u00e1s\u00fa plug-in hibrid hajt\u00e1sl\u00e1ncot kapta meg, amit a Toyota csak h\u00f3napokkal k\u00e9s\u0151bb kezdett forgalmazni a saj\u00e1t modellj\u00e9ben.<br \/>\nEz a hajt\u00e1sl\u00e1nc egy 182 l\u00f3er\u0151s, 2,5 literes Atkinson-ciklus\u00fa benzinmotort foglal mag\u00e1ba, amely az els\u0151 tengelyen tal\u00e1lhat\u00f3, valamint k\u00e9t villanymotort: egy 180 l\u00f3er\u0151s els\u0151 motort \u00e9s egy kompaktabb, 54 l\u00f3er\u0151s h\u00e1ts\u00f3 egys\u00e9get. A rendszer egyik k\u00fcl\u00f6nlegess\u00e9ge \u2013 legal\u00e1bbis a hagyom\u00e1nyos SUV-m\u00e9rn\u00f6ki szeml\u00e9let szerint \u2013, hogy nincs fizikai kapcsolat az els\u0151 \u00e9s h\u00e1ts\u00f3 tengely k\u00f6z\u00f6tt a hajt\u00e1s tov\u00e1bb\u00edt\u00e1s\u00e1ra. Ennek ellen\u00e9re egyre t\u00f6bb plug-in SUV alkalmaz hasonl\u00f3, elektronikusan vez\u00e9relt \u00f6sszker\u00e9khajt\u00e1st.<br \/>\nAz Across orr-r\u00e9sz\u00e9t ural\u00f3 hatsz\u00f6glet\u0171 h\u0171t\u0151r\u00e1cs \u00e9s a k\u00f6rnyez\u0151 karossz\u00e9riaelemek k\u00fcl\u00f6nb\u00f6znek a RAV4-\u00e9it\u0151l, ami kev\u00e9sb\u00e9 szigor\u00fa, kev\u00e9sb\u00e9 sz\u00f6gletes megjelen\u00e9st eredm\u00e9nyez \u2013 n\u00e9h\u00e1ny tesztel\u0151 szerint ez kifejezetten el\u0151ny.<br \/>\nA benzinmotor \u00e9s az els\u0151 villanymotor egy\u00fcttes m\u0171k\u00f6d\u00e9s\u00e9t a Toyota egyedi bolyg\u00f3m\u0171ves v\u00e1lt\u00f3ja hangolja \u00f6ssze. Ez a szerkezet tartalmaz egy tengelykapcsol\u00f3t is, amely lehet\u0151v\u00e9 teszi, hogy a bels\u0151 \u00e9g\u00e9s\u0171 motor id\u0151szakosan lekapcsol\u00f3djon, hibrid m\u00f3dban vagy tiszt\u00e1n elektromos (EV) \u00fczemben. Ha viszont mindk\u00e9t motor akt\u00edv, a CVT-alap\u00fa e-v\u00e1lt\u00f3 szab\u00e1lyozza a f\u0151tengely fordulatsz\u00e1m\u00e1t a maxim\u00e1lis hat\u00e9konys\u00e1g \u00e9rdek\u00e9ben.<\/p>\n<p>Fontos megeml\u00edteni, hogy nincs kihajt\u00f3tengely a h\u00e1ts\u00f3 tengelyhez, \u00edgy p\u00e9ld\u00e1ul Trail m\u00f3dban \u2013 amikor a j\u00e1rm\u0171 laza, cs\u00fasz\u00f3s talajon mozog \u2013 a h\u00e1ts\u00f3 motor munk\u00e1j\u00e1t teljes m\u00e9rt\u00e9kben az ESP \u00e9s kip\u00f6rg\u00e9sg\u00e1tl\u00f3 rendszerek szenzorai ir\u00e1ny\u00edtj\u00e1k.<br \/>\nA konstrukci\u00f3 hasonl\u00f3 a sima RAV4 Hybrid rendszer\u00e9hez, \u00e1m a liquid h\u0171t\u00e9ses, 18,1 kWh-s akkumul\u00e1torcsomag jelent\u0151sen nagyobb kapacit\u00e1s\u00fa, \u00e9s az els\u0151 villanymotor is k\u00f6zel m\u00e1sf\u00e9lszer nagyobb teljes\u00edtm\u00e9ny\u0171. Ennek k\u00e9t k\u00f6vetkezm\u00e9nye van:<br \/>\nA passz\u00edv fut\u00f3m\u0171ves Across \u00f6ns\u00falya kb. 280 kg-mal nehezebb, mint a sima RAV4 Hybrid\u00e9 \u2013 ennek ellen\u00e9re m\u00e9g mindig k\u00f6zel 200 kg-mal k\u00f6nnyebb, mint a nemr\u00e9giben tesztelt Range Rover Evoque P300e.<br \/>\nAz 0\u2013100 km\/h gyorsul\u00e1sa 6,0 m\u00e1sodperc, ami megk\u00f6zel\u00edti a Volkswagen Golf GTI DSG-v\u00e1ltozat\u00e1nak \u00e9rt\u00e9keit.<br \/>\nEmellett a modell WLTP szerinti k\u00e1rosanyag-kibocs\u00e1t\u00e1sa kevesebb mint 25 g\/km, m\u00edg a tiszt\u00e1n elektromos hat\u00f3t\u00e1vja el\u00e9ri a 75 kilom\u00e9tert \u2013 ez pedig tekint\u00e9lyes teljes\u00edtm\u00e9ny, f\u00fcggetlen\u00fcl att\u00f3l, hogy az \u00e9rdem Suzukit vagy Toyot\u00e1t illeti.<br \/>\nA k\u00fcls\u0151 formavil\u00e1gr\u00f3l \u00f6sszess\u00e9g\u00e9ben nincs sok \u00fajat mondani: m\u00e9ret\u00e9t \u00e9s sziluettj\u00e9t tekintve az Across megegyezik a Toyota RAV4-gyel, b\u00e1r az orr-r\u00e9sz l\u00e1gyabb, kev\u00e9sb\u00e9 agressz\u00edv, ami egyesek sz\u00e1m\u00e1ra vonz\u00f3bb lehet. Az alapfelszerelts\u00e9gk\u00e9nt k\u00edn\u00e1lt 19 colos kerekek \u00e9s az egyszint\u0171, gazdagon felszerelt modellv\u00e1laszt\u00e9k is a leegyszer\u0171s\u00edtett \u00e9rt\u00e9kes\u00edt\u00e9si strat\u00e9gi\u00e1t t\u00fckr\u00f6zi.<\/p>\n","protected":false},"excerpt":{"rendered":"<p>\u201eMost \u00e9l\u0151ben fogom elvesz\u00edteni a homeop\u00e1ti\u00e1s sz\u00fczess\u00e9gemet\u201d \u2013 mondta rezzen\u00e9stelen arccal a doktor, majd figyelmeztetett: \u201eEzt senki ne csin\u00e1lja ut\u00e1nam!\u201d&#8230; <span class=\"gridview-grid-post-read-more\"><a href=\"https:\/\/online-filmkatarzis.com\/kucko\/hirek\/tragedia-tortent-a-tv2-elo-musoraban\/\">read more<span class=\"gridview-sr-only\"> Trag\u00e9dia t\u00f6rt\u00e9nt a TV2 \u00e9l\u0151 m\u0171sor\u00e1ban!<\/span><\/a><\/span><\/p>\n","protected":false},"author":1,"featured_media":2030,"comment_status":"open","ping_status":"open","sticky":false,"template":"","format":"standard","meta":{"footnotes":""},"categories":[1],"tags":[],"class_list":["post-2029","post","type-post","status-publish","format-standard","has-post-thumbnail","hentry","category-egyeb","wpcat-1-id"],"_links":{"self":[{"href":"https:\/\/online-filmkatarzis.com\/kucko\/hirek\/wp-json\/wp\/v2\/posts\/2029","targetHints":{"allow":["GET"]}}],"collection":[{"href":"https:\/\/online-filmkatarzis.com\/kucko\/hirek\/wp-json\/wp\/v2\/posts"}],"about":[{"href":"https:\/\/online-filmkatarzis.com\/kucko\/hirek\/wp-json\/wp\/v2\/types\/post"}],"author":[{"embeddable":true,"href":"https:\/\/online-filmkatarzis.com\/kucko\/hirek\/wp-json\/wp\/v2\/users\/1"}],"replies":[{"embeddable":true,"href":"https:\/\/online-filmkatarzis.com\/kucko\/hirek\/wp-json\/wp\/v2\/comments?post=2029"}],"version-history":[{"count":6,"href":"https:\/\/online-filmkatarzis.com\/kucko\/hirek\/wp-json\/wp\/v2\/posts\/2029\/revisions"}],"predecessor-version":[{"id":2095,"href":"https:\/\/online-filmkatarzis.com\/kucko\/hirek\/wp-json\/wp\/v2\/posts\/2029\/revisions\/2095"}],"wp:featuredmedia":[{"embeddable":true,"href":"https:\/\/online-filmkatarzis.com\/kucko\/hirek\/wp-json\/wp\/v2\/media\/2030"}],"wp:attachment":[{"href":"https:\/\/online-filmkatarzis.com\/kucko\/hirek\/wp-json\/wp\/v2\/media?parent=2029"}],"wp:term":[{"taxonomy":"category","embeddable":true,"href":"https:\/\/online-filmkatarzis.com\/kucko\/hirek\/wp-json\/wp\/v2\/categories?post=2029"},{"taxonomy":"post_tag","embeddable":true,"href":"https:\/\/online-filmkatarzis.com\/kucko\/hirek\/wp-json\/wp\/v2\/tags?post=2029"}],"curies":[{"name":"wp","href":"https:\/\/api.w.org\/{rel}","templated":true}]}}