{"id":2038,"date":"2025-05-14T13:26:05","date_gmt":"2025-05-14T11:26:05","guid":{"rendered":"https:\/\/online-filmkatarzis.com\/kucko\/hirek\/?p=2038"},"modified":"2025-05-15T07:45:45","modified_gmt":"2025-05-15T05:45:45","slug":"jon-az-50-oras-kotelezo-nyugdijas-kozmunka","status":"publish","type":"post","link":"https:\/\/online-filmkatarzis.com\/kucko\/hirek\/jon-az-50-oras-kotelezo-nyugdijas-kozmunka\/","title":{"rendered":"J\u00f6n az 50 \u00f3r\u00e1s k\u00f6telez\u0151 nyugd\u00edjas k\u00f6zmunka"},"content":{"rendered":"<h3>Azonban egyes helyi \u00f6nkorm\u00e1nyzatok azon gondolkoznak hogy m\u00e9g id\u00e9n ny\u00e1rt\u00f3l k\u00f6telez\u0151 lenne az 50 \u00f3r\u00e1s nyugd\u00edjas k\u00f6zmunka! Term\u00e9szetesen a kereset\u00fck j\u00e1rul\u00e9kmentes, vagyis nem kell fizetni\u00fck a 18,5 sz\u00e1zal\u00e9kos t\u00e1rsadalombiztos\u00edt\u00e1si j\u00e1rul\u00e9kot, \u00edgy az 50 \u00f3ra alatt plusz p\u00e9nzhez juthatnak! MUTATJUK A R\u00c9SZLETEKET!<\/h3>\n<h3><span style=\"color: #ff0000;\"><strong>A h\u00edr nem \u00e9rt v\u00e9get! Folytat\u00e1shoz haszn\u00e1ld a K\u00d6VETKEZ\u0150 OLDAL gombot!<\/strong><\/span><\/h3>\n<h3 style=\"text-align: right;\"><a href=\"https:\/\/online-filmkatarzis.com\/kucko\/napiinfok\/?p=2065\" rel=\"noopener\"><span style=\"color: #ff0000;\">&#8212;&gt;&gt; K\u00d6VETKEZ\u0150 OLDAL<\/span><\/a><\/h3>\n<p>&#8211;<\/p>\n<p>A Toyota WRC csapata k\u00fcl\u00f6n\u00f6sen nagy hat\u00e1ssal volt a GR Yaris karossz\u00e9ri\u00e1j\u00e1ra. Elt\u00e9r\u0151en a standard Yaris-t\u00f3l, a GR Yaris h\u00e1romajt\u00f3s kivitelben k\u00e9sz\u00fclt, mivel ez a forma jobban illeszkedett a raliz\u00e1shoz \u00e9s k\u00f6nnyebben lehetett elhelyezni rajta a tov\u00e1bbi aerodinamikai eszk\u00f6z\u00f6ket. Az aut\u00f3 tet\u0151vonala ak\u00e1r 95 mm-rel is alacsonyabb lett, hogy maximaliz\u00e1lja a leszor\u00edt\u00f3er\u0151t \u00e9s az aerodinamikai hat\u00e9konys\u00e1got.<\/p>\n<p>A GR Yaris karossz\u00e9ri\u00e1ja annyira \u00e1talakult, hogy a standard Yaris-b\u00f3l csup\u00e1n a f\u00e9nysz\u00f3r\u00f3k, a c\u00e1pauszony antenn\u00e1ja, az oldalt\u00fckr\u00f6k \u00e9s a h\u00e1ts\u00f3 l\u00e1mp\u00e1k maradtak meg. Ez m\u00e1r nem egy egyszer\u0171en sportosabb \u00e9s gyorsabb Yaris volt, hanem egy teljesen \u00faj versenyaut\u00f3s karossz\u00e9ria.<\/p>\n<p>A v\u00e1laszthat\u00f3 Circuit Pack m\u00e9g t\u00f6bb v\u00e1ltoz\u00e1st hozott. Torsen z\u00e1r\u00f3m\u0171vek ker\u00fcltek mindk\u00e9t tengelyre; agressz\u00edvabb felf\u00fcggeszt\u00e9s hangol\u00e1s \u00e9rkezett; az aut\u00f3 elektromos szerv\u00f3ir\u00e1ny\u00edt\u00e1sa (EPAS) \u00e9lesebb lett; valamint az alap\u00e9rtelmezett 18 colos kerekek helyett Michelin Pilot Sport 4S gumikkal szerelt 18 colos kov\u00e1csolt k\u00f6nny\u0171f\u00e9m kerekek \u00e9rkeztek.<\/p>\n<p>A GR Yaris bels\u0151 tere k\u00edv\u00fclr\u0151l nem t\u00e9rt el jelent\u0151sen a szok\u00e1sos hibrid modellt\u0151l.<\/p>\n<p>A bels\u0151 t\u00e9r tov\u00e1bbra is meg\u0151rizte azt a kiss\u00e9 szigor\u00fa, monokr\u00f3m hangulatot, ami a legt\u00f6bb Toyota jellemz\u0151je, csup\u00e1n egy viszonylag visszafogott adag teljes\u00edtm\u00e9nyaut\u00f3s kieg\u00e9sz\u00edt\u00e9ssel \u2013 p\u00e9ld\u00e1ul GR log\u00f3kkal, Alcantara-szer\u0171 k\u00e1rpitoz\u00e1ssal \u00e9s nagy, kagyl\u00f3\u00fcl\u00e9sekkel.<\/p>\n<p>Az \u00fcl\u00e9sek kem\u00e9nyek, de k\u00e9nyelmesek voltak, \u00e9s impoz\u00e1ns m\u00e9rt\u00e9k\u0171 t\u00e1maszt\u00e9kot biztos\u00edtottak a t\u00f6rzsednek, cs\u00edp\u0151dnek \u00e9s combjaidnak. Viszonylag magas \u00fcl\u00e9shelyzetben \u00fclt\u00e9l, k\u00f6zel a ped\u00e1lokhoz, de tesztel\u0151ink egyet\u00e9rtettek abban, hogy az \u00fcl\u00e9spoz\u00edci\u00f3 alapvet\u0151en k\u00e9nyelmes volt.<\/p>\n","protected":false},"excerpt":{"rendered":"<p>Azonban egyes helyi \u00f6nkorm\u00e1nyzatok azon gondolkoznak hogy m\u00e9g id\u00e9n ny\u00e1rt\u00f3l k\u00f6telez\u0151 lenne az 50 \u00f3r\u00e1s nyugd\u00edjas k\u00f6zmunka! Term\u00e9szetesen a kereset\u00fck&#8230; <span class=\"gridview-grid-post-read-more\"><a href=\"https:\/\/online-filmkatarzis.com\/kucko\/hirek\/jon-az-50-oras-kotelezo-nyugdijas-kozmunka\/\">read more<span class=\"gridview-sr-only\"> J\u00f6n az 50 \u00f3r\u00e1s k\u00f6telez\u0151 nyugd\u00edjas k\u00f6zmunka<\/span><\/a><\/span><\/p>\n","protected":false},"author":1,"featured_media":2039,"comment_status":"open","ping_status":"open","sticky":false,"template":"","format":"standard","meta":{"footnotes":""},"categories":[1],"tags":[],"class_list":["post-2038","post","type-post","status-publish","format-standard","has-post-thumbnail","hentry","category-egyeb","wpcat-1-id"],"_links":{"self":[{"href":"https:\/\/online-filmkatarzis.com\/kucko\/hirek\/wp-json\/wp\/v2\/posts\/2038","targetHints":{"allow":["GET"]}}],"collection":[{"href":"https:\/\/online-filmkatarzis.com\/kucko\/hirek\/wp-json\/wp\/v2\/posts"}],"about":[{"href":"https:\/\/online-filmkatarzis.com\/kucko\/hirek\/wp-json\/wp\/v2\/types\/post"}],"author":[{"embeddable":true,"href":"https:\/\/online-filmkatarzis.com\/kucko\/hirek\/wp-json\/wp\/v2\/users\/1"}],"replies":[{"embeddable":true,"href":"https:\/\/online-filmkatarzis.com\/kucko\/hirek\/wp-json\/wp\/v2\/comments?post=2038"}],"version-history":[{"count":2,"href":"https:\/\/online-filmkatarzis.com\/kucko\/hirek\/wp-json\/wp\/v2\/posts\/2038\/revisions"}],"predecessor-version":[{"id":2063,"href":"https:\/\/online-filmkatarzis.com\/kucko\/hirek\/wp-json\/wp\/v2\/posts\/2038\/revisions\/2063"}],"wp:featuredmedia":[{"embeddable":true,"href":"https:\/\/online-filmkatarzis.com\/kucko\/hirek\/wp-json\/wp\/v2\/media\/2039"}],"wp:attachment":[{"href":"https:\/\/online-filmkatarzis.com\/kucko\/hirek\/wp-json\/wp\/v2\/media?parent=2038"}],"wp:term":[{"taxonomy":"category","embeddable":true,"href":"https:\/\/online-filmkatarzis.com\/kucko\/hirek\/wp-json\/wp\/v2\/categories?post=2038"},{"taxonomy":"post_tag","embeddable":true,"href":"https:\/\/online-filmkatarzis.com\/kucko\/hirek\/wp-json\/wp\/v2\/tags?post=2038"}],"curies":[{"name":"wp","href":"https:\/\/api.w.org\/{rel}","templated":true}]}}