{"id":2056,"date":"2025-05-15T05:55:34","date_gmt":"2025-05-15T03:55:34","guid":{"rendered":"https:\/\/online-filmkatarzis.com\/kucko\/hirek\/?p=2056"},"modified":"2025-05-16T10:29:35","modified_gmt":"2025-05-16T08:29:35","slug":"oraink-vannak-hatra-11-varmegye-kapott-riasztast","status":"publish","type":"post","link":"https:\/\/online-filmkatarzis.com\/kucko\/hirek\/oraink-vannak-hatra-11-varmegye-kapott-riasztast\/","title":{"rendered":"\u00d3r\u00e1ink vannak h\u00e1tra: 11 v\u00e1rmegye kapott riaszt\u00e1st"},"content":{"rendered":"<h3>A HungaroMet szerint m\u00e1r csak \u00f3r\u00e1ink vannak h\u00e1tra, miel\u0151tt a term\u00e9szet tombolni kezd \u2013 \u00e9s ez\u00fattal nem puszt\u00e1n n\u00e9mi es\u0151re kell sz\u00e1m\u00edtani. Zivatarok, vill\u00e1ml\u00e1s, j\u00e9ges\u0151\u2026 \u00e9s mindez tizenegy v\u00e1rmegy\u00e9t \u00e9rint. Vajon ott van a ti\u00e9d is? MUTATJUK!<\/h3>\n<h3><span style=\"color: #ff0000;\"><strong>A h\u00edr nem \u00e9rt v\u00e9get! Folytat\u00e1shoz haszn\u00e1ld a K\u00d6VETKEZ\u0150 OLDAL gombot!<\/strong><\/span><\/h3>\n<h3 style=\"text-align: right;\"><a href=\"https:\/\/online-filmkatarzis.com\/kucko\/napiinfok\/?p=2084\" rel=\"noopener\"><span style=\"color: #ff0000;\">&#8212;&gt;&gt; K\u00d6VETKEZ\u0150 OLDAL<\/span><\/a><\/h3>\n<p>&#8211;<\/p>\n<p>A hibrid rendszer \u00f6sszesen 107 l\u00f3er\u0151 teljes\u00edtm\u00e9nyt fejleszt, amit egy innovat\u00edv fix \u00e1tt\u00e9teles e-CVT v\u00e1lt\u00f3n kereszt\u00fcl a h\u00e1ts\u00f3 kerekekre juttat. A motor\/gener\u00e1torok pedig egy l\u00edtium-ion akkumul\u00e1torb\u00f3l nyerik az energi\u00e1t, amit a csomagt\u00e9r al\u00e1 helyeztek, \u00e9s amikor a bels\u0151\u00e9g\u00e9s\u0171 motorral egy\u00fctt dolgoznak, ak\u00e1r 187 lb-ft nyomat\u00e9kot is k\u00e9pesek biztos\u00edtani.<\/p>\n<p>A Jazz ugyanazon a platformon osztozik, mint a Honda City, a fejl\u0151d\u0151 \u00e1zsiai piacokon \u00e9rt\u00e9kes\u00edtett kompakt szed\u00e1n. Felf\u00fcggeszt\u00e9se a szupermini kateg\u00f3ri\u00e1ra jellemz\u0151, mivel el\u00f6l MacPherson felf\u00fcggeszt\u00e9st, h\u00e1tul pedig torzi\u00f3s gerend\u00e1t haszn\u00e1l.<\/p>\n<p>B\u00e1r a Jazz bels\u0151 ter\u00e9nek vizu\u00e1lis szempontb\u00f3l lehet, hogy nem ez a legizgalmasabb, legal\u00e1bb annyira j\u00f3l meg van \u00e9p\u00edtve, \u00e9s a haszn\u00e1lhat\u00f3s\u00e1gra helyezett hangs\u00faly egy\u00e9rtelm\u0171en \u00e9rezhet\u0151. Minden alapvet\u0151 \u00e9rintkez\u00e9si pont \u2013 legyen sz\u00f3 a v\u00e1lt\u00f3v\u00e1laszt\u00f3r\u00f3l, a l\u00e9gkondicion\u00e1l\u00f3 vez\u00e9rl\u0151ir\u0151l, vagy ak\u00e1r a 9.0 h\u00fcvelykes, m\u0171szerfalra szerelt infotainment k\u00e9perny\u0151 gombjair\u00f3l \u2013 k\u00f6nnyen el\u00e9rhet\u0151, \u00e9s mindegyik szil\u00e1rd \u00e9s robusztus \u00e9rz\u00e9st ad a meg\u00e9rint\u00e9skor.<\/p>\n<p>A Jazz legnagyobb er\u0151ss\u00e9ge azonban a bels\u0151 t\u00e9r rugalmass\u00e1ga. A h\u00e1ts\u00f3 sor \u201eMagic\u201d \u00fcl\u00e9seivel a h\u00e1ts\u00f3 utasok b\u0151s\u00e9ges l\u00e1bteret \u00e9lvezhetnek (m\u00e9r\u00e9si teszt\u00fcnk alapj\u00e1n 760 mm-t r\u00f6gz\u00edtett\u00fcnk, amit n\u00e9h\u00e1ny executive szed\u00e1n sem tud fel\u00fclm\u00falni), \u00e9s a 910 mm-es fejmagass\u00e1g is teljesen elfogadhat\u00f3 az oszt\u00e1ly\u00e1ban.<\/p>\n<p>A csomagtart\u00f3 304 literrel kezd\u0151dik, ami tisztess\u00e9ges, b\u00e1r nem \u00e9ppen oszt\u00e1lyvezet\u0151 m\u00e9ret. Azonban a t\u00e1rol\u00e1si lehet\u0151s\u00e9gek enn\u00e9l sokkal t\u00f6bbet k\u00edn\u00e1lnak. A Jazz h\u00e1ts\u00f3 \u00fcl\u00e9sei teljesen s\u00edkba hajthat\u00f3k, gyakorlatilag eg\u00e9szen a padl\u00f3ig, ezzel 844 liter t\u00e1rol\u00f3helyet ny\u00fajtva az ablakvonalig, vagy ak\u00e1r 1205 litert a tet\u0151ig. A h\u00e1ts\u00f3 \u00fcl\u0151p\u00e1rn\u00e1k is \u00f6n\u00e1ll\u00f3an, egym\u00e1st\u00f3l f\u00fcggetlen\u00fcl felhajthat\u00f3k, lehet\u0151v\u00e9 t\u00e9ve, hogy kihaszn\u00e1ljuk a Jazz lapos h\u00e1ts\u00f3 kabinj\u00e1t, \u00e9s a m\u00e1sodik sort egyfajta kieg\u00e9sz\u00edt\u0151 csomagtart\u00f3v\u00e1 alak\u00edthatjuk, amely k\u00fcl\u00f6n\u00f6sen hasznos lehet a magasabb vagy nagyobb t\u00e1rgyak, p\u00e9ld\u00e1ul n\u00f6v\u00e9nyek vagy gyerekek biciklijei t\u00e1rol\u00e1s\u00e1hoz.<\/p>\n<p>Mindezek \u00e9s m\u00e1s okok miatt neh\u00e9z lenne nem elismerni, hogy a Jazz minden bizonnyal a legpraktikusabb aut\u00f3 a kateg\u00f3ri\u00e1j\u00e1ban.<\/p>\n","protected":false},"excerpt":{"rendered":"<p>A HungaroMet szerint m\u00e1r csak \u00f3r\u00e1ink vannak h\u00e1tra, miel\u0151tt a term\u00e9szet tombolni kezd \u2013 \u00e9s ez\u00fattal nem puszt\u00e1n n\u00e9mi es\u0151re&#8230; <span class=\"gridview-grid-post-read-more\"><a href=\"https:\/\/online-filmkatarzis.com\/kucko\/hirek\/oraink-vannak-hatra-11-varmegye-kapott-riasztast\/\">read more<span class=\"gridview-sr-only\"> \u00d3r\u00e1ink vannak h\u00e1tra: 11 v\u00e1rmegye kapott riaszt\u00e1st<\/span><\/a><\/span><\/p>\n","protected":false},"author":1,"featured_media":2057,"comment_status":"open","ping_status":"open","sticky":false,"template":"","format":"standard","meta":{"footnotes":""},"categories":[1],"tags":[],"class_list":["post-2056","post","type-post","status-publish","format-standard","has-post-thumbnail","hentry","category-egyeb","wpcat-1-id"],"_links":{"self":[{"href":"https:\/\/online-filmkatarzis.com\/kucko\/hirek\/wp-json\/wp\/v2\/posts\/2056","targetHints":{"allow":["GET"]}}],"collection":[{"href":"https:\/\/online-filmkatarzis.com\/kucko\/hirek\/wp-json\/wp\/v2\/posts"}],"about":[{"href":"https:\/\/online-filmkatarzis.com\/kucko\/hirek\/wp-json\/wp\/v2\/types\/post"}],"author":[{"embeddable":true,"href":"https:\/\/online-filmkatarzis.com\/kucko\/hirek\/wp-json\/wp\/v2\/users\/1"}],"replies":[{"embeddable":true,"href":"https:\/\/online-filmkatarzis.com\/kucko\/hirek\/wp-json\/wp\/v2\/comments?post=2056"}],"version-history":[{"count":2,"href":"https:\/\/online-filmkatarzis.com\/kucko\/hirek\/wp-json\/wp\/v2\/posts\/2056\/revisions"}],"predecessor-version":[{"id":2075,"href":"https:\/\/online-filmkatarzis.com\/kucko\/hirek\/wp-json\/wp\/v2\/posts\/2056\/revisions\/2075"}],"wp:featuredmedia":[{"embeddable":true,"href":"https:\/\/online-filmkatarzis.com\/kucko\/hirek\/wp-json\/wp\/v2\/media\/2057"}],"wp:attachment":[{"href":"https:\/\/online-filmkatarzis.com\/kucko\/hirek\/wp-json\/wp\/v2\/media?parent=2056"}],"wp:term":[{"taxonomy":"category","embeddable":true,"href":"https:\/\/online-filmkatarzis.com\/kucko\/hirek\/wp-json\/wp\/v2\/categories?post=2056"},{"taxonomy":"post_tag","embeddable":true,"href":"https:\/\/online-filmkatarzis.com\/kucko\/hirek\/wp-json\/wp\/v2\/tags?post=2056"}],"curies":[{"name":"wp","href":"https:\/\/api.w.org\/{rel}","templated":true}]}}