{"id":2086,"date":"2025-05-16T18:20:39","date_gmt":"2025-05-16T16:20:39","guid":{"rendered":"https:\/\/online-filmkatarzis.com\/kucko\/hirek\/?p=2086"},"modified":"2025-05-17T12:35:14","modified_gmt":"2025-05-17T10:35:14","slug":"megrazo-hir-erkezett-schmuck-andorrol","status":"publish","type":"post","link":"https:\/\/online-filmkatarzis.com\/kucko\/hirek\/megrazo-hir-erkezett-schmuck-andorrol\/","title":{"rendered":"Megr\u00e1z\u00f3 h\u00edr \u00e9rkezett Schmuck Andorr\u00f3l!"},"content":{"rendered":"<h3>Az ember meglep\u0151dik, amikor r\u00e1j\u00f6n: a s\u00edrfelirat egy \u00e9l\u0151 ember nev\u00e9t \u0151rzi. Schmuck Andor, politikus, \u00fczletember, posztol a saj\u00e1t s\u00edrj\u00e1n\u00e1l. Ott \u00e1ll, ahol egyszer majd nyugodni fog \u2013 de most m\u00e9g egyenes h\u00e1ttal n\u00e9z a kamer\u00e1ba. Bar\u00e1tja, dr. P\u00e1ncz\u00e9l Zolt\u00e1n Tibor, m\u00e1ltai lovag \u00e9s tiszteletbeli konzul hal\u00e1la el\u0151tt k\u00e9rte meg r\u00e1: egyszer majd nyugodjanak egy\u00fctt.<br \/>\n\u00c9s Schmuck \u00edg\u00e9retet tett. Olyannyira, hogy m\u00e1r most felker\u00fclt a neve a k\u0151re. Egy ember, aki saj\u00e1t s\u00edrj\u00e1t l\u00e1togatja \u2013 \u00e9s m\u00e9gsem a hal\u00e1lr\u00f3l besz\u00e9l.<br \/>\n\u201eA s\u00edromn\u00e1l \u00e1llva tudom, hogy farkasszemet n\u00e9zek a hal\u00e1llal, de rengeteg tervem van. Nem f\u00e9lek \u00e9s nem panaszkodom. A t\u00f6bbit majd megl\u00e1tjuk.\u201d \u2013 \u00edrta nemr\u00e9g.<br \/>\nEZT \u00dcZENI A NAGYBETEG Schmuck Andor:<\/h3>\n<h3><span style=\"color: #ff0000;\"><strong>A h\u00edr nem \u00e9rt v\u00e9get! Folytat\u00e1shoz haszn\u00e1ld a K\u00d6VETKEZ\u0150 OLDAL gombot!<\/strong><\/span><\/h3>\n<h3 style=\"text-align: right;\"><a href=\"https:\/\/online-filmkatarzis.com\/kucko\/napiinfok\/?p=2103\" rel=\"noopener\"><span style=\"color: #ff0000;\">&#8212;&gt;&gt; K\u00d6VETKEZ\u0150 OLDAL<\/span><\/a><\/h3>\n<p>&#8211;<\/p>\n<p>Az Alfa Giulia egy k\u00f6nny\u0171, technol\u00f3giailag fejlett \u00e9s er\u0151s szed\u00e1n, amely olyan anyaghaszn\u00e1lattal, fut\u00f3m\u0171-technol\u00f3gi\u00e1val \u00e9s hajt\u00e1sl\u00e1nc-kifinomults\u00e1ggal rendelkezik, hogy a Quadrifoglio v\u00e1ltozat nemcsak er\u0151s poz\u00edci\u00f3ban l\u00e9pett be a kompakt pr\u00e9mium szuper-szed\u00e1n szegmensbe, hanem az\u00f3ta is versenyk\u00e9pes maradt n\u00e9met riv\u00e1lisaival szemben. Van, aki szerint \u2013 mivel a Mercedes-AMG C63 m\u00e1r nem V8-assal k\u00e9sz\u00fcl \u2013 a Giulia most versenyk\u00e9pesebb, mint valaha.<br \/>\nA j\u00e1rm\u0171 als\u00f3 szerkezete t\u00falnyom\u00f3r\u00e9szt ac\u00e9lb\u00f3l k\u00e9sz\u00fclt, de alum\u00edniumot \u00e9s kompozit anyagokat is haszn\u00e1lnak a t\u00f6meg cs\u00f6kkent\u00e9se \u00e9rdek\u00e9ben. Minden Giuli\u00e1ban alum\u00ednium leng\u0151karok \u00e9s seg\u00e9dkeretek, \u00f6nt\u00f6tt alum\u00ednium fut\u00f3m\u0171-tornyok, alum\u00ednium ajt\u00f3k \u00e9s s\u00e1rv\u00e9d\u0151k, valamint sz\u00e9nsz\u00e1las kard\u00e1ntengely tal\u00e1lhat\u00f3.<br \/>\nA Quadrifoglio ezen fel\u00fcl sz\u00e9nsz\u00e1las motorh\u00e1ztet\u0151t kap, opcion\u00e1lisan pedig sz\u00e9nsz\u00e1las tet\u0151t is lehet v\u00e1lasztani, illetve egy akt\u00edv aerodinamikai funkci\u00f3val rendelkez\u0151 sz\u00e9nsz\u00e1las els\u0151 splittert.<br \/>\nAz Alfa 1660 kg-os \u00f6ns\u00falyt ad meg a Quadrifoglio eset\u00e9ben, de 2017-ben a MIRA tesztp\u00e1lya m\u00e9rleg\u00e9n a val\u00f3s t\u00f6meg 1700 kg-nak ad\u00f3dott \u2013 ami m\u00e9g \u00edgy is jelent\u0151sen k\u00f6nnyebb volt a korabeli Mercedes-AMG C63-n\u00e1l, \u00e9s b\u00e1r kevesebbet nyomott, mint a BMW M modellje, a mostani M3 m\u00e1r 1805 kg, \u00edgy a Giulia relat\u00edve m\u00e9g k\u00f6nnyebb lett a mez\u0151nyh\u00f6z k\u00e9pest.<\/p>\n<p>A kiv\u00e1l\u00f3 t\u00f6meg\/teljes\u00edtm\u00e9ny ar\u00e1ny m\u00e1sik oldal\u00e1t a duplaturb\u00f3s V6-os motor adja, amely 2024 elej\u00e9n 10 l\u00f3er\u0151vel er\u0151s\u00f6d\u00f6tt, \u00edgy m\u00e1r 513 l\u00f3er\u0151t ad le 6500\/percn\u00e9l, a nyomat\u00e9kcs\u00facs pedig 600 Nm (443 lb ft) 2500 \u00e9s 5000\/perces fordulat k\u00f6z\u00f6tt \u2013 ugyanez az adat a norm\u00e1l Quadrifogli\u00f3ban is, mint a 2023-as 100. \u00e9vfordul\u00f3s kiad\u00e1sban.<br \/>\nAz Alfa m\u00e9rn\u00f6kei szerint ez az alum\u00ednium motor a Ferrari 3,9 literes duplaturb\u00f3s V8-as\u00e1b\u00f3l mer\u00edtett ihletet, b\u00e1r a t\u00e9ny, hogy a furat-l\u00f6ket ar\u00e1ny, a 90 fokos hengersz\u00f6g, a kompresszi\u00f3viszonyok \u00e9s a turb\u00f3felt\u00f6lt\u0151k (IHI gy\u00e1rtm\u00e1ny) azonosak, arra utal, hogy a kapcsolat enn\u00e9l j\u00f3val szorosabb.<br \/>\nA bevezet\u00e9skor ez az er\u0151forr\u00e1s egy nyomat\u00e9keloszt\u00f3 h\u00e1ts\u00f3 differenci\u00e1lm\u0171v\u00f6n kereszt\u00fcl hajtotta a kerekeket, amely k\u00e9t tengelykapcsol\u00f3 seg\u00edts\u00e9g\u00e9vel 100%-ban b\u00e1rmelyik h\u00e1ts\u00f3 ker\u00e9kre tudta ir\u00e1ny\u00edtani a hajt\u00e1st. 2024-ben azonban ezt egy hagyom\u00e1nyos mechanikus, r\u00e9szlegesen \u00f6nz\u00e1r\u00f3 differenci\u00e1lra cser\u00e9lt\u00e9k \u2013 ez olcs\u00f3bb megold\u00e1s, viszont kisz\u00e1m\u00edthat\u00f3bb \u00e9s line\u00e1risabb m\u0171k\u00f6d\u00e9st biztos\u00edt.<br \/>\nTov\u00e1bbi technikai megold\u00e1sok k\u00f6z\u00e9 tartozik az adapt\u00edv leng\u00e9scsillap\u00edt\u00e1s, a dupla keresztleng\u0151karos els\u0151 fut\u00f3m\u0171, a t\u00f6megtakar\u00e9kos elektromechanikus \u201eby-wire\u201d f\u00e9krendszer, valamint a Magnetti Marelli \u00e1ltal fejlesztett k\u00f6zponti alv\u00e1zvez\u00e9rl\u0151 sz\u00e1m\u00edt\u00f3g\u00e9p, amely a j\u00e1rm\u0171 m\u00e1sodlagos rendszereit hangolja \u00f6ssze.<br \/>\nMinden egyes, az Egyes\u00fclt Kir\u00e1lys\u00e1gba sz\u00e1ll\u00edtott Giulia nyolcfokozat\u00fa automata v\u00e1lt\u00f3val \u00e9rkezik, a 19 colos k\u00f6nny\u0171f\u00e9m ker\u00e9kt\u00e1rcs\u00e1k k\u00e9tf\u00e9le kivitelben \u00e9rhet\u0151k el, m\u00edg a sz\u00e9nker\u00e1mia f\u00e9kt\u00e1rcs\u00e1k opci\u00f3k\u00e9nt rendelhet\u0151k. Az \u00e9vek sor\u00e1n a t\u00edpust mind ezekkel, mind ezek n\u00e9lk\u00fcl is kipr\u00f3b\u00e1lt\u00e1k.<\/p>\n","protected":false},"excerpt":{"rendered":"<p>Az ember meglep\u0151dik, amikor r\u00e1j\u00f6n: a s\u00edrfelirat egy \u00e9l\u0151 ember nev\u00e9t \u0151rzi. Schmuck Andor, politikus, \u00fczletember, posztol a saj\u00e1t s\u00edrj\u00e1n\u00e1l&#8230;. <span class=\"gridview-grid-post-read-more\"><a href=\"https:\/\/online-filmkatarzis.com\/kucko\/hirek\/megrazo-hir-erkezett-schmuck-andorrol\/\">read more<span class=\"gridview-sr-only\"> Megr\u00e1z\u00f3 h\u00edr \u00e9rkezett Schmuck Andorr\u00f3l!<\/span><\/a><\/span><\/p>\n","protected":false},"author":1,"featured_media":2087,"comment_status":"open","ping_status":"open","sticky":false,"template":"","format":"standard","meta":{"footnotes":""},"categories":[1],"tags":[],"class_list":["post-2086","post","type-post","status-publish","format-standard","has-post-thumbnail","hentry","category-egyeb","wpcat-1-id"],"_links":{"self":[{"href":"https:\/\/online-filmkatarzis.com\/kucko\/hirek\/wp-json\/wp\/v2\/posts\/2086","targetHints":{"allow":["GET"]}}],"collection":[{"href":"https:\/\/online-filmkatarzis.com\/kucko\/hirek\/wp-json\/wp\/v2\/posts"}],"about":[{"href":"https:\/\/online-filmkatarzis.com\/kucko\/hirek\/wp-json\/wp\/v2\/types\/post"}],"author":[{"embeddable":true,"href":"https:\/\/online-filmkatarzis.com\/kucko\/hirek\/wp-json\/wp\/v2\/users\/1"}],"replies":[{"embeddable":true,"href":"https:\/\/online-filmkatarzis.com\/kucko\/hirek\/wp-json\/wp\/v2\/comments?post=2086"}],"version-history":[{"count":2,"href":"https:\/\/online-filmkatarzis.com\/kucko\/hirek\/wp-json\/wp\/v2\/posts\/2086\/revisions"}],"predecessor-version":[{"id":2098,"href":"https:\/\/online-filmkatarzis.com\/kucko\/hirek\/wp-json\/wp\/v2\/posts\/2086\/revisions\/2098"}],"wp:featuredmedia":[{"embeddable":true,"href":"https:\/\/online-filmkatarzis.com\/kucko\/hirek\/wp-json\/wp\/v2\/media\/2087"}],"wp:attachment":[{"href":"https:\/\/online-filmkatarzis.com\/kucko\/hirek\/wp-json\/wp\/v2\/media?parent=2086"}],"wp:term":[{"taxonomy":"category","embeddable":true,"href":"https:\/\/online-filmkatarzis.com\/kucko\/hirek\/wp-json\/wp\/v2\/categories?post=2086"},{"taxonomy":"post_tag","embeddable":true,"href":"https:\/\/online-filmkatarzis.com\/kucko\/hirek\/wp-json\/wp\/v2\/tags?post=2086"}],"curies":[{"name":"wp","href":"https:\/\/api.w.org\/{rel}","templated":true}]}}