{"id":2089,"date":"2025-05-16T20:48:58","date_gmt":"2025-05-16T18:48:58","guid":{"rendered":"https:\/\/online-filmkatarzis.com\/kucko\/hirek\/?p=2089"},"modified":"2025-05-16T20:48:58","modified_gmt":"2025-05-16T18:48:58","slug":"megszolalt-a-valasrol-bodi-margo-hat-ezert","status":"publish","type":"post","link":"https:\/\/online-filmkatarzis.com\/kucko\/hirek\/megszolalt-a-valasrol-bodi-margo-hat-ezert\/","title":{"rendered":"Megsz\u00f3lalt a v\u00e1l\u00e1sr\u00f3l B\u00f3di Marg\u00f3 &#8211; H\u00e1t ez\u00e9rt!?"},"content":{"rendered":"<h3>\u201eVoltak \u00e9vek, amikor nem ismertem r\u00e1 abban a f\u00e9rfiban, akit gyerekk\u00e9nt megszerettem\u201d \u2013 mondta Marg\u00f3 megrend\u00fclten. A n\u00e9z\u0151k l\u00e9legzet-visszafojtva hallgatt\u00e1k, ahogy sorra t\u00e1rta fel a m\u00e9lypontokat: \u00e1rul\u00e1s, elt\u00e1volod\u00e1s, csend, ami hangosabb volt minden veszeked\u00e9sn\u00e9l. \u201eVolt, amikor reggel arra \u00e9bredtem: lehet, ma kell kimondanom, hogy v\u00e9ge.\u201d A t\u00f6bb mint negyven \u00e9ve tart\u00f3 kapcsolat ekkor mintha hajsz\u00e1lreped\u00e9seken kereszt\u00fcl darabokra akart volna hullani. Az \u00e9nekesn\u0151 nem tagadta: volt, hogy a szak\u00edt\u00e1s gondolata \u00e1rny\u00e9kk\u00e9nt k\u00f6vette minden l\u00e9p\u00e9s\u00e9t.<br \/>\n\u00cdGY VANNAK MOST:<\/h3>\n<h3><span style=\"color: #ff0000;\"><strong>A h\u00edr nem \u00e9rt v\u00e9get! Folytat\u00e1shoz haszn\u00e1ld a K\u00d6VETKEZ\u0150 OLDAL gombot!<\/strong><\/span><\/h3>\n<h3 style=\"text-align: right;\"><a href=\"https:\/\/online-filmkatarzis.com\/kucko\/napiinfok\/?p=2106\" target=\"_blank\" rel=\"noopener\"><span style=\"color: #ff0000;\">&#8212;&gt;&gt; K\u00d6VETKEZ\u0150 OLDAL<\/span><\/a><\/h3>\n<p>&#8211;<\/p>\n<p>Ahogyan sok kor\u00e1bbi kateg\u00f3riahat\u00e1rokat \u00e1tl\u00e9p\u0151 modell eset\u00e9ben, \u00fagy a Junior sem k\u00f6nnyen sorolhat\u00f3 be egy\u00e9rtelm\u0171 piaci szegmensbe \u2013 m\u00e9g ha \u00e9l\u0151ben l\u00e1tjuk, akkor is neh\u00e9z els\u0151re meg\u00edt\u00e9lni, pontosan mivel is van dolgunk.<br \/>\nFontos kiemelni, hogy a m\u00e9rete csal\u00f3ka: teljes hossza mind\u00f6ssze 4173 mm, a magass\u00e1ga pedig 1505 mm, vagyis csak 25 mm-rel magasabb, mint a kor\u00e1bbi Giulietta. Sz\u00f3val a szegment\u00e1ci\u00f3r\u00f3l ennyit \u2013 nevezz\u00fck nev\u00e9n a dolgot: a Junior l\u00e9nyeg\u00e9ben egy csal\u00e1di ferdeh\u00e1t\u00fa, ami egy kicsit megny\u00falt \u00e9s megn\u0151tt. Gyakorlatban semmivel sem SUV-szer\u0171bb, mint amennyire \u00fathenger.<br \/>\nMegjelen\u00e9se viszont figyelemfelkelt\u0151. Mivel ez a modell jelenti egy \u00faj formanyelv kezdet\u00e9t az Alfa Rome\u00f3n\u00e1l, a Junior sz\u00e1mos karakteres \u00e9s sz\u00e1nd\u00e9kosan elt\u00e9r\u0151 st\u00edlusjegyet hoz, amelyek egyr\u00e9szt a m\u00e1rka m\u00faltj\u00e1ra utalnak \u2013 ilyen p\u00e9ld\u00e1ul a jellegzetes \u201escudetto\u201d h\u0171t\u0151r\u00e1cs, a \u201etelephono\u201d st\u00edlus\u00fa kerekek vagy a \u201ecoda tronca\u201d far \u2013 m\u00e1sr\u00e9szt az elektromos \u00e9s digit\u00e1lis korszak fel\u00e9 nyit, okosan kialak\u00edtott l\u00e9gbe\u00f6ml\u0151kkel \u00e9s LED-es vil\u00e1g\u00edt\u00e1ssal, ahogyan az manaps\u00e1g elv\u00e1rhat\u00f3.<\/p>\n<p>Ugyanakkor a sportosabb Veloce kivitel 25 mm-rel alacsonyabb hasmagass\u00e1ga \u00e9s 20 colos, \u00edvelt s\u00e1rv\u00e9d\u0151ket kit\u00f6lt\u0151 kerekei n\u00e9lk\u00fcl az alapmodellek kev\u00e9sb\u00e9 l\u00e1tv\u00e1nyosak. A k\u00fcl\u00f6nleges bumer\u00e1ng alak\u00fa h\u00e1ts\u00f3 l\u00e1mp\u00e1k kiss\u00e9 a Maserati 3200 GT-re eml\u00e9keztetnek, de oldaln\u00e9zetb\u0151l \u00e9s magasabb oldalfal\u00fa 18 colos kerekeivel a Junior k\u00f6nnyen \u00f6sszet\u00e9veszthet\u0151 lehet a Stellantis-csoportbeli testv\u00e9r\u00e9vel, a Peugeot e-2008-cal. Mindenekel\u0151tt a Junior egy kompakt crossover, ami azt jelenti, hogy els\u0151sorban csal\u00e1doknak \u00e9s els\u0151 aut\u00f3 v\u00e1s\u00e1rl\u00f3knak sz\u00e1nt modell. Az ilyen v\u00e1s\u00e1rl\u00f3k sz\u00e1m\u00e1ra fontos, hogy hogyan vezethet\u0151 az aut\u00f3, de m\u00e9g fontosabb sz\u00e1mukra, hogy milyen hat\u00e1ssal van a p\u00e9nzt\u00e1rc\u00e1jukra. Az alapmodell \u00e1ra kevesebb mint 34 000 font, a Speciale kevesebb mint 36 000 font, a Veloce pedig kicsivel t\u00f6bb mint 42 000 font, \u00edgy az Alfa \u00e9rt\u00e9kar\u00e1nyban versenyk\u00e9pes, alig olcs\u00f3bb, mint a Peugeot e-2008, ha azonos felszerelts\u00e9get n\u00e9z\u00fcnk.<br \/>\nA hat\u00f3t\u00e1v tekintet\u00e9ben a 154 l\u00f3er\u0151s modellek rendelkeznek a legnagyobb \u00e1ll\u00f3k\u00e9pess\u00e9ggel, 250 m\u00e9rf\u00f6ldes WLTP szerinti hat\u00f3t\u00e1vval egy t\u00f6lt\u00e9ssel. A Veloce er\u0151sebb motorja nagyobb energiaig\u00e9nye miatt csak 208 m\u00e9rf\u00f6ldet tud megtenni egy t\u00f6lt\u00e9ssel. Hat\u00e9konys\u00e1g tekintet\u00e9ben az Alfa azt \u00e1ll\u00edtja, hogy a Junior minden v\u00e1ltozata 4,1 m\u00e9rf\u00f6ldet k\u00e9pes megtenni kWh-nk\u00e9nt, b\u00e1r a tesztaut\u00f3nkon (amelyet el\u00e9g dinamikusan vezett\u00fcnk) a sz\u00e1m\u00edt\u00f3g\u00e9p 3,4 mpkWh-t mutatott, ami egy kicsit pazarl\u00f3bb \u00e9rt\u00e9k.<br \/>\n\u00c9s b\u00e1r a 100 kW-os gyorst\u00f6lt\u00e9si sebess\u00e9g nem kiemelked\u0151, a viszonylag kicsi, 54 kW-os akkumul\u00e1tor m\u00e9ret\u00e9nek k\u00f6sz\u00f6nhet\u0151en 10-80%-ra k\u00f6r\u00fclbel\u00fcl f\u00e9l \u00f3ra alatt felt\u00f6lthet\u0151.<br \/>\nA t\u00f6lt\u00e9ssel kapcsolatban egy\u00e9bk\u00e9nt, hogy vonz\u00f3bb\u00e1 tegye az aj\u00e1nlatot, az Alfa jelenleg minden \u00faj Junior EV v\u00e1s\u00e1rl\u00f3 sz\u00e1m\u00e1ra ingyenes 7 kWh-s otthoni t\u00f6lt\u0151falat \u00e9s annak telep\u00edt\u00e9s\u00e9t k\u00edn\u00e1l.<\/p>\n","protected":false},"excerpt":{"rendered":"<p>\u201eVoltak \u00e9vek, amikor nem ismertem r\u00e1 abban a f\u00e9rfiban, akit gyerekk\u00e9nt megszerettem\u201d \u2013 mondta Marg\u00f3 megrend\u00fclten. A n\u00e9z\u0151k l\u00e9legzet-visszafojtva hallgatt\u00e1k,&#8230; <span class=\"gridview-grid-post-read-more\"><a href=\"https:\/\/online-filmkatarzis.com\/kucko\/hirek\/megszolalt-a-valasrol-bodi-margo-hat-ezert\/\">read more<span class=\"gridview-sr-only\"> Megsz\u00f3lalt a v\u00e1l\u00e1sr\u00f3l B\u00f3di Marg\u00f3 &#8211; H\u00e1t ez\u00e9rt!?<\/span><\/a><\/span><\/p>\n","protected":false},"author":1,"featured_media":2090,"comment_status":"open","ping_status":"open","sticky":false,"template":"","format":"standard","meta":{"footnotes":""},"categories":[1],"tags":[],"class_list":["post-2089","post","type-post","status-publish","format-standard","has-post-thumbnail","hentry","category-egyeb","wpcat-1-id"],"_links":{"self":[{"href":"https:\/\/online-filmkatarzis.com\/kucko\/hirek\/wp-json\/wp\/v2\/posts\/2089","targetHints":{"allow":["GET"]}}],"collection":[{"href":"https:\/\/online-filmkatarzis.com\/kucko\/hirek\/wp-json\/wp\/v2\/posts"}],"about":[{"href":"https:\/\/online-filmkatarzis.com\/kucko\/hirek\/wp-json\/wp\/v2\/types\/post"}],"author":[{"embeddable":true,"href":"https:\/\/online-filmkatarzis.com\/kucko\/hirek\/wp-json\/wp\/v2\/users\/1"}],"replies":[{"embeddable":true,"href":"https:\/\/online-filmkatarzis.com\/kucko\/hirek\/wp-json\/wp\/v2\/comments?post=2089"}],"version-history":[{"count":1,"href":"https:\/\/online-filmkatarzis.com\/kucko\/hirek\/wp-json\/wp\/v2\/posts\/2089\/revisions"}],"predecessor-version":[{"id":2091,"href":"https:\/\/online-filmkatarzis.com\/kucko\/hirek\/wp-json\/wp\/v2\/posts\/2089\/revisions\/2091"}],"wp:featuredmedia":[{"embeddable":true,"href":"https:\/\/online-filmkatarzis.com\/kucko\/hirek\/wp-json\/wp\/v2\/media\/2090"}],"wp:attachment":[{"href":"https:\/\/online-filmkatarzis.com\/kucko\/hirek\/wp-json\/wp\/v2\/media?parent=2089"}],"wp:term":[{"taxonomy":"category","embeddable":true,"href":"https:\/\/online-filmkatarzis.com\/kucko\/hirek\/wp-json\/wp\/v2\/categories?post=2089"},{"taxonomy":"post_tag","embeddable":true,"href":"https:\/\/online-filmkatarzis.com\/kucko\/hirek\/wp-json\/wp\/v2\/tags?post=2089"}],"curies":[{"name":"wp","href":"https:\/\/api.w.org\/{rel}","templated":true}]}}