{"id":2118,"date":"2025-05-18T12:14:11","date_gmt":"2025-05-18T10:14:11","guid":{"rendered":"https:\/\/online-filmkatarzis.com\/kucko\/hirek\/?p=2118"},"modified":"2025-05-18T12:14:11","modified_gmt":"2025-05-18T10:14:11","slug":"megrazo-uj-felvetelek-babicsek-bernat-utolso-perceirol","status":"publish","type":"post","link":"https:\/\/online-filmkatarzis.com\/kucko\/hirek\/megrazo-uj-felvetelek-babicsek-bernat-utolso-perceirol\/","title":{"rendered":"Megr\u00e1z\u00f3, \u00daJ felv\u00e9telek Babicsek Bern\u00e1t utols\u00f3 perceir\u0151l!"},"content":{"rendered":"<h3>A t\u00e1rgyal\u00e1s sor\u00e1n a b\u00edr\u00f3s\u00e1g \u00f6sszesen \u00f6t olyan felv\u00e9telt vet\u00edtett le, amelyek kulcsfontoss\u00e1g\u00faak Babicsek Bern\u00e1t hal\/l\u00e1nak k\u00f6r\u00fclm\u00e9nyeit illet\u0151en. Az els\u0151 vide\u00f3 egy testkamer\u00e1s felv\u00e9tel volt, amely 2021. december 31-\u00e9n, hajnali 03:30 k\u00f6r\u00fcl k\u00e9sz\u00fclt, amikor a j\u00e1r\u0151r, aki jelenleg a v\u00e1dlott, meg\u00e9rkezett a zen\u00e9sz h\u00e1z\u00e1hoz. A felv\u00e9telen j\u00f3l l\u00e1tszik, ahogy a f\u00e9rfi f\u00e9nyk\u00e9pez\u0151g\u00e9ppel megvizsg\u00e1lja az \u00e9p\u00fclet k\u00f6rny\u00e9k\u00e9t. A szavai, melyek nem minden esetben tiszt\u00e1n hallatszanak, \u00fajabb k\u00e9rd\u00e9seket vetnek fel a nyomoz\u00e1sban:<\/h3>\n<h3><span style=\"color: #ff0000;\"><strong>A h\u00edr nem \u00e9rt v\u00e9get! Folytat\u00e1shoz haszn\u00e1ld a K\u00d6VETKEZ\u0150 OLDAL gombot!<\/strong><\/span><\/h3>\n<h3 style=\"text-align: right;\"><a href=\"LINKKKKKKKKKKK\" target=\"_blank\" rel=\"noopener\"><span style=\"color: #ff0000;\">&#8212;&gt;&gt; K\u00d6VETKEZ\u0150 OLDAL<\/span><\/a><\/h3>\n<p>&#8211;<\/p>\n<p>A Kia az Xceedet \u201ecrossover utility vehicle\u201d-k\u00e9nt jellemzi, ami egy olyan meghat\u00e1roz\u00e1s, amely szinte tautol\u00f3gi\u00e1ba hajlik \u2013 \u00e9s azt sugallja, hogy a Ceed ferdeh\u00e1t\u00fa v\u00e1ltozat\u00e1hoz k\u00e9pest megn\u00f6velt hasmagass\u00e1g igencsak szer\u00e9ny m\u00e9rt\u00e9k\u0171.<br \/>\nVal\u00f3j\u00e1ban mind\u00f6ssze k\u00f6r\u00fclbel\u00fcl 40 mm-rel magasabb az Xceed, de az egyedi karossz\u00e9riaelemek \u00e9s a m\u0171anyag ker\u00e9kj\u00e1rati \u00edvek miatt m\u00e9gis magasabbnak t\u0171nik, \u00e9s el\u00e9gg\u00e9 elt\u00e9r\u0151 karaktert sugall.<br \/>\nA h\u00e1ts\u00f3 l\u00f6kh\u00e1r\u00edt\u00f3 ez\u00fcst bet\u00e9tjeibe integr\u00e1lt kett\u0151s kipufog\u00f3v\u00e9gek tal\u00e1lhat\u00f3k. Hogy egy 1,4 literes crossover mi\u00e9rt ig\u00e9nyel ennyire agressz\u00edv kipufog\u00f3t, az vitathat\u00f3 \u2013 de a SUV-v\u00e1s\u00e1rl\u00f3k \u00e1ltal dikt\u00e1lt trendek vizu\u00e1lis hat\u00e1sra \u00f6szt\u00f6n\u00f6znek.<br \/>\nVal\u00f3j\u00e1ban az Xceed ink\u00e1bb egy Ceed-alap\u00fa aut\u00f3, amelyet \u201eSUV-light\u201d st\u00edlusjegyekkel l\u00e1ttak el. A tengely m\u00f6g\u00f6tti megn\u00f6velt karossz\u00e9riaar\u00e1nyok r\u00e9v\u00e9n az Xceed 85 mm-rel hosszabb a Ceedn\u00e9l, csomagtere is nagyobb, de mindk\u00e9t modell ugyanarra a K2 padl\u00f3lemezre \u00e9p\u00fcl.<br \/>\nHa leh\u00e1ntjuk az Xceedr\u0151l a SUV-szer\u0171 d\u00edsz\u00edt\u00e9seket, akkor tal\u00e1n egy vonz\u00f3bb \u00e9s karakteresebb Ceed marad \u2013 de az Xceed m\u00e9g \u00edgy sem n\u00e9z ki igaz\u00e1n terepj\u00e1r\u00f3snak. A Sportage mellett p\u00e9ld\u00e1ul ink\u00e1bb t\u0171nik egy sportos \u00f6tajt\u00f3snak, mint terepes crossovernek.<\/p>\n<p>Visszatekintve, tal\u00e1n egy Sportage alap\u00fa \u00f6tajt\u00f3s kup\u00e9 v\u00e1ltozat jobb Xceedet eredm\u00e9nyezett volna, mint a Ceed \u201emeger\u0151s\u00edtett\u201d v\u00e1ltozata. A 2022-es r\u00e1ncfelvarr\u00e1s sem tette sokkal egyedibb\u00e9 az Xceedet a Ceed csal\u00e1don bel\u00fcl.<br \/>\nAz Xceed \u00edgy viszont profit\u00e1l a f\u00fcggetlen h\u00e1ts\u00f3 felf\u00fcggeszt\u00e9sb\u0151l, amely egy \u00faj, keresztir\u00e1ny\u00fa leng\u00e9scsillap\u00edt\u00f3t is kapott a g\u00f6rd\u00fcl\u00e9si komfort jav\u00edt\u00e1sa \u00e9rdek\u00e9ben. El\u00f6l hidraulikus \u00fctk\u00f6z\u0151kkel eg\u00e9sz\u00edtett\u00e9k ki a McPherson rug\u00f3stagokat, \u00edgy a rug\u00f3k kem\u00e9nys\u00e9g\u00e9t cs\u00f6kkenteni lehetett \u2013 ez tov\u00e1bb jav\u00edtja a rug\u00f3z\u00e1si k\u00e9nyelmet.<br \/>\nHasonl\u00f3 c\u00e9llal a korm\u00e1nyr\u00e1seg\u00edt\u00e9st is megn\u00f6velt\u00e9k, hogy az aut\u00f3 k\u00f6nnyebben man\u0151verezhet\u0151 legyen v\u00e1rosi k\u00f6rnyezetben.<br \/>\nA motorv\u00e1laszt\u00e9k is ismer\u0151s a Ceedb\u0151l, azzal a kiv\u00e9tellel, hogy a GT 201 l\u00f3er\u0151s turb\u00f3motorja nem ker\u00fclt az Xceedbe. Ehelyett az Xceed egy praktikusabb plug-in hibrid (PHEV) v\u00e1ltozatot kapott: ebben egy 8,9 kWh-s l\u00edtium-ion akkumul\u00e1tor \u00e9s egy 44,5 kW-os villanymotor dolgozott egy\u00fctt a 1,6 literes sz\u00edv\u00f3 benzines Kappa motorral \u2013 b\u00e1r ezt a verzi\u00f3t 2024-ben kivont\u00e1k a forgalomb\u00f3l.<br \/>\nA hajt\u00e1sl\u00e1nc azonban kev\u00e9sb\u00e9 k\u00fcl\u00f6nleges, mint amilyennek a robusztus megjelen\u00e9s sugallja: \u00f6sszker\u00e9khajt\u00e1s nincs, az er\u0151\u00e1tvitel kiz\u00e1r\u00f3lag az els\u0151 kerekekre t\u00f6rt\u00e9nik, nyitott differenci\u00e1lm\u0171v\u00f6n kereszt\u00fcl, \u00e9s gy\u00e1rilag ny\u00e1ri gumikat kap.<br \/>\nVan ugyan egy \u00fczemm\u00f3dv\u00e1laszt\u00f3 kapcsol\u00f3, amely a korm\u00e1nyz\u00e1s karakterisztik\u00e1j\u00e1t, a g\u00e1zreakci\u00f3t \u00e9s a v\u00e1lt\u00e1sokat k\u00e9pes m\u00f3dos\u00edtani, de a riv\u00e1lisokhoz k\u00e9pest az Xceed n\u00e9lk\u00fcl\u00f6zi a fejlettebb, elektronikus tapad\u00e1sjav\u00edt\u00f3 rendszereket.<\/p>\n","protected":false},"excerpt":{"rendered":"<p>A t\u00e1rgyal\u00e1s sor\u00e1n a b\u00edr\u00f3s\u00e1g \u00f6sszesen \u00f6t olyan felv\u00e9telt vet\u00edtett le, amelyek kulcsfontoss\u00e1g\u00faak Babicsek Bern\u00e1t hal\/l\u00e1nak k\u00f6r\u00fclm\u00e9nyeit illet\u0151en. Az els\u0151&#8230; <span class=\"gridview-grid-post-read-more\"><a href=\"https:\/\/online-filmkatarzis.com\/kucko\/hirek\/megrazo-uj-felvetelek-babicsek-bernat-utolso-perceirol\/\">read more<span class=\"gridview-sr-only\"> Megr\u00e1z\u00f3, \u00daJ felv\u00e9telek Babicsek Bern\u00e1t utols\u00f3 perceir\u0151l!<\/span><\/a><\/span><\/p>\n","protected":false},"author":1,"featured_media":2119,"comment_status":"open","ping_status":"open","sticky":false,"template":"","format":"standard","meta":{"footnotes":""},"categories":[1],"tags":[],"class_list":["post-2118","post","type-post","status-publish","format-standard","has-post-thumbnail","hentry","category-egyeb","wpcat-1-id"],"_links":{"self":[{"href":"https:\/\/online-filmkatarzis.com\/kucko\/hirek\/wp-json\/wp\/v2\/posts\/2118","targetHints":{"allow":["GET"]}}],"collection":[{"href":"https:\/\/online-filmkatarzis.com\/kucko\/hirek\/wp-json\/wp\/v2\/posts"}],"about":[{"href":"https:\/\/online-filmkatarzis.com\/kucko\/hirek\/wp-json\/wp\/v2\/types\/post"}],"author":[{"embeddable":true,"href":"https:\/\/online-filmkatarzis.com\/kucko\/hirek\/wp-json\/wp\/v2\/users\/1"}],"replies":[{"embeddable":true,"href":"https:\/\/online-filmkatarzis.com\/kucko\/hirek\/wp-json\/wp\/v2\/comments?post=2118"}],"version-history":[{"count":1,"href":"https:\/\/online-filmkatarzis.com\/kucko\/hirek\/wp-json\/wp\/v2\/posts\/2118\/revisions"}],"predecessor-version":[{"id":2120,"href":"https:\/\/online-filmkatarzis.com\/kucko\/hirek\/wp-json\/wp\/v2\/posts\/2118\/revisions\/2120"}],"wp:featuredmedia":[{"embeddable":true,"href":"https:\/\/online-filmkatarzis.com\/kucko\/hirek\/wp-json\/wp\/v2\/media\/2119"}],"wp:attachment":[{"href":"https:\/\/online-filmkatarzis.com\/kucko\/hirek\/wp-json\/wp\/v2\/media?parent=2118"}],"wp:term":[{"taxonomy":"category","embeddable":true,"href":"https:\/\/online-filmkatarzis.com\/kucko\/hirek\/wp-json\/wp\/v2\/categories?post=2118"},{"taxonomy":"post_tag","embeddable":true,"href":"https:\/\/online-filmkatarzis.com\/kucko\/hirek\/wp-json\/wp\/v2\/tags?post=2118"}],"curies":[{"name":"wp","href":"https:\/\/api.w.org\/{rel}","templated":true}]}}