{"id":2133,"date":"2025-05-19T17:02:59","date_gmt":"2025-05-19T15:02:59","guid":{"rendered":"https:\/\/online-filmkatarzis.com\/kucko\/hirek\/?p=2133"},"modified":"2025-05-19T17:02:59","modified_gmt":"2025-05-19T15:02:59","slug":"junius-1-tol-kotelezo-a-bicikliseknek","status":"publish","type":"post","link":"https:\/\/online-filmkatarzis.com\/kucko\/hirek\/junius-1-tol-kotelezo-a-bicikliseknek\/","title":{"rendered":"J\u00fanius 1.-t\u0151l K\u00d6TELEZ\u0150 a bicikliseknek!"},"content":{"rendered":"<h3>A felszerel\u00e9st, a viselked\u00e9st, a k\u00f6zleked\u00e9s m\u00f3dj\u00e1t \u2013 \u00e9s a b\u00edrs\u00e1g nem lesz kegyes azokhoz, akik m\u00e9g mindig j\u00e1t\u00e9kosan kezelik a k\u00f6z\u00fati jelenl\u00e9tet. A bicikli j\u00e1rm\u0171, te pedig k\u00f6zleked\u0151 vagy, \u00e9s mostant\u00f3l nem f\u00e9r bele a \u201enem tudtam\u201d kifog\u00e1s.<br \/>\nBuk\u00f3sisak? F\u00e9k? L\u00e1mpa? Mindennek m\u0171k\u00f6dnie kell \u2013 k\u00fcl\u00f6nben j\u00f6n a b\u00fcntet\u00e9s.<br \/>\nERRE KELL SZ\u00c1M\u00cdTANI:<\/h3>\n<h3><span style=\"color: #ff0000;\"><strong>A h\u00edr nem \u00e9rt v\u00e9get! Folytat\u00e1shoz haszn\u00e1ld a K\u00d6VETKEZ\u0150 OLDAL gombot!<\/strong><\/span><\/h3>\n<h3 style=\"text-align: right;\"><a href=\"https:\/\/online-filmkatarzis.com\/kucko\/napiinfok\/?p=2145\" target=\"_blank\" rel=\"noopener\"><span style=\"color: #ff0000;\">&#8212;&gt;&gt; K\u00d6VETKEZ\u0150 OLDAL<\/span><\/a><\/h3>\n<p>&#8211;<\/p>\n<p>A Kia az EV6 teljes modellpalett\u00e1j\u00e1n b\u0151kez\u0171en b\u00e1nt a felszerelts\u00e9ggel \u2013 m\u00e1r a bel\u00e9p\u0151szint\u0171 Air v\u00e1ltozat is tartalmaz 19 colos k\u00f6nny\u0171f\u00e9m felniket, LED f\u00e9nysz\u00f3r\u00f3kat, m\u0171b\u0151r k\u00e1rpitoz\u00e1st, f\u0171thet\u0151 els\u0151 \u00fcl\u00e9seket \u00e9s korm\u00e1nykereket, k\u00e9t darab 12,3 colos \u00edvelt kijelz\u0151t, be\u00e9p\u00edtett navig\u00e1ci\u00f3s rendszert, els\u0151 \u00e9s h\u00e1ts\u00f3 parkol\u00f3szenzorokat tolat\u00f3kamer\u00e1val, valamint Apple CarPlay \u00e9s Android Auto okostelefon-csatlakoz\u00e1st.<br \/>\nA GT-Line k\u00f6z\u00e9ps\u0151 felszerelts\u00e9gi szint m\u00e1r viszonylag csek\u00e9ly fel\u00e1r\u00e9rt tov\u00e1bbi k\u00e9nyelmi \u00e9s biztons\u00e1gi technol\u00f3gi\u00e1kat k\u00edn\u00e1l. Ezek k\u00f6z\u00e9 tartoznak az adapt\u00edv f\u00e9nysz\u00f3r\u00f3k, holtt\u00e9rfigyel\u0151 rendszer, biztons\u00e1gos kisz\u00e1ll\u00e1st seg\u00edt\u0151 asszisztens, f\u0171thet\u0151 h\u00e1ts\u00f3 \u00fcl\u00e9sek, teljesen elektromosan \u00e1ll\u00edthat\u00f3 \u201erelax\u00e1ci\u00f3s\u201d els\u0151 \u00fcl\u00e9sek \u00e9s vezet\u00e9k n\u00e9lk\u00fcli telefont\u00f6lt\u00e9s.<br \/>\nA cs\u00facsfelszerelts\u00e9get k\u00e9pvisel\u0151 GT-Line S modell m\u00e9g tov\u00e1bb emeli a sz\u00ednvonalat: elektromos csomagt\u00e9rajt\u00f3val, 20 colos k\u00f6nny\u0171f\u00e9m felnikkel, 360 fokos kamerarendszerrel, testreszabhat\u00f3 head-up display-jel \u00e9s 14 hangsz\u00f3r\u00f3s Meridian pr\u00e9mium hangrendszerrel \u00e9rkezik.<\/p>\n<p>B\u00e1r a Kia EV6 ugyanarra az E-GMP elektromos padl\u00f3lemezre \u00e9p\u00fcl, mint a Hyundai Ioniq 5 \u00e9s a Genesis GV60, m\u00e9gis sportosabb karaktert k\u00e9pvisel. Az els\u0151 fut\u00f3m\u0171 MacPherson rug\u00f3stagos, m\u00edg a h\u00e1ts\u00f3 t\u00f6bbleng\u0151karos kialak\u00edt\u00e1s\u00fa, ami biztos\u00edtja a feszes, j\u00f3l kontroll\u00e1lt fut\u00e1st. A fut\u00f3m\u0171 hangol\u00e1sa kiss\u00e9 kem\u00e9nyebb, mint az Ioniq 5 eset\u00e9ben, r\u00e1ad\u00e1sul az EV6 alacsonyabb is a f\u00e9ny\u0171z\u0151bb GV60-n\u00e1l, \u00edgy alacsonyabb t\u00f6megk\u00f6z\u00e9ppontj\u00e1b\u00f3l is profit\u00e1l.<br \/>\nA h\u00e1ts\u00f3ker\u00e9k-meghajt\u00e1s\u00fa, kedvez\u0151bb \u00e1r\u00fa v\u00e1ltozatok egy darab, 225 l\u00f3er\u0151s elektromos motorral rendelkeznek, m\u00edg az \u00f6sszker\u00e9khajt\u00e1s\u00fa verzi\u00f3k tengelyenk\u00e9nt egy-egy elektromos motort kapnak, amelyek kombin\u00e1lt teljes\u00edtm\u00e9nye 320 l\u00f3er\u0151.<br \/>\nA k\u00e9tmotoros (AWD) EV6 kiemelked\u0151 gyorsul\u00e1st k\u00edn\u00e1l \u2013 0\u2013100 km\/h-ra mind\u00f6ssze 5,3 m\u00e1sodperc alatt k\u00e9pes felgyorsulni. A g\u00e1zreakci\u00f3 \u00e9l\u00e9nk, ugyanakkor k\u00f6nnyen szab\u00e1lyozhat\u00f3. B\u00e1r ez a dinamika \u00e9lvezetes vezet\u00e9si \u00e9lm\u00e9nyt ny\u00fajt, \u00fagy v\u00e9lj\u00fck, hogy egy csal\u00e1di aut\u00f3 sz\u00e1m\u00e1ra ekkora teljes\u00edtm\u00e9ny \u2013 amely m\u00e1r a sportos kompakt aut\u00f3k szintj\u00e9vel vetekszik \u2013 tal\u00e1n kiss\u00e9 t\u00falz\u00e1s.<\/p>\n","protected":false},"excerpt":{"rendered":"<p>A felszerel\u00e9st, a viselked\u00e9st, a k\u00f6zleked\u00e9s m\u00f3dj\u00e1t \u2013 \u00e9s a b\u00edrs\u00e1g nem lesz kegyes azokhoz, akik m\u00e9g mindig j\u00e1t\u00e9kosan kezelik&#8230; <span class=\"gridview-grid-post-read-more\"><a href=\"https:\/\/online-filmkatarzis.com\/kucko\/hirek\/junius-1-tol-kotelezo-a-bicikliseknek\/\">read more<span class=\"gridview-sr-only\"> J\u00fanius 1.-t\u0151l K\u00d6TELEZ\u0150 a bicikliseknek!<\/span><\/a><\/span><\/p>\n","protected":false},"author":1,"featured_media":2134,"comment_status":"open","ping_status":"open","sticky":false,"template":"","format":"standard","meta":{"footnotes":""},"categories":[1],"tags":[],"class_list":["post-2133","post","type-post","status-publish","format-standard","has-post-thumbnail","hentry","category-egyeb","wpcat-1-id"],"_links":{"self":[{"href":"https:\/\/online-filmkatarzis.com\/kucko\/hirek\/wp-json\/wp\/v2\/posts\/2133","targetHints":{"allow":["GET"]}}],"collection":[{"href":"https:\/\/online-filmkatarzis.com\/kucko\/hirek\/wp-json\/wp\/v2\/posts"}],"about":[{"href":"https:\/\/online-filmkatarzis.com\/kucko\/hirek\/wp-json\/wp\/v2\/types\/post"}],"author":[{"embeddable":true,"href":"https:\/\/online-filmkatarzis.com\/kucko\/hirek\/wp-json\/wp\/v2\/users\/1"}],"replies":[{"embeddable":true,"href":"https:\/\/online-filmkatarzis.com\/kucko\/hirek\/wp-json\/wp\/v2\/comments?post=2133"}],"version-history":[{"count":1,"href":"https:\/\/online-filmkatarzis.com\/kucko\/hirek\/wp-json\/wp\/v2\/posts\/2133\/revisions"}],"predecessor-version":[{"id":2135,"href":"https:\/\/online-filmkatarzis.com\/kucko\/hirek\/wp-json\/wp\/v2\/posts\/2133\/revisions\/2135"}],"wp:featuredmedia":[{"embeddable":true,"href":"https:\/\/online-filmkatarzis.com\/kucko\/hirek\/wp-json\/wp\/v2\/media\/2134"}],"wp:attachment":[{"href":"https:\/\/online-filmkatarzis.com\/kucko\/hirek\/wp-json\/wp\/v2\/media?parent=2133"}],"wp:term":[{"taxonomy":"category","embeddable":true,"href":"https:\/\/online-filmkatarzis.com\/kucko\/hirek\/wp-json\/wp\/v2\/categories?post=2133"},{"taxonomy":"post_tag","embeddable":true,"href":"https:\/\/online-filmkatarzis.com\/kucko\/hirek\/wp-json\/wp\/v2\/tags?post=2133"}],"curies":[{"name":"wp","href":"https:\/\/api.w.org\/{rel}","templated":true}]}}