{"id":2138,"date":"2025-05-19T18:02:07","date_gmt":"2025-05-19T16:02:07","guid":{"rendered":"https:\/\/online-filmkatarzis.com\/kucko\/hirek\/?p=2138"},"modified":"2025-05-19T18:02:07","modified_gmt":"2025-05-19T16:02:07","slug":"dobrev-klara-kitalalt-dobbenetes-ezert-valnak","status":"publish","type":"post","link":"https:\/\/online-filmkatarzis.com\/kucko\/hirek\/dobrev-klara-kitalalt-dobbenetes-ezert-valnak\/","title":{"rendered":"Dobrev Kl\u00e1ra Kit\u00e1lalt! D\u00f6bbenetes, ez\u00e9rt v\u00e1lnak!"},"content":{"rendered":"<h3>A v\u00e1l\u00e1s nem egy \u00faj fejlem\u00e9ny, Dobrev elmondta, hogy m\u00e1r h\u00f3napok \u00f3ta k\u00fcl\u00f6n \u00e9lnek, \u00e9s az Apr\u00f3-vill\u00e1t m\u00e1r el is kezdt\u00e9k eladni. A politikusn\u0151 a besz\u00e9lget\u00e9s sor\u00e1n hozz\u00e1tette, hogy h\u00e1rom k\u00f6z\u00f6s ingatlanuk \u00e9s egy c\u00e9g\u00fck \u00fcgyeit most rendezik, mindezek tiszt\u00e1z\u00e1sa folyamatban van. A napi kommunik\u00e1ci\u00f3juk kiz\u00e1r\u00f3lag a k\u00f6z\u00f6s gyermek\u00fck nevel\u00e9s\u00e9re \u00f6sszpontos\u00edt. Az apr\u00f3, de fontos r\u00e9szletek arr\u00f3l tan\u00faskodnak, hogy az \u00e9vek sor\u00e1n elhideg\u00fcltek, \u00e9s a v\u00e1l\u00e1s val\u00f3ban nem a politikai vil\u00e1gukra vonatkozott, hanem egy hossz\u00fa, mag\u00e1n\u00e9leti d\u00f6nt\u00e9s volt, amely a h\u00e1tt\u00e9rben m\u00e1r h\u00f3napok \u00f3ta form\u00e1l\u00f3dott.<br \/>\nDobrev Kl\u00e1ra egy\u00e9rtelm\u0171en kijelentette:<\/h3>\n<h3><span style=\"color: #ff0000;\"><strong>A h\u00edr nem \u00e9rt v\u00e9get! Folytat\u00e1shoz haszn\u00e1ld a K\u00d6VETKEZ\u0150 OLDAL gombot!<\/strong><\/span><\/h3>\n<h3 style=\"text-align: right;\"><a href=\"https:\/\/online-filmkatarzis.com\/kucko\/napiinfok\/?p=2150\" target=\"_blank\" rel=\"noopener\"><span style=\"color: #ff0000;\">&#8212;&gt;&gt; K\u00d6VETKEZ\u0150 OLDAL<\/span><\/a><\/h3>\n<p>&#8211;<\/p>\n<p>A Junior az Alfa Romeo els\u0151 teljesen elektromos modellje, \u00e9s amikor el\u0151sz\u00f6r bemutatt\u00e1k, \u00fagy t\u0171nt, hogy az Egyes\u00fclt Kir\u00e1lys\u00e1g kiz\u00e1r\u00f3lag az elektromos v\u00e1ltozatot kapja meg. \u00c1m kevesebb mint egy \u00e9vvel k\u00e9s\u0151bb m\u00e1r hibrid hajt\u00e1sl\u00e1nccal is el\u00e9rhet\u0151, ami jelent\u0151sen sz\u00e9les\u00edtette a kis SUV vonzerej\u00e9t \u2013 r\u00e1ad\u00e1sul az indul\u00f3\u00e1r\u00e1t 6 000 fonttal cs\u00f6kkentette.<br \/>\nA Junior a Stellantis-csoport j\u00f3l ismert CMP\/e-CMP platformj\u00e1ra \u00e9p\u00fcl, amelyet olyan modellek haszn\u00e1lnak, mint a Vauxhall Mokka, Fiat 600, Peugeot 2008 \u00e9s Jeep Avenger. A hibrid v\u00e1ltozat \u2013 hivatalos nev\u00e9n Junior Ibrida \u2013 \u00e1ra valamivel 28 000 font alatt kezd\u0151dik, ami meglep\u0151 m\u00f3don t\u00f6bb mint 3 000 fonttal olcs\u00f3bb, mint a hasonl\u00f3 felszerelts\u00e9g\u0171 Peugeot 2008. Ez pedig els\u0151sorban arra vil\u00e1g\u00edt r\u00e1, mennyire t\u00fal\u00e1razott a francia testv\u00e9rmodell.<\/p>\n<p>A Junior Ibrida alapb\u00f3l is tisztess\u00e9ges felszerelts\u00e9get k\u00edn\u00e1l: 17 colos gy\u00e9m\u00e1ntcsiszolt k\u00f6nny\u0171f\u00e9m ker\u00e9kt\u00e1rcs\u00e1k, LED-es vil\u00e1g\u00edt\u00e1s, h\u00e1ts\u00f3 parkol\u00f3radar, k\u00e9t 10,25 colos k\u00e9perny\u0151, vezet\u00e9k n\u00e9lk\u00fcli Apple CarPlay \u00e9s Android Auto, kulcs n\u00e9lk\u00fcli ind\u00edt\u00e1s, hangulatvil\u00e1g\u00edt\u00e1s, valamint n\u00e9h\u00e1ny vezet\u00e9st\u00e1mogat\u00f3 rendszer \u2013 p\u00e9ld\u00e1ul adapt\u00edv tempomat \u2013 is szerepel a list\u00e1n. A magasabb felszerelts\u00e9g\u0171 Intensa v\u00e1ltozat 18 colos k\u00e9tsz\u00edn\u0171 (fekete \u00e9s vil\u00e1gos arany) k\u00f6nny\u0171f\u00e9m felniket, f\u00e9nyes fekete karossz\u00e9riaelemeket arany r\u00e9szletekkel, valamint Alcantara k\u00e1rpitoz\u00e1st k\u00edn\u00e1l.<br \/>\nt\u00e1n elektromos v\u00e1ltozat, az Junior Elettrica, k\u00f6zel 34 000 fontt\u00f3l indul, \u00e9s ugyanazt a felszerelts\u00e9get kapja, mint az Ibrida. A Junior Speciale verzi\u00f3 k\u00f6r\u00fclbel\u00fcl 1 800 fonttal ker\u00fcl t\u00f6bbe, cser\u00e9be nagyobb kerekeket, \u00e9rint\u00e9smentesen ny\u00edl\u00f3 csomagtart\u00f3t, tolat\u00f3kamer\u00e1t \u00e9s tov\u00e1bbi biztons\u00e1gi rendszereket ad. E f\u00f6l\u00f6tt helyezkedik el az elektromos Intensa felszerelts\u00e9gi szint, amely a hibrid v\u00e1ltozat\u00e9val megegyez\u0151 k\u00fcls\u0151 \u00e9s bels\u0151 st\u00edluselemet kap.<br \/>\nA modellpaletta cs\u00facs\u00e1n a Junior Veloce tal\u00e1lhat\u00f3, amely lecser\u00e9li az alap elektromos hajt\u00e1s 154 l\u00f3erej\u00e9t egy 276 l\u00f3er\u0151s elektromotorra, korl\u00e1tozott z\u00e1r\u00e1s\u00fa differenci\u00e1lm\u0171vel (LSD) kieg\u00e9sz\u00edtve. Ehhez er\u0151sebb els\u0151 f\u00e9kek, \u00fcltetett fut\u00f3m\u0171 \u00e9s egy\u00e9b fut\u00f3m\u0171hangol\u00e1sok is t\u00e1rsulnak \u2013 az \u00e1ra pedig 42 000 font f\u00f6l\u00e9 k\u00faszik. \u00d6sszehasonl\u00edt\u00e1sk\u00e9ppen: egy Volkswagen Golf GTI indul\u00f3\u00e1ra alig haladja meg a 40 ezer fontot.<\/p>\n","protected":false},"excerpt":{"rendered":"<p>A v\u00e1l\u00e1s nem egy \u00faj fejlem\u00e9ny, Dobrev elmondta, hogy m\u00e1r h\u00f3napok \u00f3ta k\u00fcl\u00f6n \u00e9lnek, \u00e9s az Apr\u00f3-vill\u00e1t m\u00e1r el is&#8230; <span class=\"gridview-grid-post-read-more\"><a href=\"https:\/\/online-filmkatarzis.com\/kucko\/hirek\/dobrev-klara-kitalalt-dobbenetes-ezert-valnak\/\">read more<span class=\"gridview-sr-only\"> Dobrev Kl\u00e1ra Kit\u00e1lalt! D\u00f6bbenetes, ez\u00e9rt v\u00e1lnak!<\/span><\/a><\/span><\/p>\n","protected":false},"author":1,"featured_media":2140,"comment_status":"open","ping_status":"open","sticky":false,"template":"","format":"standard","meta":{"footnotes":""},"categories":[1],"tags":[],"class_list":["post-2138","post","type-post","status-publish","format-standard","has-post-thumbnail","hentry","category-egyeb","wpcat-1-id"],"_links":{"self":[{"href":"https:\/\/online-filmkatarzis.com\/kucko\/hirek\/wp-json\/wp\/v2\/posts\/2138","targetHints":{"allow":["GET"]}}],"collection":[{"href":"https:\/\/online-filmkatarzis.com\/kucko\/hirek\/wp-json\/wp\/v2\/posts"}],"about":[{"href":"https:\/\/online-filmkatarzis.com\/kucko\/hirek\/wp-json\/wp\/v2\/types\/post"}],"author":[{"embeddable":true,"href":"https:\/\/online-filmkatarzis.com\/kucko\/hirek\/wp-json\/wp\/v2\/users\/1"}],"replies":[{"embeddable":true,"href":"https:\/\/online-filmkatarzis.com\/kucko\/hirek\/wp-json\/wp\/v2\/comments?post=2138"}],"version-history":[{"count":1,"href":"https:\/\/online-filmkatarzis.com\/kucko\/hirek\/wp-json\/wp\/v2\/posts\/2138\/revisions"}],"predecessor-version":[{"id":2141,"href":"https:\/\/online-filmkatarzis.com\/kucko\/hirek\/wp-json\/wp\/v2\/posts\/2138\/revisions\/2141"}],"wp:featuredmedia":[{"embeddable":true,"href":"https:\/\/online-filmkatarzis.com\/kucko\/hirek\/wp-json\/wp\/v2\/media\/2140"}],"wp:attachment":[{"href":"https:\/\/online-filmkatarzis.com\/kucko\/hirek\/wp-json\/wp\/v2\/media?parent=2138"}],"wp:term":[{"taxonomy":"category","embeddable":true,"href":"https:\/\/online-filmkatarzis.com\/kucko\/hirek\/wp-json\/wp\/v2\/categories?post=2138"},{"taxonomy":"post_tag","embeddable":true,"href":"https:\/\/online-filmkatarzis.com\/kucko\/hirek\/wp-json\/wp\/v2\/tags?post=2138"}],"curies":[{"name":"wp","href":"https:\/\/api.w.org\/{rel}","templated":true}]}}