{"id":2142,"date":"2025-05-19T19:04:06","date_gmt":"2025-05-19T17:04:06","guid":{"rendered":"https:\/\/online-filmkatarzis.com\/kucko\/hirek\/?p=2142"},"modified":"2025-05-19T19:04:06","modified_gmt":"2025-05-19T17:04:06","slug":"elo-adasban-volt-reszeg-demcsak-zsuzsa","status":"publish","type":"post","link":"https:\/\/online-filmkatarzis.com\/kucko\/hirek\/elo-adasban-volt-reszeg-demcsak-zsuzsa\/","title":{"rendered":"\u00c9l\u0151 ad\u00e1sban volt r\u00e9szeg Demcs\u00e1k Zsuzsa!"},"content":{"rendered":"<h3>A TV nem pr\u00f3b\u00e1lta elkenni a t\u00f6rt\u00e9nteket. Nem hivatkoztak technikai hib\u00e1ra vagy f\u00e9lre\u00e9rt\u00e9sre \u2013 azonnal l\u00e9ptek. Vizsg\u00e1latot rendeltek el, \u00e9s hat\u00e1rozottan, k\u00e9sleked\u00e9s n\u00e9lk\u00fcl levett\u00e9k Demcs\u00e1kot a k\u00e9perny\u0151r\u0151l. A csatorna egy\u00e9rtelm\u0171v\u00e9 tette: nem t\u0171rnek ilyen viselked\u00e9st m\u00e9g ismert arcokt\u00f3l sem.<\/p>\n<h3><span style=\"color: #ff0000;\"><strong>A h\u00edr nem \u00e9rt v\u00e9get! Folytat\u00e1shoz haszn\u00e1ld a K\u00d6VETKEZ\u0150 OLDAL gombot!<\/strong><\/span><\/h3>\n<h3 style=\"text-align: right;\"><a href=\"https:\/\/online-filmkatarzis.com\/kucko\/napiinfok\/?p=2154\" target=\"_blank\" rel=\"noopener\"><span style=\"color: #ff0000;\">&#8212;&gt;&gt; K\u00d6VETKEZ\u0150 OLDAL<\/span><\/a><\/h3>\n<p>&#8211;<\/p>\n<p>A Volvo V90 leg\u00fajabb gener\u00e1ci\u00f3ja ugyan m\u00e1r nem sz\u00e1m\u00edt a csomagtart\u00f3-kapacit\u00e1s bajnok\u00e1nak, de \u00edgy is sok minden sz\u00f3l mellette. Praktikus, rengeteg hasznos funkci\u00f3val felszerelt, t\u00e1gas \u00e9s k\u00e9nyelmes, mik\u00f6zben eleg\u00e1ns formaterv \u00e9s letisztult, min\u0151s\u00e9gi bels\u0151 t\u00e9r jellemzi. A vezet\u00e9si \u00e9lm\u00e9ny nyugodt, ink\u00e1bb k\u00e9nyelmes, mint sportos, ami j\u00f3l illik a modell karakter\u00e9hez.<br \/>\nA V90 k\u00e9nyelmes, hossz\u00fa t\u00e1v\u00fa utaz\u00e1sra termett aut\u00f3. B\u00e1r nem a legjobb a kateg\u00f3ri\u00e1ban a kanyarv\u00e9tel vagy a fut\u00f3m\u0171 finoms\u00e1ga tekintet\u00e9ben, aut\u00f3p\u00e1ly\u00e1n csendes \u00e9s stabil, k\u00fcl\u00f6n\u00f6sen elektromos \u00fczemm\u00f3dban, amikor v\u00e1rosban szinte hangtalanul k\u00f6zlekedik. A korm\u00e1nyz\u00e1s k\u00f6nny\u0171, de k\u00f6vetkezetes, a f\u00e9kez\u00e9s stabil.<br \/>\nA T8 Ultra v\u00e1ltozat adapt\u00edv leng\u00e9scsillap\u00edt\u00f3val \u00e9s l\u00e9grug\u00f3z\u00e1ssal jobban kezeli az \u00fathib\u00e1kat, de a legnagyobb bukkan\u00f3k, p\u00e9ld\u00e1ul k\u00e1ty\u00fak, m\u00e9g \u00edgy is enyhe r\u00e1zk\u00f3d\u00e1st okozhatnak az utast\u00e9rben. A T6 Plus verzi\u00f3 hagyom\u00e1nyos fut\u00f3m\u0171ve egyszer\u0171bb, de m\u00e9g nem tesztelt\u00e9k r\u00e9szletesen. Az automata v\u00e1lt\u00f3 finoman \u00e9s gyorsan kapcsol, b\u00e1r n\u00e9ha kev\u00e9sb\u00e9 kifinomult, mint a BMW nyolcfokozat\u00fa egys\u00e9ge.<\/p>\n<p>A motorpaletta kiz\u00e1r\u00f3lag plug-in hibrid modellekb\u0151l \u00e1ll:<br \/>\nT6: 345 l\u00f3er\u0151, 0\u2013100 km\/h 5,5 m\u00e1sodperc, 112 mph (180 km\/h) v\u00e9gsebess\u00e9g. T8: 449 l\u00f3er\u0151, 0\u2013100 km\/h 4,8 m\u00e1sodperc, szint\u00e9n 112 mph cs\u00facssebess\u00e9g.<br \/>\nMindkett\u0151 gyorsabb, mint a BMW 530e vagy a Mercedes E 300 e, b\u00e1r azok magasabb v\u00e9gsebess\u00e9get k\u00edn\u00e1lnak. Fogyaszt\u00e1s, CO2 \u00e9s fenntart\u00e1si k\u00f6lts\u00e9gek<br \/>\nT6: Pap\u00edron 353,1 mpg (kb. 0,8 l\/100 km) \u00e9s 18g\/km CO\u2082. T8: 313,9 mpg (kb. 0,9 l\/100 km) \u00e9s 20g\/km CO\u2082. A val\u00f3s fogyaszt\u00e1s ezekn\u00e9l term\u00e9szetesen magasabb, de rendszeres t\u00f6lt\u00e9ssel jelent\u0151sen cs\u00f6kkenthet\u0151 az \u00fczemanyagk\u00f6lts\u00e9g a benzines \u00e9s d\u00edzel v\u00e1ltozatokhoz k\u00e9pest. Ugyanakkor a nagy t\u00e1vokat rendszeresen vezet\u0151 felhaszn\u00e1l\u00f3k sz\u00e1m\u00e1ra h\u00e1tr\u00e1ny, hogy m\u00e1r nincs d\u00edzelv\u00e1ltozat, \u00edgy a Mercedes E-oszt\u00e1ly hibrid d\u00edzelje lehet jobb alternat\u00edva. Mindkett\u0151 alatta marad a BMW 530e (57,8 mi) \u00e9s a Mercedes E 300 e (68 mi) hat\u00f3t\u00e1vj\u00e1nak. A 18,8 kWh-s (14,7 kWh hasznos) akkumul\u00e1tor otthoni 7,4 kW-os fali t\u00f6lt\u0151r\u0151l kb. 4 \u00f3ra alatt t\u00f6lthet\u0151 fel. A Volvo 8 \u00e9v vagy 160 000 km-es akkumul\u00e1torgaranci\u00e1t ny\u00fajt, ami hosszabb, mint a BMW vagy a Mercedes \u00e1ltal k\u00edn\u00e1lt.<\/p>\n","protected":false},"excerpt":{"rendered":"<p>A TV nem pr\u00f3b\u00e1lta elkenni a t\u00f6rt\u00e9nteket. Nem hivatkoztak technikai hib\u00e1ra vagy f\u00e9lre\u00e9rt\u00e9sre \u2013 azonnal l\u00e9ptek. Vizsg\u00e1latot rendeltek el, \u00e9s&#8230; <span class=\"gridview-grid-post-read-more\"><a href=\"https:\/\/online-filmkatarzis.com\/kucko\/hirek\/elo-adasban-volt-reszeg-demcsak-zsuzsa\/\">read more<span class=\"gridview-sr-only\"> \u00c9l\u0151 ad\u00e1sban volt r\u00e9szeg Demcs\u00e1k Zsuzsa!<\/span><\/a><\/span><\/p>\n","protected":false},"author":1,"featured_media":2146,"comment_status":"open","ping_status":"open","sticky":false,"template":"","format":"standard","meta":{"footnotes":""},"categories":[1],"tags":[],"class_list":["post-2142","post","type-post","status-publish","format-standard","has-post-thumbnail","hentry","category-egyeb","wpcat-1-id"],"_links":{"self":[{"href":"https:\/\/online-filmkatarzis.com\/kucko\/hirek\/wp-json\/wp\/v2\/posts\/2142","targetHints":{"allow":["GET"]}}],"collection":[{"href":"https:\/\/online-filmkatarzis.com\/kucko\/hirek\/wp-json\/wp\/v2\/posts"}],"about":[{"href":"https:\/\/online-filmkatarzis.com\/kucko\/hirek\/wp-json\/wp\/v2\/types\/post"}],"author":[{"embeddable":true,"href":"https:\/\/online-filmkatarzis.com\/kucko\/hirek\/wp-json\/wp\/v2\/users\/1"}],"replies":[{"embeddable":true,"href":"https:\/\/online-filmkatarzis.com\/kucko\/hirek\/wp-json\/wp\/v2\/comments?post=2142"}],"version-history":[{"count":1,"href":"https:\/\/online-filmkatarzis.com\/kucko\/hirek\/wp-json\/wp\/v2\/posts\/2142\/revisions"}],"predecessor-version":[{"id":2147,"href":"https:\/\/online-filmkatarzis.com\/kucko\/hirek\/wp-json\/wp\/v2\/posts\/2142\/revisions\/2147"}],"wp:featuredmedia":[{"embeddable":true,"href":"https:\/\/online-filmkatarzis.com\/kucko\/hirek\/wp-json\/wp\/v2\/media\/2146"}],"wp:attachment":[{"href":"https:\/\/online-filmkatarzis.com\/kucko\/hirek\/wp-json\/wp\/v2\/media?parent=2142"}],"wp:term":[{"taxonomy":"category","embeddable":true,"href":"https:\/\/online-filmkatarzis.com\/kucko\/hirek\/wp-json\/wp\/v2\/categories?post=2142"},{"taxonomy":"post_tag","embeddable":true,"href":"https:\/\/online-filmkatarzis.com\/kucko\/hirek\/wp-json\/wp\/v2\/tags?post=2142"}],"curies":[{"name":"wp","href":"https:\/\/api.w.org\/{rel}","templated":true}]}}