{"id":2157,"date":"2025-05-20T18:38:50","date_gmt":"2025-05-20T16:38:50","guid":{"rendered":"https:\/\/online-filmkatarzis.com\/kucko\/hirek\/?p=2157"},"modified":"2025-05-20T18:38:50","modified_gmt":"2025-05-20T16:38:50","slug":"vegzetes-tragedia-14-magnest-nyelt-le-a-2-eves-rebeka","status":"publish","type":"post","link":"https:\/\/online-filmkatarzis.com\/kucko\/hirek\/vegzetes-tragedia-14-magnest-nyelt-le-a-2-eves-rebeka\/","title":{"rendered":"V\u00e9gzetes trag\u00e9dia: 14 m\u00e1gnest nyelt le a 2 \u00e9ves Rebeka!"},"content":{"rendered":"<h3>\u201eA l\u00e1nyom \u00e9lete egy hajsz\u00e1lon m\u00falott\u201d \u2013 mondta az anya megt\u00f6rten. A k\u00e9t\u00f3r\u00e1s m\u0171t\u00e9t alatt a belek egy r\u00e9sz\u00e9t elt\u00e1vol\u00edtott\u00e1k, hogy kiszedhess\u00e9k a be\u00e1gyaz\u00f3dott m\u00e1gneseket.<br \/>\nRebeka t\u00fal\u00e9lte, de hossz\u00fa, f\u00e1jdalmas gy\u00f3gyul\u00e1s v\u00e1rt r\u00e1. \u00c9desanyja szerint a t\u00f6rt\u00e9ntek \u00f6r\u00f6k nyomot hagytak rajtuk. \u201eSoha nem gondoltam volna, hogy egy apr\u00f3 j\u00e1t\u00e9k ekkora puszt\u00edt\u00e1st v\u00e9gezhet.\u201d<br \/>\nEz\u00e9rt jut m\u00e1gnes fiatalok szervezet\u00e9be:<\/h3>\n<h3><span style=\"color: #ff0000;\"><strong>A h\u00edr nem \u00e9rt v\u00e9get! Folytat\u00e1shoz haszn\u00e1ld a K\u00d6VETKEZ\u0150 OLDAL gombot!<\/strong><\/span><\/h3>\n<h3 style=\"text-align: right;\"><a href=\"https:\/\/online-filmkatarzis.com\/kucko\/napiinfok\/?p=2169\" target=\"_blank\" rel=\"noopener\"><span style=\"color: #ff0000;\">&#8212;&gt;&gt; K\u00d6VETKEZ\u0150 OLDAL<\/span><\/a><\/h3>\n<p>&#8211;<\/p>\n<p>A 5008 k\u00fclseje elt\u00e9r a 3008-t\u00f3l, mivel hosszabb tet\u0151vonalat kapott, \u00e9s a h\u00e1ts\u00f3 t\u00falny\u00fal\u00e1s is megn\u00f6vekedett, \u00edgy lehet\u0151s\u00e9g ny\u00edlt a harmadik \u00fcl\u00e9ssor elhelyez\u00e9s\u00e9re. Ez azt is jelenti, hogy a 5008 nagyobb csomagtart\u00f3val rendelkezik, ha a h\u00e1ts\u00f3 \u00fcl\u00e9seket nem haszn\u00e1lj\u00e1k, ami ide\u00e1liss\u00e1 teszi csal\u00e1dok sz\u00e1m\u00e1ra, akiknek t\u00f6bb helyre van sz\u00fcks\u00e9g\u00fck.<br \/>\nA 5008 ezekkel az attrib\u00fatumokkal er\u0151s riv\u00e1lisokkal kell megk\u00fczdenie a h\u00e9t\u00fcl\u00e9ses csal\u00e1di SUV szegmensben. Az egyik f\u0151 versenyt\u00e1rsa a Skoda Kodiaq, mellette a mechanikailag hasonl\u00f3 SEAT Tarraco, amely szint\u00e9n az oszt\u00e1ly \u00e9l\u00e9n szerepel, b\u00e1r a 5008 remek alternat\u00edv\u00e1t k\u00edn\u00e1l. Tov\u00e1bb\u00e1 ott van a Nissan X-Trail \u00e9s a VW Tiguan Allspace is, b\u00e1r ezekn\u00e9l a modellekn\u00e9l kisebbek a h\u00e1ts\u00f3 \u00fcl\u00e9sek, mint a 5008-ban. Akik nagyobb h\u00e9t\u00fcl\u00e9ses praktikuss\u00e1gra v\u00e1gynak, azoknak a Hyundai Santa Fe \u00e9s a Kia Sorento lehet a megfelel\u0151 v\u00e1laszt\u00e1s.<\/p>\n<p>Egy tan\u00e1cs azonban: ha gyakran lesz sz\u00fcks\u00e9ged a harmadik \u00fcl\u00e9ssorra, akkor egyik sem lesz olyan praktikus, mint a francia m\u00e1rka m\u00e1sik h\u00e9t\u00fcl\u00e9ses aj\u00e1nlata, a Peugeot Rifter, \u00e9s annak Citro\u00ebn Berlingo \u00e9s Vauxhall Combo Life testv\u00e9rmodellei.<br \/>\nA 2020-as friss\u00edt\u00e9s sor\u00e1n n\u00e9h\u00e1ny apr\u00f3bb k\u00fcls\u0151 st\u00edlusv\u00e1ltoztat\u00e1s t\u00f6rt\u00e9nt, t\u00f6bbek k\u00f6z\u00f6tt egy nagyobb h\u0171t\u0151r\u00e1cs, \u00e1tdolgozott LED nappali fut\u00f3f\u00e9nyek \u00e9s \u00faj f\u00e9nysz\u00f3r\u00f3k ker\u00fcltek a modellbe. Az onboard technol\u00f3gia is friss\u00fclt, bele\u00e9rtve egy \u00faj, 10 h\u00fcvelykes infotainment k\u00e9perny\u0151t (bizonyos modelleken) \u00e9s egy friss\u00edtett, 12,3 h\u00fcvelykes digit\u00e1lis m\u0171szeregys\u00e9get.<\/p>\n","protected":false},"excerpt":{"rendered":"<p>\u201eA l\u00e1nyom \u00e9lete egy hajsz\u00e1lon m\u00falott\u201d \u2013 mondta az anya megt\u00f6rten. A k\u00e9t\u00f3r\u00e1s m\u0171t\u00e9t alatt a belek egy r\u00e9sz\u00e9t elt\u00e1vol\u00edtott\u00e1k,&#8230; <span class=\"gridview-grid-post-read-more\"><a href=\"https:\/\/online-filmkatarzis.com\/kucko\/hirek\/vegzetes-tragedia-14-magnest-nyelt-le-a-2-eves-rebeka\/\">read more<span class=\"gridview-sr-only\"> V\u00e9gzetes trag\u00e9dia: 14 m\u00e1gnest nyelt le a 2 \u00e9ves Rebeka!<\/span><\/a><\/span><\/p>\n","protected":false},"author":1,"featured_media":2158,"comment_status":"open","ping_status":"open","sticky":false,"template":"","format":"standard","meta":{"footnotes":""},"categories":[1],"tags":[],"class_list":["post-2157","post","type-post","status-publish","format-standard","has-post-thumbnail","hentry","category-egyeb","wpcat-1-id"],"_links":{"self":[{"href":"https:\/\/online-filmkatarzis.com\/kucko\/hirek\/wp-json\/wp\/v2\/posts\/2157","targetHints":{"allow":["GET"]}}],"collection":[{"href":"https:\/\/online-filmkatarzis.com\/kucko\/hirek\/wp-json\/wp\/v2\/posts"}],"about":[{"href":"https:\/\/online-filmkatarzis.com\/kucko\/hirek\/wp-json\/wp\/v2\/types\/post"}],"author":[{"embeddable":true,"href":"https:\/\/online-filmkatarzis.com\/kucko\/hirek\/wp-json\/wp\/v2\/users\/1"}],"replies":[{"embeddable":true,"href":"https:\/\/online-filmkatarzis.com\/kucko\/hirek\/wp-json\/wp\/v2\/comments?post=2157"}],"version-history":[{"count":1,"href":"https:\/\/online-filmkatarzis.com\/kucko\/hirek\/wp-json\/wp\/v2\/posts\/2157\/revisions"}],"predecessor-version":[{"id":2159,"href":"https:\/\/online-filmkatarzis.com\/kucko\/hirek\/wp-json\/wp\/v2\/posts\/2157\/revisions\/2159"}],"wp:featuredmedia":[{"embeddable":true,"href":"https:\/\/online-filmkatarzis.com\/kucko\/hirek\/wp-json\/wp\/v2\/media\/2158"}],"wp:attachment":[{"href":"https:\/\/online-filmkatarzis.com\/kucko\/hirek\/wp-json\/wp\/v2\/media?parent=2157"}],"wp:term":[{"taxonomy":"category","embeddable":true,"href":"https:\/\/online-filmkatarzis.com\/kucko\/hirek\/wp-json\/wp\/v2\/categories?post=2157"},{"taxonomy":"post_tag","embeddable":true,"href":"https:\/\/online-filmkatarzis.com\/kucko\/hirek\/wp-json\/wp\/v2\/tags?post=2157"}],"curies":[{"name":"wp","href":"https:\/\/api.w.org\/{rel}","templated":true}]}}