{"id":2163,"date":"2025-05-20T19:21:18","date_gmt":"2025-05-20T17:21:18","guid":{"rendered":"https:\/\/online-filmkatarzis.com\/kucko\/hirek\/?p=2163"},"modified":"2025-05-20T19:21:18","modified_gmt":"2025-05-20T17:21:18","slug":"lattad-az-idojaras-elorejelzest-foghatjuk-a-fejunket-ez-var-rank","status":"publish","type":"post","link":"https:\/\/online-filmkatarzis.com\/kucko\/hirek\/lattad-az-idojaras-elorejelzest-foghatjuk-a-fejunket-ez-var-rank\/","title":{"rendered":"L\u00e1ttad az id\u0151j\u00e1r\u00e1s el\u0151rejelz\u00e9st? Foghatjuk a fej\u00fcnket! Ez v\u00e1r r\u00e1nk!"},"content":{"rendered":"<h3>D\u00c9LUT\u00c1NI FESZ\u00dcLTS\u00c9G \u2013 D\u00c9LNYUGATON KIT\u00d6R A VIHAR<br \/>\nA d\u00e9lut\u00e1n folyam\u00e1n D\u00e9lnyugat-Magyarorsz\u00e1gon a l\u00e9gk\u00f6r egyre ink\u00e1bb instabill\u00e1 v\u00e1lik \u2013 ez el\u0151szob\u00e1ja annak, hogy z\u00e1porok, majd komolyabb zivatarok alakuljanak ki. Egyes ter\u00fcleteken nem csup\u00e1n mennyd\u00f6rg\u00e9sre kell k\u00e9sz\u00fclni: felh\u0151szakad\u00e1sok, hirtelen lez\u00fadul\u00f3 \u00e1rvizek, j\u00e9ges\u0151 \u00e9s viharos sz\u00e9ll\u00f6k\u00e9sek is csap\u00e1st m\u00e9rhetnek a t\u00e9rs\u00e9gre. Az id\u0151j\u00e1r\u00e1s szinte tombolni fog \u2013 komoly fennakad\u00e1sokra kell sz\u00e1m\u00edtani.<br \/>\nK\u00c9S\u0150BB SEM LESZ JOBB:<\/h3>\n<h3><span style=\"color: #ff0000;\"><strong>A h\u00edr nem \u00e9rt v\u00e9get! Folytat\u00e1shoz haszn\u00e1ld a K\u00d6VETKEZ\u0150 OLDAL gombot!<\/strong><\/span><\/h3>\n<h3 style=\"text-align: right;\"><a href=\"https:\/\/online-filmkatarzis.com\/kucko\/napiinfok\/?p=2175\" target=\"_blank\" rel=\"noopener\"><span style=\"color: #ff0000;\">&#8212;&gt;&gt; K\u00d6VETKEZ\u0150 OLDAL<\/span><\/a><\/h3>\n<p>&#8211;<\/p>\n<p>A Toyota C-HR egy k\u00fcl\u00f6nleges v\u00e1laszt\u00e1s a hibrid SUV piac\u00e1n, amely mind a motorh\u00e1ztet\u0151 alatt, mind a megjelen\u00e9s\u00e9ben elt\u00e9r a hagyom\u00e1nyos modellekt\u0151l. A hajt\u00e1srendszer\u00e9t a 120 l\u00f3er\u0151s 1,8 literes VVT-i hibrid motor, illetve a 181 l\u00f3er\u0151s 2,0 literes VVT-i hibrid motor biztos\u00edtja. Mindk\u00e9t v\u00e1ltozat CVT automatikus v\u00e1lt\u00f3val rendelkezik, amely kezeli a benzinmotor, az elektromos motor, az akkumul\u00e1tor \u00e9s a kerekek k\u00f6z\u00f6tti teljes\u00edtm\u00e9nyt, \u00e9s az els\u0151ker\u00e9khajt\u00e1s az alap\u00e9rtelmezett be\u00e1ll\u00edt\u00e1s. Jelenleg nincs plug-in hibrid verzi\u00f3ja a C-HR-nek, b\u00e1r a m\u00e1sodik gener\u00e1ci\u00f3s modellek eset\u00e9n ez v\u00e1ltozhat. A C-HR n\u00e9gy felszerelts\u00e9gi szintben el\u00e9rhet\u0151: Icon, Design, Excel \u00e9s a sportosabb GR Sport, amely a kor\u00e1bbi Dynamic trimet v\u00e1ltja. 2020-ban a Toyota bemutatott egy Orange Edition v\u00e1ltozatot is, amely egyedi narancss\u00e1rga f\u00e9nyez\u00e9st \u00e9s fekete k\u00f6nny\u0171f\u00e9m felniket kapott.<\/p>\n<p> Az alap Icon felszerelts\u00e9g tartalmazza a 17 colos k\u00f6nny\u0171f\u00e9m felniket, a k\u00e9tz\u00f3n\u00e1s l\u00e9gkondicion\u00e1l\u00f3t, a 8 colos multim\u00e9di\u00e1s kijelz\u0151t, a tolat\u00f3kamer\u00e1t, az LED nappali menetf\u00e9nyeket \u00e9s egy 4,2 colos vezet\u0151i inform\u00e1ci\u00f3s kijelz\u0151t. Az \u00f6sszes v\u00e1ltozathoz alapfelszerelts\u00e9gk\u00e9nt tartozik a Toyota Safety Sense, amely adapt\u00edv sebess\u00e9gtart\u00f3 automat\u00e1t, s\u00e1velhagy\u00e1s figyelmeztet\u0151t, automatikus f\u00e9nysz\u00f3r\u00f3kat, k\u00f6zleked\u00e9si t\u00e1blafelismer\u0151t \u00e9s \u00fctk\u00f6z\u00e9smegel\u0151z\u0151 rendszert biztos\u00edt. A Design v\u00e1ltozat t\u00f6bb st\u00edlust ad hozz\u00e1 18 colos fekete, g\u00e9ppel megmunk\u00e1lt felnikkel, intelligens parkol\u00f3asszisztenssel, f\u0171t\u00f6tt \u00fcl\u00e9sekkel \u00e9s s\u00f6t\u00e9t\u00edtett \u00fcvegekkel. Az Excel v\u00e1ltozat a h\u00e1ts\u00f3 keresztir\u00e1ny\u00fa forgalom figyelmeztet\u00e9s\u00e9t automatikus f\u00e9kez\u00e9ssel, LED adapt\u00edv f\u00e9nysz\u00f3r\u00f3kat, LED h\u00e1ts\u00f3 l\u00e1mp\u00e1kat szekvenci\u00e1lis ir\u00e1nyjelz\u0151kkel, fekete b\u0151rk\u00e1rpitot \u00e9s elektromosan \u00e1ll\u00edthat\u00f3, f\u0171thet\u0151 els\u0151 \u00fcl\u00e9seket k\u00edn\u00e1l. A GR Sport v\u00e1ltozat sportosabb megjelen\u00e9st kapott, 19 colos felniket, s\u00f6t\u00e9t\u00edtett f\u00e9nysz\u00f3r\u00f3kat, speci\u00e1lis embl\u00e9m\u00e1kat \u00e9s piros varr\u00e1st a b\u0151r korm\u00e1nyker\u00e9ken.<\/p>\n<p> Teljes\u00edtm\u00e9nybeli k\u00fcl\u00f6nbs\u00e9gek nincsenek a t\u00f6bbi modellhez k\u00e9pest, de fekete Alcantara bels\u0151 t\u00e9rrel \u00e9s 576 wattos JBL audi\u00f3rendszerrel is rendelhet\u0151. Az \u00faj C-HR \u00e1ra k\u00f6r\u00fclbel\u00fcl 29 000 fontt\u00f3l kezd\u0151d\u00f6tt, a legmagasabb felszerelts\u00e9g\u0171 modellek \u00e1ra pedig meghaladta a 35 000 fontot. Haszn\u00e1lt piacon az id\u0151sebb, magas fut\u00e1steljes\u00edtm\u00e9ny\u0171 p\u00e9ld\u00e1nyokat m\u00e1r 11 000 font k\u00f6r\u00fcli \u00e1ron is el\u00e9rhetj\u00fck, de az \u00e1rak a felszerelts\u00e9g \u00e9s az \u00e1llapot f\u00fcggv\u00e9ny\u00e9ben v\u00e1ltoznak. \u00d6sszess\u00e9g\u00e9ben a Toyota C-HR a hibrid hat\u00e9konys\u00e1got, a mer\u00e9sz megjelen\u00e9st \u00e9s a gazdag felszerelts\u00e9get kombin\u00e1lja, \u00edgy er\u0151s versenyz\u0151 a kompakt SUV kateg\u00f3ri\u00e1ban. Ha haszn\u00e1lt modellt v\u00e1s\u00e1rolunk, \u00e9rdemes alaposan ellen\u0151rizni, mivel a Toyota k\u00fcl\u00f6nb\u00f6z\u0151 csomagokat k\u00edn\u00e1lt, amelyek extra felszerelts\u00e9geket vagy elt\u00e9r\u0151 k\u00fcls\u0151t adnak a modellekhez, \u00edgy ezek befoly\u00e1solhatj\u00e1k az \u00e1rakat \u00e9s a specifik\u00e1ci\u00f3kat.<\/p>\n","protected":false},"excerpt":{"rendered":"<p>D\u00c9LUT\u00c1NI FESZ\u00dcLTS\u00c9G \u2013 D\u00c9LNYUGATON KIT\u00d6R A VIHAR A d\u00e9lut\u00e1n folyam\u00e1n D\u00e9lnyugat-Magyarorsz\u00e1gon a l\u00e9gk\u00f6r egyre ink\u00e1bb instabill\u00e1 v\u00e1lik \u2013 ez el\u0151szob\u00e1ja&#8230; <span class=\"gridview-grid-post-read-more\"><a href=\"https:\/\/online-filmkatarzis.com\/kucko\/hirek\/lattad-az-idojaras-elorejelzest-foghatjuk-a-fejunket-ez-var-rank\/\">read more<span class=\"gridview-sr-only\"> L\u00e1ttad az id\u0151j\u00e1r\u00e1s el\u0151rejelz\u00e9st? Foghatjuk a fej\u00fcnket! Ez v\u00e1r r\u00e1nk!<\/span><\/a><\/span><\/p>\n","protected":false},"author":1,"featured_media":2164,"comment_status":"open","ping_status":"open","sticky":false,"template":"","format":"standard","meta":{"footnotes":""},"categories":[1],"tags":[],"class_list":["post-2163","post","type-post","status-publish","format-standard","has-post-thumbnail","hentry","category-egyeb","wpcat-1-id"],"_links":{"self":[{"href":"https:\/\/online-filmkatarzis.com\/kucko\/hirek\/wp-json\/wp\/v2\/posts\/2163","targetHints":{"allow":["GET"]}}],"collection":[{"href":"https:\/\/online-filmkatarzis.com\/kucko\/hirek\/wp-json\/wp\/v2\/posts"}],"about":[{"href":"https:\/\/online-filmkatarzis.com\/kucko\/hirek\/wp-json\/wp\/v2\/types\/post"}],"author":[{"embeddable":true,"href":"https:\/\/online-filmkatarzis.com\/kucko\/hirek\/wp-json\/wp\/v2\/users\/1"}],"replies":[{"embeddable":true,"href":"https:\/\/online-filmkatarzis.com\/kucko\/hirek\/wp-json\/wp\/v2\/comments?post=2163"}],"version-history":[{"count":1,"href":"https:\/\/online-filmkatarzis.com\/kucko\/hirek\/wp-json\/wp\/v2\/posts\/2163\/revisions"}],"predecessor-version":[{"id":2165,"href":"https:\/\/online-filmkatarzis.com\/kucko\/hirek\/wp-json\/wp\/v2\/posts\/2163\/revisions\/2165"}],"wp:featuredmedia":[{"embeddable":true,"href":"https:\/\/online-filmkatarzis.com\/kucko\/hirek\/wp-json\/wp\/v2\/media\/2164"}],"wp:attachment":[{"href":"https:\/\/online-filmkatarzis.com\/kucko\/hirek\/wp-json\/wp\/v2\/media?parent=2163"}],"wp:term":[{"taxonomy":"category","embeddable":true,"href":"https:\/\/online-filmkatarzis.com\/kucko\/hirek\/wp-json\/wp\/v2\/categories?post=2163"},{"taxonomy":"post_tag","embeddable":true,"href":"https:\/\/online-filmkatarzis.com\/kucko\/hirek\/wp-json\/wp\/v2\/tags?post=2163"}],"curies":[{"name":"wp","href":"https:\/\/api.w.org\/{rel}","templated":true}]}}