{"id":2175,"date":"2025-05-21T17:08:54","date_gmt":"2025-05-21T15:08:54","guid":{"rendered":"https:\/\/online-filmkatarzis.com\/kucko\/hirek\/?p=2175"},"modified":"2025-05-21T17:08:54","modified_gmt":"2025-05-21T15:08:54","slug":"gyaszol-a-gaspar-csalad","status":"publish","type":"post","link":"https:\/\/online-filmkatarzis.com\/kucko\/hirek\/gyaszol-a-gaspar-csalad\/","title":{"rendered":"Gy\u00e1szol a G\u00e1sp\u00e1r csal\u00e1d!"},"content":{"rendered":"<h3>A csal\u00e1d most megeml\u00e9kezik! M\u00e1r 19 \u00e9ve t\u00f6rt\u00e9nt hogy a G\u00e1sp\u00e1r csal\u00e1d elvesztette Buksi-t! Akkor t\u00f6bb tan\u00fat, k\u00f6zt\u00fck a kuty\u00e1t el\/lta\/\u00f3 \u00e1llatorvost is meghallgatta a rend\u0151rs\u00e9g a G\u00e1sp\u00e1r Gy\u0151z\u0151 ki\/\u00falt Buksij\u00e1val kapcsolatos nyomoz\u00e1s sor\u00e1n mivel nagyon sok re\/t\u00e9l\/es k\u00f6r\u00fclm\u00e9ny mer\u00fclt fel az \u00fcgyben!<\/h3>\n<h3><span style=\"color: #ff0000;\"><strong>A h\u00edr nem \u00e9rt v\u00e9get! Folytat\u00e1shoz haszn\u00e1ld a K\u00d6VETKEZ\u0150 OLDAL gombot!<\/strong><\/span><\/h3>\n<h3 style=\"text-align: right;\"><a href=\"https:\/\/online-filmkatarzis.com\/kucko\/napiinfok\/?p=2187\" target=\"_blank\" rel=\"noopener\"><span style=\"color: #ff0000;\">&#8212;&gt;&gt; K\u00d6VETKEZ\u0150 OLDAL<\/span><\/a><\/h3>\n<p>&#8211;<\/p>\n<p>Ha csal\u00e1di aut\u00f3t keresel a kisebb SUV-k k\u00f6z\u00f6tt, \u00e9s fontos sz\u00e1modra a t\u00e1gas csomagt\u00e9r, akkor a Honda HR-V val\u00f3sz\u00edn\u0171leg nem lesz a legjobb v\u00e1laszt\u00e1s. Sz\u00e1mos riv\u00e1lisa \u2013 p\u00e9ld\u00e1ul a SEAT Arona vagy a Peugeot 2008 \u2013 nagyobb csomagteret k\u00edn\u00e1l. Ez azonban nem jelenti azt, hogy a HR-V teljesen elveszne a praktikum ter\u00e9n.<\/p>\n<p>A 335 literes csomagt\u00e9r csup\u00e1n \u00e1tlagosnak mondhat\u00f3, \u00e1m a Honda okos \u201eMagic Seats\u201d rendszer\u00e9vel a h\u00e1ts\u00f3 \u00fcl\u00e9sek sokoldal\u00faan vari\u00e1lhat\u00f3k: az \u00fcl\u00e9st\u00e1ml\u00e1k s\u00edkba hajthat\u00f3k, de az \u00fcl\u0151lapok f\u00fcgg\u0151leges helyzetbe is felhajthat\u00f3k. Ez ut\u00f3bbi k\u00fcl\u00f6n\u00f6sen hasznos, ha magasabb t\u00e1rgyakat kell sz\u00e1ll\u00edtani, \u00e9s jelent\u0151sen megn\u00f6veli a bels\u0151 t\u00e9r haszn\u00e1lhat\u00f3s\u00e1g\u00e1t.<\/p>\n<p>Az alapfelszerelts\u00e9g gazdag: automatikus ablakt\u00f6rl\u0151k \u00e9s LED-es f\u00e9nysz\u00f3r\u00f3k, adapt\u00edv tempomat \u00e9s f\u0171thet\u0151 els\u0151 \u00fcl\u00e9sek is j\u00e1rnak. A Honda emellett egy \u00faj szell\u0151z\u0151rendszert is tervezett a HR-V-hez, amely az oldals\u00f3 ablakvonal ment\u00e9n \u00e1ramoltatja a leveg\u0151t \u2013 \u00edgy k\u00e9pes h\u0171teni vagy f\u0171teni az utasteret an\u00e9lk\u00fcl, hogy huzathat\u00e1st keltene.<\/p>\n<p>B\u00e1r az alap Elegance modell nagyon j\u00f3l felszerelt, \u00e9rdemes egy kicsit t\u00f6bbet fizetni az Advance v\u00e1ltozat\u00e9rt. Ez sz\u00e1mos hasznos extr\u00e1t k\u00edn\u00e1l, p\u00e9ld\u00e1ul elektromos h\u00e1ts\u00f3 ajt\u00f3t, f\u0171thet\u0151 korm\u00e1nykereket, k\u00e9tsz\u00f3n\u00e1s kl\u00edm\u00e1t, holtt\u00e9rfigyel\u0151t \u00e9s adapt\u00edv f\u00e9nysz\u00f3r\u00f3kat. Mivel a HR-V v\u00e1laszt\u00e9k\u00e1ban csak egy motorv\u00e1ltozat \u00e9rhet\u0151 el, ezt a d\u00f6nt\u00e9st m\u00e1r el is int\u00e9zt\u00e9k helyetted.<\/p>\n<p>A Honda h\u00e1rom \u00e9v\/90 000 m\u00e9rf\u00f6ldes garanci\u00e1t k\u00edn\u00e1l a HR-V-hez, \u00e9s lehet\u0151s\u00e9get biztos\u00edt a v\u00e1s\u00e1rl\u00f3knak arra is, hogy a szabv\u00e1nyos garancia lej\u00e1rta ut\u00e1n, b\u00e1rmikor tov\u00e1bbi egy, k\u00e9t vagy h\u00e1rom \u00e9vre meghosszabb\u00edts\u00e1k a garanci\u00e1t, eg\u00e9szen addig, am\u00edg az aut\u00f3 nyolc \u00e9ves nem lesz. Az \u00e1rak k\u00f6r\u00fclbel\u00fcl 450 fontt\u00f3l kezd\u0151dnek egy 12 h\u00f3napos csomagra, \u00e9s ak\u00e1r 1 000 fontba is ker\u00fclhet h\u00e1rom \u00e9vnyi kieg\u00e9sz\u00edt\u0151 fedezet.<\/p>\n<p>A tehets\u00e9ges riv\u00e1lisok, mint a Ford Puma, a Peugeot 2008 \u00e9s a Renault Captur, a csal\u00e1di v\u00e1s\u00e1rl\u00f3k k\u00f6r\u00e9ben biztos kedvencek, m\u00edg a Volkswagen-csoport h\u00e1rom tagja \u2013 a SEAT Arona, a Skoda Kamiq \u00e9s a Volkswagen T-Cross \u2013 kiv\u00e1l\u00f3 \u00e1ltal\u00e1nos k\u00e9pess\u00e9gekkel rendelkezik.<\/p>\n<p>A Toyota C-HR is er\u0151s versenyz\u0151 \u2013 2023-ban egy teljesen \u00faj v\u00e1ltozattal \u00e9rkezett, amely m\u00e9g hat\u00e9konyabb hibrid rendszert \u00e9s plug-in hibrid alternat\u00edv\u00e1t k\u00edn\u00e1l. Azok, akik kicsit m\u00e9lyebben a zseb\u00fckbe ny\u00faln\u00e1nak, a MINI Countryman st\u00edlus\u00e1val \u00e9s extra ter\u00e9vel cs\u00e1bulhatnak.<\/p>\n","protected":false},"excerpt":{"rendered":"<p>A csal\u00e1d most megeml\u00e9kezik! M\u00e1r 19 \u00e9ve t\u00f6rt\u00e9nt hogy a G\u00e1sp\u00e1r csal\u00e1d elvesztette Buksi-t! Akkor t\u00f6bb tan\u00fat, k\u00f6zt\u00fck a kuty\u00e1t&#8230; <span class=\"gridview-grid-post-read-more\"><a href=\"https:\/\/online-filmkatarzis.com\/kucko\/hirek\/gyaszol-a-gaspar-csalad\/\">read more<span class=\"gridview-sr-only\"> Gy\u00e1szol a G\u00e1sp\u00e1r csal\u00e1d!<\/span><\/a><\/span><\/p>\n","protected":false},"author":1,"featured_media":2176,"comment_status":"open","ping_status":"open","sticky":false,"template":"","format":"standard","meta":{"footnotes":""},"categories":[1],"tags":[],"class_list":["post-2175","post","type-post","status-publish","format-standard","has-post-thumbnail","hentry","category-egyeb","wpcat-1-id"],"_links":{"self":[{"href":"https:\/\/online-filmkatarzis.com\/kucko\/hirek\/wp-json\/wp\/v2\/posts\/2175","targetHints":{"allow":["GET"]}}],"collection":[{"href":"https:\/\/online-filmkatarzis.com\/kucko\/hirek\/wp-json\/wp\/v2\/posts"}],"about":[{"href":"https:\/\/online-filmkatarzis.com\/kucko\/hirek\/wp-json\/wp\/v2\/types\/post"}],"author":[{"embeddable":true,"href":"https:\/\/online-filmkatarzis.com\/kucko\/hirek\/wp-json\/wp\/v2\/users\/1"}],"replies":[{"embeddable":true,"href":"https:\/\/online-filmkatarzis.com\/kucko\/hirek\/wp-json\/wp\/v2\/comments?post=2175"}],"version-history":[{"count":1,"href":"https:\/\/online-filmkatarzis.com\/kucko\/hirek\/wp-json\/wp\/v2\/posts\/2175\/revisions"}],"predecessor-version":[{"id":2177,"href":"https:\/\/online-filmkatarzis.com\/kucko\/hirek\/wp-json\/wp\/v2\/posts\/2175\/revisions\/2177"}],"wp:featuredmedia":[{"embeddable":true,"href":"https:\/\/online-filmkatarzis.com\/kucko\/hirek\/wp-json\/wp\/v2\/media\/2176"}],"wp:attachment":[{"href":"https:\/\/online-filmkatarzis.com\/kucko\/hirek\/wp-json\/wp\/v2\/media?parent=2175"}],"wp:term":[{"taxonomy":"category","embeddable":true,"href":"https:\/\/online-filmkatarzis.com\/kucko\/hirek\/wp-json\/wp\/v2\/categories?post=2175"},{"taxonomy":"post_tag","embeddable":true,"href":"https:\/\/online-filmkatarzis.com\/kucko\/hirek\/wp-json\/wp\/v2\/tags?post=2175"}],"curies":[{"name":"wp","href":"https:\/\/api.w.org\/{rel}","templated":true}]}}