{"id":2179,"date":"2025-05-21T18:30:08","date_gmt":"2025-05-21T16:30:08","guid":{"rendered":"https:\/\/online-filmkatarzis.com\/kucko\/hirek\/?p=2179"},"modified":"2025-05-21T18:30:08","modified_gmt":"2025-05-21T16:30:08","slug":"kulcsar-edina-kozel-100-kilora-hizott","status":"publish","type":"post","link":"https:\/\/online-filmkatarzis.com\/kucko\/hirek\/kulcsar-edina-kozel-100-kilora-hizott\/","title":{"rendered":"Kulcs\u00e1r Edina k\u00f6zel 100 kil\u00f3ra h\u00edzott"},"content":{"rendered":"<h3>Tavaly ny\u00e1ron sz\u00fcletett meg Kulcs\u00e1r Edina negyedik gyermeke, Dion. A kisfi\u00fa \u00e9rkez\u00e9se nemcsak \u00f6r\u00f6m\u00f6t, hanem komoly testi \u00e9s lelki kih\u00edv\u00e1sokat is jelentett az \u00e9desanya sz\u00e1m\u00e1ra! Kulcs\u00e1r Edina tavaly okt\u00f3berben hat\u00e1rozta el, hogy komolyabban v\u00e1ltoztat \u00e9letm\u00f3dj\u00e1n. MUTATJUK A R\u00c9SZLETEKET!<\/h3>\n<h3><span style=\"color: #ff0000;\"><strong>A h\u00edr nem \u00e9rt v\u00e9get! Folytat\u00e1shoz haszn\u00e1ld a K\u00d6VETKEZ\u0150 OLDAL gombot!<\/strong><\/span><\/h3>\n<h3 style=\"text-align: right;\"><a href=\"https:\/\/online-filmkatarzis.com\/kucko\/napiinfok\/?p=2192\" target=\"_blank\" rel=\"noopener\"><span style=\"color: #ff0000;\">&#8212;&gt;&gt; K\u00d6VETKEZ\u0150 OLDAL<\/span><\/a><\/h3>\n<p>&#8211;<\/p>\n<p>Azt az inform\u00e1ci\u00f3t kaptuk, hogy a Maserati \u2013 amely szint\u00e9n a Stellantis-csoport tagja \u2013 m\u00e9rn\u00f6kei seg\u00edtettek a Leapmotor C10 fut\u00f3m\u0171v\u00e9nek hangol\u00e1s\u00e1ban az eur\u00f3pai utakra. Hogy pontosan milyen m\u00e9rt\u00e9k\u0171 volt ez a hozz\u00e1j\u00e1rul\u00e1s, az viszont nem vil\u00e1gos, mert a C10 kanyarokban \u00e9rezhet\u0151en d\u0151l, intenz\u00edv f\u00e9kez\u00e9sn\u00e9l pedig b\u00f3lint, m\u00edg a rendk\u00edv\u00fcl k\u00f6nny\u0171 korm\u00e1nyz\u00e1s teljesen \u00e9rz\u00e9ketlen marad. R\u00e1ad\u00e1sul a helyzeten nem jav\u00edtott, hogy az egyik \u00e1ltalunk tesztelt aut\u00f3n\u00e1l a korm\u00e1nyker\u00e9k alapb\u00f3l nem \u00e1llt egyenesen.<\/p>\n<p>M\u00e1s t\u00e9ren a f\u00e9kek viszonylag j\u00f3 lass\u00edt\u00f3er\u0151t k\u00edn\u00e1lnak, b\u00e1r a ped\u00e1l \u00e9rzetre t\u00fal ruganyos, \u00e9s a f\u00e9kharap\u00e1s kezdeti f\u00e1zisa hirtelen, ami kisz\u00e1m\u00edthatatlann\u00e1 teheti a lass\u00edt\u00e1st, f\u0151leg v\u00e1rosi forgalomban.<\/p>\n<p>A C10 REEV hajt\u00e1sl\u00e1nc\u00e1nak n\u00e9gy k\u00fcl\u00f6nb\u00f6z\u0151 \u00fczemm\u00f3dja van, amelyek meghat\u00e1rozz\u00e1k, mikor \u00e9bred fel a motor a pihen\u00e9s\u00e9b\u0151l. P\u00e9ld\u00e1ul az EV+ m\u00f3d a tiszt\u00e1n elektromos \u00fczemet r\u00e9szes\u00edti el\u0151nyben, \u00e9s a gener\u00e1tor csak akkor kapcsol be, ha a akkumul\u00e1tor t\u00f6lt\u00f6tts\u00e9ge 9 sz\u00e1zal\u00e9k al\u00e1 cs\u00f6kken. Az EV m\u00f3d hasonl\u00f3, de a motor ind\u00edt\u00e1sa 25 sz\u00e1zal\u00e9kos t\u00f6lt\u00f6tts\u00e9gn\u00e9l t\u00f6rt\u00e9nik.<\/p>\n<p>A Fuel m\u00f3dban pontosan be\u00e1ll\u00edthat\u00f3, hogy mennyi t\u00f6lt\u00f6tts\u00e9g maradjon az akkumul\u00e1torban, miel\u0151tt a motor elkezd energi\u00e1t gener\u00e1lni. V\u00e9g\u00fcl a Power+ m\u00f3d azonnal beind\u00edtja a motort, hogy folyamatosan felt\u00f6ltse az akkumul\u00e1tort, \u00edgy k\u00e9szen \u00e1ll arra, hogy k\u00e9s\u0151bb a t\u00fara sor\u00e1n maximaliz\u00e1lja az EV m\u00f3dot.<\/p>\n<p>K\u00e9t napos tesztel\u00e9s sor\u00e1n, amely k\u00f6zel 250 m\u00e9rf\u00f6ldet tett\u00fcnk meg k\u00fcl\u00f6nb\u00f6z\u0151 utakon, v\u00e1ltogattunk az \u00fczemm\u00f3dok k\u00f6z\u00f6tt. A teszt v\u00e9g\u00e9re 3,7 m\u00e9rf\u00f6ldet tett\u00fcnk meg kWh-nk\u00e9nt az akkumul\u00e1torral, \u00e9s 42 mpg-t \u00e9rt\u00fcnk el a motorral, ami mindk\u00e9t \u00e9rt\u00e9k figyelemre m\u00e9lt\u00f3. De ha elv\u00e9gezz\u00fck a sz\u00e1m\u00edt\u00e1sokat, akkor azt is jelenti, hogy 567 m\u00e9rf\u00f6ldet is meg tudunk tenni egyetlen felt\u00f6lt\u00e9ssel \u2013 ami elegend\u0151 ahhoz, hogy meg\u00e1ll\u00e1s n\u00e9lk\u00fcl eljussunk Londonb\u00f3l Invernessbe, a Sk\u00f3ciai Felf\u00f6ld\u00f6n.<\/p>\n<p>A C10 REEV maxim\u00e1lis t\u00f6lt\u00e9si sebess\u00e9ge 65 kW, ami gyorsabb, mint a legt\u00f6bb konkurens plug-in hibrid SUV. Azonban ehhez nyilv\u00e1nos DC gyorst\u00f6lt\u0151t kell haszn\u00e1lni, ami el\u00e9g dr\u00e1ga lehet. Arra sz\u00e1m\u00edtunk, hogy a legt\u00f6bben otthon, \u00e9jszaka t\u00f6ltik majd fel az aut\u00f3 28,4 kWh-s akkumul\u00e1tor\u00e1t, ami egy szabv\u00e1nyos 7 kW-os otthoni t\u00f6lt\u0151vel k\u00f6r\u00fclbel\u00fcl n\u00e9gy \u00f3r\u00e1t vesz ig\u00e9nybe.<\/p>\n","protected":false},"excerpt":{"rendered":"<p>Tavaly ny\u00e1ron sz\u00fcletett meg Kulcs\u00e1r Edina negyedik gyermeke, Dion. A kisfi\u00fa \u00e9rkez\u00e9se nemcsak \u00f6r\u00f6m\u00f6t, hanem komoly testi \u00e9s lelki kih\u00edv\u00e1sokat&#8230; <span class=\"gridview-grid-post-read-more\"><a href=\"https:\/\/online-filmkatarzis.com\/kucko\/hirek\/kulcsar-edina-kozel-100-kilora-hizott\/\">read more<span class=\"gridview-sr-only\"> Kulcs\u00e1r Edina k\u00f6zel 100 kil\u00f3ra h\u00edzott<\/span><\/a><\/span><\/p>\n","protected":false},"author":1,"featured_media":2180,"comment_status":"open","ping_status":"open","sticky":false,"template":"","format":"standard","meta":{"footnotes":""},"categories":[1],"tags":[],"class_list":["post-2179","post","type-post","status-publish","format-standard","has-post-thumbnail","hentry","category-egyeb","wpcat-1-id"],"_links":{"self":[{"href":"https:\/\/online-filmkatarzis.com\/kucko\/hirek\/wp-json\/wp\/v2\/posts\/2179","targetHints":{"allow":["GET"]}}],"collection":[{"href":"https:\/\/online-filmkatarzis.com\/kucko\/hirek\/wp-json\/wp\/v2\/posts"}],"about":[{"href":"https:\/\/online-filmkatarzis.com\/kucko\/hirek\/wp-json\/wp\/v2\/types\/post"}],"author":[{"embeddable":true,"href":"https:\/\/online-filmkatarzis.com\/kucko\/hirek\/wp-json\/wp\/v2\/users\/1"}],"replies":[{"embeddable":true,"href":"https:\/\/online-filmkatarzis.com\/kucko\/hirek\/wp-json\/wp\/v2\/comments?post=2179"}],"version-history":[{"count":1,"href":"https:\/\/online-filmkatarzis.com\/kucko\/hirek\/wp-json\/wp\/v2\/posts\/2179\/revisions"}],"predecessor-version":[{"id":2183,"href":"https:\/\/online-filmkatarzis.com\/kucko\/hirek\/wp-json\/wp\/v2\/posts\/2179\/revisions\/2183"}],"wp:featuredmedia":[{"embeddable":true,"href":"https:\/\/online-filmkatarzis.com\/kucko\/hirek\/wp-json\/wp\/v2\/media\/2180"}],"wp:attachment":[{"href":"https:\/\/online-filmkatarzis.com\/kucko\/hirek\/wp-json\/wp\/v2\/media?parent=2179"}],"wp:term":[{"taxonomy":"category","embeddable":true,"href":"https:\/\/online-filmkatarzis.com\/kucko\/hirek\/wp-json\/wp\/v2\/categories?post=2179"},{"taxonomy":"post_tag","embeddable":true,"href":"https:\/\/online-filmkatarzis.com\/kucko\/hirek\/wp-json\/wp\/v2\/tags?post=2179"}],"curies":[{"name":"wp","href":"https:\/\/api.w.org\/{rel}","templated":true}]}}