{"id":2184,"date":"2025-05-21T19:24:04","date_gmt":"2025-05-21T17:24:04","guid":{"rendered":"https:\/\/online-filmkatarzis.com\/kucko\/hirek\/?p=2184"},"modified":"2025-05-21T19:24:04","modified_gmt":"2025-05-21T17:24:04","slug":"megvan-ki-lesz-2025-ben-a-nagy-o","status":"publish","type":"post","link":"https:\/\/online-filmkatarzis.com\/kucko\/hirek\/megvan-ki-lesz-2025-ben-a-nagy-o\/","title":{"rendered":"Megvan ki lesz 2025-ben a Nagy \u0150!"},"content":{"rendered":"<h3>Az els\u0151 hazai Nagy \u0150 Nosz\u00e1ly S\u00e1ndor volt, aki nemr\u00e9g s\u00falyos probl\u00e9m\u00e1kkal ker\u00fclt pszichi\u00e1tri\u00e1ra. A m\u0171sor id\u00e9n is visszat\u00e9r a csatorn\u00e1ra \u00e9s m\u00e1r jav\u00e1ban folynak a tal\u00e1lgat\u00e1sok arr\u00f3l, hogy ez\u00fattal ki lesz a Nagy \u0150. Internetes f\u00f3rumokon azt \u00e1ll\u00edtj\u00e1k, hogy nagy a val\u00f3sz\u00edn\u0171s\u00e9ge, hogy a H\u00e1zass\u00e1g els\u0151 l\u00e1t\u00e1sra szerepl\u0151je, Szolnoki Szabolcs lesz a befut\u00f3, amire a TV2 is reag\u00e1lt.<\/h3>\n<h3><span style=\"color: #ff0000;\"><strong>A h\u00edr nem \u00e9rt v\u00e9get! Folytat\u00e1shoz haszn\u00e1ld a K\u00d6VETKEZ\u0150 OLDAL gombot!<\/strong><\/span><\/h3>\n<h3 style=\"text-align: right;\"><a href=\"https:\/\/online-filmkatarzis.com\/kucko\/napiinfok\/?p=2198\" target=\"_blank\" rel=\"noopener\"><span style=\"color: #ff0000;\">&#8212;&gt;&gt; K\u00d6VETKEZ\u0150 OLDAL<\/span><\/a><\/h3>\n<p>&#8211;<\/p>\n<p>Aki ink\u00e1bb benzines modellt szeretne, annak a P530 \u00e9s P615 \u00e1ll rendelkez\u00e9s\u00e9re, mindkett\u0151ben 4,4 literes ikerturb\u00f3s V8-as motor dolgozik. Ezek j\u00f3val szomjasabbak, a WLTP szerinti vegyes fogyaszt\u00e1s a P530-n\u00e1l 9,6 l\/100 km (24,5 mpg) \u00e9s 261 g\/km CO\u2082, m\u00edg a P615-n\u00e9l 9,7 l\/100 km (24,2 mpg) \u00e9s 264 g\/km CO\u2082.<\/p>\n<p>A plug-in hibrid modellek, a P460e \u00e9s a P550e viszont figyelemre m\u00e9lt\u00f3 \u00e9rt\u00e9keket produk\u00e1lnak: el\u0151bbi 375,7 mpg (kb. 0,75 l\/100 km) \u00e9s 17 g\/km CO\u2082, ut\u00f3bbi pedig 356,9 mpg (kb. 0,79 l\/100 km) \u00e9s 18 g\/km CO\u2082. Ezek persze kombin\u00e1lt, labork\u00f6r\u00fclm\u00e9nyek k\u00f6z\u00f6tt m\u00e9rt adatok, de megfelel\u0151 haszn\u00e1lat mellett (gyakori t\u00f6lt\u00e9s \u00e9s r\u00f6videbb utak eset\u00e9n) a val\u00f3s\u00e1gban is nagyon gazdas\u00e1gosan \u00fczemeltethet\u0151k.<\/p>\n<p>A Range Rover h\u00edrneve a kiv\u00e9teles terepj\u00e1r\u00f3 k\u00e9pess\u00e9geihez \u00e9s sokoldal\u00fas\u00e1g\u00e1hoz f\u0171z\u0151dik, ez\u00e9rt elengedhetetlen, hogy olyan motorv\u00e1laszt\u00e9k \u00e1lljon rendelkez\u00e9sre, amely k\u00e9pes ezt al\u00e1t\u00e1masztani. A modellv\u00e1laszt\u00e9kban megtal\u00e1lhat\u00f3ak benzin- \u00e9s d\u00edzelmotorok mild-hibrid technol\u00f3gi\u00e1val, amelyek a fogyaszt\u00e1s cs\u00f6kkent\u00e9s\u00e9re \u00e9s a k\u00e1rosanyag-kibocs\u00e1t\u00e1s minimaliz\u00e1l\u00e1s\u00e1ra hivatottak, tov\u00e1bb\u00e1 k\u00e9t plug-in hibrid verzi\u00f3 \u00e9s k\u00e9t 4,4 literes V8-as benzinmotor is el\u00e9rhet\u0151. A teljesen elektromos v\u00e1ltozat v\u00e1rhat\u00f3an 2025 v\u00e9g\u00e9n \u00e9rkezik.<\/p>\n<p>B\u00e1rmelyik motorv\u00e1ltozatr\u00f3l is legyen sz\u00f3, mindegyik b\u0151s\u00e9ges teljes\u00edtm\u00e9nyt ny\u00fajt, de a figyelemre m\u00e9lt\u00f3 tulajdons\u00e1guk a hatalmas nyomat\u00e9k, ami lehet\u0151v\u00e9 teszi, hogy a Range Rover k\u00f6nnyed\u00e9n, val\u00f3di luxusaut\u00f3k\u00e9nt k\u00f6zlekedjen. A d\u00edzel- \u00e9s plug-in hibrid modellek ak\u00e1r 700 Nm-es nyomat\u00e9kot biztos\u00edtanak, m\u00edg a V8-as motor 750 Nm-t k\u00edn\u00e1l. Az aut\u00f3 alapfelszerelts\u00e9gk\u00e9nt nyolcfokozat\u00fa ZF automata v\u00e1lt\u00f3t kap, amely t\u00f6bbnyire sim\u00e1n m\u0171k\u00f6dik, b\u00e1r el\u0151fordulhat, hogy a hirtelen visszav\u00e1lt\u00e1sokat nem kezeli t\u00fal gyorsan.<\/p>\n<p>A Range Roverben sem a vezet\u0151, sem az els\u0151 \u00fcl\u00e9sen \u00fcl\u0151 utas nem fog helyhi\u00e1nyt\u00f3l szenvedni. Az \u00fcl\u00e9sek sok elektromos \u00e1ll\u00edt\u00e1si lehet\u0151s\u00e9get k\u00edn\u00e1lnak, b\u00e1r egy kicsit zavar\u00f3, hogy az \u00e1gy\u00e9kt\u00e1masz, a comb alatti t\u00e1masz \u00e9s a fejt\u00e1mla magass\u00e1g\u00e1nak be\u00e1ll\u00edt\u00e1s\u00e1hoz a k\u00f6zponti \u00e9rint\u0151k\u00e9perny\u0151t kell haszn\u00e1lni. Legal\u00e1bb annyi el\u0151ny van, hogy ha a fizikai \u00fcl\u00e9s\u00e1ll\u00edt\u00f3 gombokkal v\u00e1ltoztatsz, a k\u00e9perny\u0151n megjelenik az \u00fcl\u00e9sbe\u00e1ll\u00edt\u00e1si men\u00fc.<\/p>\n<p>A besz\u00e1ll\u00e1s \u00e9s kisz\u00e1ll\u00e1s k\u00f6nnyebb, mivel nem kell \u00e1tm\u00e1szni egy vastag ajt\u00f3k\u00fcsz\u00f6b\u00f6n, \u00e9s az air-suspension nagyon gyorsan leereszkedik az el\u00e9r\u00e9si magass\u00e1gba, \u00edgy a kisebb testalkat\u00fa emberek is k\u00f6nnyen bejuthatnak az 1,900 mm magas j\u00e1rm\u0171be. Ez azt is jelenti, hogy a dr\u00e1ga oldals\u00f3 l\u00e9pcs\u0151k feleslegesek, ami j\u00f3 h\u00edr sz\u00e1munkra, mivel azok elrontan\u00e1k a Range Rover vonalait.<\/p>\n<p>A Range Rover sz\u00e9les m\u00e9retei lehet\u0151v\u00e9 teszik, hogy k\u00e9t sz\u00e9les v\u00e1ll\u00fa r\u00f6gbij\u00e1t\u00e9kos is k\u00e9nyelmesen elf\u00e9rjen, de ez azt is jelentheti, hogy kisebb testalkat\u00faaknak nehezebb el\u00e9rni\u00fck a k\u00f6z\u00e9ps\u0151 kart\u00e1maszt. A tervez\u0151k erre is gondoltak, \u00e9s a helyette \u00e1ll\u00edthat\u00f3 kisebb kart\u00e1maszokat helyeztek el az els\u0151 \u00fcl\u00e9sek oldal\u00e1n.<\/p>\n","protected":false},"excerpt":{"rendered":"<p>Az els\u0151 hazai Nagy \u0150 Nosz\u00e1ly S\u00e1ndor volt, aki nemr\u00e9g s\u00falyos probl\u00e9m\u00e1kkal ker\u00fclt pszichi\u00e1tri\u00e1ra. A m\u0171sor id\u00e9n is visszat\u00e9r a&#8230; <span class=\"gridview-grid-post-read-more\"><a href=\"https:\/\/online-filmkatarzis.com\/kucko\/hirek\/megvan-ki-lesz-2025-ben-a-nagy-o\/\">read more<span class=\"gridview-sr-only\"> Megvan ki lesz 2025-ben a Nagy \u0150!<\/span><\/a><\/span><\/p>\n","protected":false},"author":1,"featured_media":2185,"comment_status":"open","ping_status":"open","sticky":false,"template":"","format":"standard","meta":{"footnotes":""},"categories":[1],"tags":[],"class_list":["post-2184","post","type-post","status-publish","format-standard","has-post-thumbnail","hentry","category-egyeb","wpcat-1-id"],"_links":{"self":[{"href":"https:\/\/online-filmkatarzis.com\/kucko\/hirek\/wp-json\/wp\/v2\/posts\/2184","targetHints":{"allow":["GET"]}}],"collection":[{"href":"https:\/\/online-filmkatarzis.com\/kucko\/hirek\/wp-json\/wp\/v2\/posts"}],"about":[{"href":"https:\/\/online-filmkatarzis.com\/kucko\/hirek\/wp-json\/wp\/v2\/types\/post"}],"author":[{"embeddable":true,"href":"https:\/\/online-filmkatarzis.com\/kucko\/hirek\/wp-json\/wp\/v2\/users\/1"}],"replies":[{"embeddable":true,"href":"https:\/\/online-filmkatarzis.com\/kucko\/hirek\/wp-json\/wp\/v2\/comments?post=2184"}],"version-history":[{"count":1,"href":"https:\/\/online-filmkatarzis.com\/kucko\/hirek\/wp-json\/wp\/v2\/posts\/2184\/revisions"}],"predecessor-version":[{"id":2186,"href":"https:\/\/online-filmkatarzis.com\/kucko\/hirek\/wp-json\/wp\/v2\/posts\/2184\/revisions\/2186"}],"wp:featuredmedia":[{"embeddable":true,"href":"https:\/\/online-filmkatarzis.com\/kucko\/hirek\/wp-json\/wp\/v2\/media\/2185"}],"wp:attachment":[{"href":"https:\/\/online-filmkatarzis.com\/kucko\/hirek\/wp-json\/wp\/v2\/media?parent=2184"}],"wp:term":[{"taxonomy":"category","embeddable":true,"href":"https:\/\/online-filmkatarzis.com\/kucko\/hirek\/wp-json\/wp\/v2\/categories?post=2184"},{"taxonomy":"post_tag","embeddable":true,"href":"https:\/\/online-filmkatarzis.com\/kucko\/hirek\/wp-json\/wp\/v2\/tags?post=2184"}],"curies":[{"name":"wp","href":"https:\/\/api.w.org\/{rel}","templated":true}]}}