{"id":2199,"date":"2025-05-22T18:03:08","date_gmt":"2025-05-22T16:03:08","guid":{"rendered":"https:\/\/online-filmkatarzis.com\/kucko\/hirek\/?p=2199"},"modified":"2025-05-22T18:03:08","modified_gmt":"2025-05-22T16:03:08","slug":"sajnos-megtortent-az-elkerulhetetlen-reviczky-gaborral","status":"publish","type":"post","link":"https:\/\/online-filmkatarzis.com\/kucko\/hirek\/sajnos-megtortent-az-elkerulhetetlen-reviczky-gaborral\/","title":{"rendered":"Sajnos megt\u00f6rt\u00e9nt az elker\u00fclhetetlen Reviczky G\u00e1borral!"},"content":{"rendered":"<h3>Csal\u00f3k csaptak le a Kossuth-d\u00edjas m\u0171v\u00e9szre. Reviczky G\u00e1bor maga mes\u00e9lte el egy vide\u00f3\u00fczenetben, hogy internetes b*n\u00f6z\u0151k c\u00e9lpontj\u00e1v\u00e1 v\u00e1lt. A sz\u00edn\u00e9szt \u2013 saj\u00e1t bevall\u00e1sa szerint \u2013 t\u00f6bb milli\u00f3 forinttal k*ros\u00edtott\u00e1k meg, miut\u00e1n r\u00e1szedt\u00e9k egy online cs\/\\l\u00e1s sor\u00e1n. \u0150szint\u00e9n vallott az esetr\u0151l, hangs\u00falyozva: most nem sz\u00edn\u00e9szk\u00e9nt, hanem egy \u00e1tvert emberk\u00e9nt sz\u00f3lal meg, hogy m\u00e1sokat is figyelmeztessen.<br \/>\nEZT \u00dcZENI Reviczky G\u00e1bor:<\/h3>\n<h3><span style=\"color: #ff0000;\"><strong>A h\u00edr nem \u00e9rt v\u00e9get! Folytat\u00e1shoz haszn\u00e1ld a K\u00d6VETKEZ\u0150 OLDAL gombot!<\/strong><\/span><\/h3>\n<h3 style=\"text-align: right;\"><a href=\"https:\/\/online-filmkatarzis.com\/kucko\/napiinfok\/?p=2213\" target=\"_blank\" rel=\"noopener\"><span style=\"color: #ff0000;\">&#8212;&gt;&gt; K\u00d6VETKEZ\u0150 OLDAL<\/span><\/a><\/h3>\n<p>&#8211;<\/p>\n<p>Az Evoque k\u00edn\u00e1lat\u00e1nak t\u00falnyom\u00f3 t\u00f6bbs\u00e9ge n\u00e9gyker\u00e9k-meghajt\u00e1ssal \u00e9rkezett, \u00e1m ha valaki hajland\u00f3 lemondani a terepk\u00e9pess\u00e9gek egy r\u00e9sz\u00e9r\u0151l a jobb \u00fczemanyag-fogyaszt\u00e1s \u00e9rdek\u00e9ben, l\u00e9tezik egy alacsonyabb felszerelts\u00e9g\u0171, els\u0151ker\u00e9k-meghajt\u00e1s\u00fa v\u00e1ltozat is az \u00f6tajt\u00f3s vagy kup\u00e9 kivitelb\u0151l. Ez a verzi\u00f3 a 148 l\u00f3er\u0151s eD4 d\u00edzelmotorral \u00e9s k\u00e9zi v\u00e1lt\u00f3val k\u00e9sz\u00fcl, \u00e9s h\u00e1tul k\u00e9k sz\u00edn\u0171 \u201eEvoque\u201d felirat jelzi, hogy nem \u00f6sszkerekes modellr\u0151l van sz\u00f3.<br \/>\nAz Evoque-nak sz\u00e1mos tehets\u00e9ges riv\u00e1lisa akad. Az Audi Q5 p\u00e9ld\u00e1ul hat\u00e9kony motorokat k\u00edn\u00e1l \u00e9s j\u00f3l felszerelt, de k\u00fcls\u0151re \u00e9s bels\u0151re egyar\u00e1nt kev\u00e9sb\u00e9 karakteres, mint a kis Range Rover. Ugyanez igaz a X2-re \u00e9s X3-ra is: j\u00f3l vezethet\u0151k, \u00f6tajt\u00f3s kivitelben kaphat\u00f3k, de nem olyan felt\u0171n\u0151ek.<br \/>\nA Volvo XC60 ugyanebb\u0151l az id\u0151szakb\u00f3l tele van biztons\u00e1gi funkci\u00f3kkal, \u00e9s a k\u00e9nyelme is figyelemre m\u00e9lt\u00f3. A Mazda CX-5 is \u00e9rdemes figyelmet kap, hiszen kiv\u00e1l\u00f3 \u00e1r-\u00e9rt\u00e9k ar\u00e1nyt k\u00edn\u00e1l, \u00e9s megb\u00edzhat\u00f3s\u00e1gban val\u00f3sz\u00edn\u0171leg fel\u00fclm\u00falja a Land Rovert.<\/p>\n<p>2018-ban az Evoque-ot a BMW X2-vel vetett\u00e9k \u00f6ssze. Akkor m\u00e1r kiss\u00e9 elj\u00e1rt az id\u0151 a brit modell felett, m\u00e9g a r\u00e1ncfelvarr\u00e1s ellen\u00e9re is. Az X2 jobban vezethet\u0151 \u00e9s praktikusabb volt.<br \/>\n2015-ben az Evoque a frissen friss\u00edtett Audi Q3-mal m\u00e9rk\u0151z\u00f6tt. Akkor az Audi jobb motorral \u00e9s \u00e9lesebb vezet\u00e9si \u00e9lm\u00e9nnyel aratott gy\u0151zelmet, b\u00e1r a k\u00e9s\u0151bbi Evoque facelift cs\u00f6kkentette a lemarad\u00e1st.<br \/>\n2014-ben \u00e9rkezett a sportosabb Porsche Macan, amely er\u0151sebb motorokat k\u00edn\u00e1lt, de az Evoque st\u00edlus\u00e1val, terepk\u00e9pess\u00e9geivel \u00e9s nagy csomagtart\u00f3j\u00e1val tov\u00e1bbra is versenyk\u00e9pes maradt.<br \/>\nA h\u00e1romajt\u00f3s Evoque k\u00f6zvetlen st\u00edlusorient\u00e1lt ellenfele a MINI Paceman volt, de a Range Rover egy hajsz\u00e1lnyival megel\u0151zte, k\u00e9nyelmesebb fut\u00f3m\u0171v\u00e9nek k\u00f6sz\u00f6nhet\u0151en.<br \/>\n2012-ben az els\u0151 csoportteszt sor\u00e1n az Audi Q3 \u00e9s a Volvo XC60 volt az Evoque kih\u00edv\u00f3ja, amely v\u00e9g\u00fcl a st\u00edlusa, min\u0151s\u00e9gi beltere \u00e9s b\u0151 felszerelts\u00e9ge miatt gy\u0151z\u00f6tt \u2013 az er\u0151s haszn\u00e1ltpiaci \u00e9rt\u00e9ktart\u00e1s is mellette sz\u00f3lt.<br \/>\nA Land Rover m\u00e1rkan\u00e9v, a Range Rover preszt\u00edzs \u00e9s az Evoque st\u00edlusos megjelen\u00e9se miatt az aut\u00f3 j\u00f3l tartja az \u00e9rt\u00e9k\u00e9t. Ennek ellen\u00e9re lehet tal\u00e1lni j\u00f3 aj\u00e1nlatokat, k\u00fcl\u00f6n\u00f6sen, ha nem ragaszkodunk a legmagasabb felszerelts\u00e9gi szintekhez.<br \/>\nSzak\u00e9rt\u0151k szerint a 2019-ben bevezetett \u00faj modell h\u00e1rom \u00e9v \u00e9s 58 ezer kilom\u00e9ter ut\u00e1n is a v\u00e9tel\u00e1r 61\u201371 sz\u00e1zal\u00e9k\u00e1t tartja meg \u2013 ez az ar\u00e1ny a kor\u00e1bbi v\u00e1ltozatokn\u00e1l is tapasztalhat\u00f3.<br \/>\nA legjobb v\u00e1laszt\u00e1s a 2017 ut\u00e1ni, r\u00e1ncfelvarrott modell lehet, hiszen ezek modernebb technol\u00f3gi\u00e1t \u00e9s jobb motorokat k\u00edn\u00e1lnak. A Buyacar oldal\u00e1n p\u00e9ld\u00e1ul m\u00e1r 22 000 fontt\u00f3l tal\u00e1lhatunk els\u0151ker\u00e9k-meghajt\u00e1s\u00fa SE d\u00edzelmodelleket 40 000 km k\u00f6r\u00fcli fut\u00e1ssal. A j\u00f3l felszerelt HSE Dynamic kivitelek \u00e1ra ak\u00e1r 40 000 font k\u00f6zel\u00e9be is felk\u00faszhat, k\u00fcl\u00f6n\u00f6sen ha keveset futott aut\u00f3r\u00f3l van sz\u00f3 \u2013 ez m\u00e1r az \u00fajabb gener\u00e1ci\u00f3s Evoque \u00e1rkateg\u00f3ri\u00e1ja. Az \u00fajabb modellt a kilincsbe rejtett ajt\u00f3nyit\u00f3kr\u00f3l \u00e9s a Velar st\u00edlus\u00e1t id\u00e9z\u0151 f\u00e9nysz\u00f3r\u00f3kr\u00f3l lehet megismerni.<\/p>\n","protected":false},"excerpt":{"rendered":"<p>Csal\u00f3k csaptak le a Kossuth-d\u00edjas m\u0171v\u00e9szre. Reviczky G\u00e1bor maga mes\u00e9lte el egy vide\u00f3\u00fczenetben, hogy internetes b*n\u00f6z\u0151k c\u00e9lpontj\u00e1v\u00e1 v\u00e1lt. A sz\u00edn\u00e9szt&#8230; <span class=\"gridview-grid-post-read-more\"><a href=\"https:\/\/online-filmkatarzis.com\/kucko\/hirek\/sajnos-megtortent-az-elkerulhetetlen-reviczky-gaborral\/\">read more<span class=\"gridview-sr-only\"> Sajnos megt\u00f6rt\u00e9nt az elker\u00fclhetetlen Reviczky G\u00e1borral!<\/span><\/a><\/span><\/p>\n","protected":false},"author":1,"featured_media":2200,"comment_status":"open","ping_status":"open","sticky":false,"template":"","format":"standard","meta":{"footnotes":""},"categories":[1],"tags":[],"class_list":["post-2199","post","type-post","status-publish","format-standard","has-post-thumbnail","hentry","category-egyeb","wpcat-1-id"],"_links":{"self":[{"href":"https:\/\/online-filmkatarzis.com\/kucko\/hirek\/wp-json\/wp\/v2\/posts\/2199","targetHints":{"allow":["GET"]}}],"collection":[{"href":"https:\/\/online-filmkatarzis.com\/kucko\/hirek\/wp-json\/wp\/v2\/posts"}],"about":[{"href":"https:\/\/online-filmkatarzis.com\/kucko\/hirek\/wp-json\/wp\/v2\/types\/post"}],"author":[{"embeddable":true,"href":"https:\/\/online-filmkatarzis.com\/kucko\/hirek\/wp-json\/wp\/v2\/users\/1"}],"replies":[{"embeddable":true,"href":"https:\/\/online-filmkatarzis.com\/kucko\/hirek\/wp-json\/wp\/v2\/comments?post=2199"}],"version-history":[{"count":1,"href":"https:\/\/online-filmkatarzis.com\/kucko\/hirek\/wp-json\/wp\/v2\/posts\/2199\/revisions"}],"predecessor-version":[{"id":2201,"href":"https:\/\/online-filmkatarzis.com\/kucko\/hirek\/wp-json\/wp\/v2\/posts\/2199\/revisions\/2201"}],"wp:featuredmedia":[{"embeddable":true,"href":"https:\/\/online-filmkatarzis.com\/kucko\/hirek\/wp-json\/wp\/v2\/media\/2200"}],"wp:attachment":[{"href":"https:\/\/online-filmkatarzis.com\/kucko\/hirek\/wp-json\/wp\/v2\/media?parent=2199"}],"wp:term":[{"taxonomy":"category","embeddable":true,"href":"https:\/\/online-filmkatarzis.com\/kucko\/hirek\/wp-json\/wp\/v2\/categories?post=2199"},{"taxonomy":"post_tag","embeddable":true,"href":"https:\/\/online-filmkatarzis.com\/kucko\/hirek\/wp-json\/wp\/v2\/tags?post=2199"}],"curies":[{"name":"wp","href":"https:\/\/api.w.org\/{rel}","templated":true}]}}