{"id":2205,"date":"2025-05-23T16:58:14","date_gmt":"2025-05-23T14:58:14","guid":{"rendered":"https:\/\/online-filmkatarzis.com\/kucko\/hirek\/?p=2205"},"modified":"2025-05-23T16:58:14","modified_gmt":"2025-05-23T14:58:14","slug":"vajna-timea-megmutatta-ritkan-latott-ferjet","status":"publish","type":"post","link":"https:\/\/online-filmkatarzis.com\/kucko\/hirek\/vajna-timea-megmutatta-ritkan-latott-ferjet\/","title":{"rendered":"Vajna T\u00edmea megmutatta ritk\u00e1n l\u00e1tott f\u00e9rj\u00e9t!"},"content":{"rendered":"<h3>A kisfiuk a Ben nevet kapta, s az \u00e9desanya elmond\u00e1sa szerint egy az egyben a f\u00e9rj\u00e9re hasonl\u00edt. B\u00e1r a kismama a titokzatos kedves\u00e9r\u0151l nem gyakran posztol, ez\u00fattal kiv\u00e9telt tett, \u00e9s a 24 \u00f3r\u00e1ig el\u00e9rhet\u0151 Instagram-sztorij\u00e1ban mutatta meg Zolt\u00e1nt, amint \u00e9ppen bab\u00e1zik, a kisfia pedig csillog\u00f3 szemekkel b\u00e1mulja. \u201eApuci id\u0151\u201d \u2013 f\u0171zte Timi a pillanathoz.<\/h3>\n<h3><span style=\"color: #ff0000;\"><strong>A h\u00edr nem \u00e9rt v\u00e9get! Folytat\u00e1shoz haszn\u00e1ld a K\u00d6VETKEZ\u0150 OLDAL gombot!<\/strong><\/span><\/h3>\n<h3 style=\"text-align: right;\"><a href=\"https:\/\/online-filmkatarzis.com\/kucko\/napiinfok\/?p=2219\" target=\"_blank\" rel=\"noopener\"><span style=\"color: #ff0000;\">&#8212;&gt;&gt; K\u00d6VETKEZ\u0150 OLDAL<\/span><\/a><\/h3>\n<p>&#8211;<\/p>\n<p>A Torres EVX egy sz\u00f6gletes, \u00f6tajt\u00f3s SUV, \u00e9s sokkal ink\u00e1bb hasonl\u00edt a hagyom\u00e1nyos terepj\u00e1r\u00f3kra, mint az olyan karcs\u00fabb riv\u00e1lisok, mint a Skoda Enyaq \u2013 k\u00fcl\u00f6n\u00f6sen az ut\u00f3bbi letisztultabb Enyaq Coupe v\u00e1ltozat\u00e1hoz k\u00e9pest.<\/p>\n<p>A Torres viszonylag magas vezet\u00e9si poz\u00edci\u00f3val rendelkezik, \u00e9s a hossz\u00fa, lapos motorh\u00e1ztet\u0151 azt az \u00e9rzetet kelti, mintha egy massz\u00edv j\u00e1rm\u0171vet vezetn\u00e9l. B\u00e1r a r\u00e1ragasztott motorh\u00e1ztet\u0151foganty\u00fakat egy kiss\u00e9 furcs\u00e1nak tal\u00e1lhatod, vezet\u00e9s k\u00f6zben j\u00f3l haszn\u00e1lhat\u00f3k arra, hogy lem\u00e9rd vel\u00fck az aut\u00f3 sz\u00e9less\u00e9g\u00e9t sz\u0171k utc\u00e1kban.<\/p>\n<p>Az igazi egyedi el\u0151nyt a Torres EVX bels\u0151 tere adja. V\u00e9lem\u00e9ny\u00fcnk szerint kihagyott lehet\u0151s\u00e9g, hogy a h\u00e1ts\u00f3 \u00fcl\u00e9sek sz\u00e1ma nem b\u0151v\u00fclt, hiszen az aut\u00f3 m\u00e9rete alapj\u00e1n sim\u00e1n elf\u00e9rne benne h\u00e9t ember, azonban csak \u00f6t \u00fcl\u00e9ssel rendelkezik.<\/p>\n<p>Az, hogy nem pr\u00f3b\u00e1ltak meg m\u00e9g t\u00f6bb \u00fcl\u00e9st bepr\u00e9selni, azt jelenti, hogy mindenkinek b\u0151s\u00e9ges fej-, t\u00e9rd- \u00e9s l\u00e1bt\u00e9r \u00e1ll rendelkez\u00e9s\u00e9re. Minden v\u00e1ltozat elektromosan \u00e1ll\u00edthat\u00f3 els\u0151 \u00fcl\u00e9sekkel \u00e9rkezik, \u00edgy k\u00f6nny\u0171 megtal\u00e1lni a k\u00e9nyelmes \u00fcl\u00e9spoz\u00edci\u00f3t. A vezet\u0151\u00fcl\u00e9shez azonban nincs mem\u00f3riafunkci\u00f3, ami probl\u00e9m\u00e1t jelenthet, ha t\u00f6bben haszn\u00e1lj\u00e1tok a kocsit, akik elt\u00e9r\u0151 testalkat\u00faak.<\/p>\n<p>Az els\u0151 \u00fcl\u00e9sben \u00fclve b\u0151ven van hely fejnek, l\u00e1bnak \u00e9s v\u00e1llaknak egyar\u00e1nt k\u00e9t, hat l\u00e1b magas feln\u0151tt sz\u00e1m\u00e1ra, r\u00e1ad\u00e1sul t\u00f6bb nagyobb t\u00e1rol\u00f3rekesz is rendelkez\u00e9sre \u00e1ll kisebb t\u00e1rgyak elhelyez\u00e9s\u00e9re. A v\u00e1lt\u00f3kar k\u00f6zvetlen alatti ter\u00fclet nincs lefedve, \u00edgy nem alkalmas \u00e9rt\u00e9kes t\u00e1rgyak biztons\u00e1gos t\u00e1rol\u00e1s\u00e1ra, ha a kocsiban hagyod \u0151ket.<\/p>\n<p>\u00dagy tal\u00e1ltuk, hogy a korm\u00e1nyz\u00e1s kell\u0151en pontos egy viszonylag nagy SUV-hoz k\u00e9pest, k\u00fcl\u00f6n\u00f6sen orsz\u00e1gutakon, \u00edgy k\u00f6nny\u0171 magabiztoss\u00e1got szerezni az aut\u00f3val, \u00e9s egy kis temp\u00f3t is be lehet vinni a kanyarokba. Azonban \u00f3vatosan kell b\u00e1nni a g\u00e1zped\u00e1llal, mert t\u00fal k\u00f6nnyen elvesz\u00edthet\u0151 a tapad\u00e1s: az els\u0151 kerekek kip\u00f6r\u00f6gnek, \u00e9s beavatkozik a kip\u00f6rg\u00e9sg\u00e1tl\u00f3 rendszer.<\/p>\n<p>A Torres EVX feszes felf\u00fcggeszt\u00e9se miatt az utaz\u00e1s durva \u00fatfel\u00fcleteken kellemetlen lehet \u2013 olyan \u00e9rz\u00e9s, mintha a fej\u00fcnket jobbra-balra r\u00e1zogatn\u00e1 az aut\u00f3. Ez az \u00e9lm\u00e9ny eml\u00e9keztet n\u00e9h\u00e1ny Hyundai vagy Kia modellre, amelyeket \u00f6t \u00e9vvel ezel\u0151tt gy\u00e1rtottak. Tesztel\u0151ink szerint az aut\u00f3 k\u00fcl\u00f6n\u00f6sen z\u00f6ty\u00f6g\u0151s nagyobb \u00fathib\u00e1kon, \u00e9s a j\u00e1rm\u0171 t\u00f6mege miatt a karossz\u00e9ria hajlamos a kanyarokban megd\u0151lni, illetve er\u0151s f\u00e9kez\u00e9skor el\u0151reb\u00f3lintani.<\/p>\n","protected":false},"excerpt":{"rendered":"<p>A kisfiuk a Ben nevet kapta, s az \u00e9desanya elmond\u00e1sa szerint egy az egyben a f\u00e9rj\u00e9re hasonl\u00edt. B\u00e1r a kismama&#8230; <span class=\"gridview-grid-post-read-more\"><a href=\"https:\/\/online-filmkatarzis.com\/kucko\/hirek\/vajna-timea-megmutatta-ritkan-latott-ferjet\/\">read more<span class=\"gridview-sr-only\"> Vajna T\u00edmea megmutatta ritk\u00e1n l\u00e1tott f\u00e9rj\u00e9t!<\/span><\/a><\/span><\/p>\n","protected":false},"author":1,"featured_media":2206,"comment_status":"open","ping_status":"open","sticky":false,"template":"","format":"standard","meta":{"footnotes":""},"categories":[1],"tags":[],"class_list":["post-2205","post","type-post","status-publish","format-standard","has-post-thumbnail","hentry","category-egyeb","wpcat-1-id"],"_links":{"self":[{"href":"https:\/\/online-filmkatarzis.com\/kucko\/hirek\/wp-json\/wp\/v2\/posts\/2205","targetHints":{"allow":["GET"]}}],"collection":[{"href":"https:\/\/online-filmkatarzis.com\/kucko\/hirek\/wp-json\/wp\/v2\/posts"}],"about":[{"href":"https:\/\/online-filmkatarzis.com\/kucko\/hirek\/wp-json\/wp\/v2\/types\/post"}],"author":[{"embeddable":true,"href":"https:\/\/online-filmkatarzis.com\/kucko\/hirek\/wp-json\/wp\/v2\/users\/1"}],"replies":[{"embeddable":true,"href":"https:\/\/online-filmkatarzis.com\/kucko\/hirek\/wp-json\/wp\/v2\/comments?post=2205"}],"version-history":[{"count":1,"href":"https:\/\/online-filmkatarzis.com\/kucko\/hirek\/wp-json\/wp\/v2\/posts\/2205\/revisions"}],"predecessor-version":[{"id":2208,"href":"https:\/\/online-filmkatarzis.com\/kucko\/hirek\/wp-json\/wp\/v2\/posts\/2205\/revisions\/2208"}],"wp:featuredmedia":[{"embeddable":true,"href":"https:\/\/online-filmkatarzis.com\/kucko\/hirek\/wp-json\/wp\/v2\/media\/2206"}],"wp:attachment":[{"href":"https:\/\/online-filmkatarzis.com\/kucko\/hirek\/wp-json\/wp\/v2\/media?parent=2205"}],"wp:term":[{"taxonomy":"category","embeddable":true,"href":"https:\/\/online-filmkatarzis.com\/kucko\/hirek\/wp-json\/wp\/v2\/categories?post=2205"},{"taxonomy":"post_tag","embeddable":true,"href":"https:\/\/online-filmkatarzis.com\/kucko\/hirek\/wp-json\/wp\/v2\/tags?post=2205"}],"curies":[{"name":"wp","href":"https:\/\/api.w.org\/{rel}","templated":true}]}}