{"id":2263,"date":"2025-05-26T17:59:25","date_gmt":"2025-05-26T15:59:25","guid":{"rendered":"https:\/\/online-filmkatarzis.com\/kucko\/hirek\/?p=2263"},"modified":"2025-05-26T17:59:25","modified_gmt":"2025-05-26T15:59:25","slug":"eskuvo-helyett-temetes-mara-minden-kiderult","status":"publish","type":"post","link":"https:\/\/online-filmkatarzis.com\/kucko\/hirek\/eskuvo-helyett-temetes-mara-minden-kiderult\/","title":{"rendered":"Esk\u00fcv\u0151 helyett temet\u00e9s! M\u00e1ra MINDEN kider\u00fclt!"},"content":{"rendered":"<h3>A trag\u00e9di\u00e1t egy csal\u00e1don bel\u00fcli sof\u0151r figyelmetlens\u00e9ge okozta, aki elismerte a felel\u0151ss\u00e9g\u00e9t. Az aut\u00f3, amelyben M\u00e1rk az any\u00f3s\u00fcl\u00e9sen utazott, lesodr\u00f3dott az \u00fatr\u00f3l, \u00e9s egy villanyoszlopnak csap\u00f3dott. A fiatal f\u00e9rfi a helysz\u00ednen \u00e9let\u00e9t vesztette. Egy m\u00e1sik utas csak k\u00f6nnyebb s\u00e9r\u00fcl\u00e9sekkel ker\u00fclt k\u00f3rh\u00e1zba, de a t\u00f6rt\u00e9ntek minden \u00e9rintettet megrend\u00edtettek. A baleset k\u00fcl\u00f6n\u00f6sen f\u00e1j\u00f3, hiszen a hib\u00e1t egy k\u00f6zeli rokon k\u00f6vette el.<br \/>\nT\u00f3th atya k\u00f6nnyeivel k\u00fcszk\u00f6d\u00f6tt:<\/h3>\n<h3><span style=\"color: #ff0000;\"><strong>A h\u00edr nem \u00e9rt v\u00e9get! Folytat\u00e1shoz haszn\u00e1ld a K\u00d6VETKEZ\u0150 OLDAL gombot!<\/strong><\/span><\/h3>\n<h3 style=\"text-align: right;\"><a href=\"https:\/\/online-filmkatarzis.com\/kucko\/napiinfok\/?p=2277\" target=\"_blank\" rel=\"noopener\"><span style=\"color: #ff0000;\">&#8212;&gt;&gt; K\u00d6VETKEZ\u0150 OLDAL<\/span><\/a><\/h3>\n<p>&#8211;<\/p>\n<p>A Hyundai Veloster az egyik legk\u00fcl\u00f6nlegesebb megjelen\u00e9s\u0171 aut\u00f3 a piacon, k\u00f6sz\u00f6nhet\u0151en szokatlan, 2+1 ajt\u00f3s kialak\u00edt\u00e1s\u00e1nak. Vezet\u0151oldalr\u00f3l n\u00e9zve hagyom\u00e1nyos h\u00e1romajt\u00f3s kup\u00e9nak t\u0171nik, de ha k\u00f6rbes\u00e9t\u00e1lsz az utasoldalra, ott egy r\u00f6videbb els\u0151 ajt\u00f3t \u00e9s egy h\u00e1ts\u00f3 ajt\u00f3t tal\u00e1lsz, amely a ferdeh\u00e1t\u00fa modellek praktikum\u00e1t hivatott ny\u00fajtani. Csak egyetlen motorv\u00e1ltozat l\u00e9tezik hozz\u00e1: egy 1,6 literes k\u00f6zvetlen befecskendez\u00e9s\u0171 benzinmotor, amely 138 l\u00f3er\u0151s teljes\u00edtm\u00e9nyt ny\u00fajt, 0-r\u00f3l 100 km\/h-ra 9,7 m\u00e1sodperc alatt gyorsul, \u00e9s 201 km\/h-s v\u00e9gsebess\u00e9gre k\u00e9pes. Ezek az adatok nem t\u00fal leny\u0171g\u00f6z\u0151ek, de a Veloster \u00e9lvezetes vezet\u00e9st k\u00edn\u00e1l, biztos \u00fattart\u00e1ssal \u00e9s j\u00f3 korm\u00e1ny\u00e9rzettel. R\u00e1ad\u00e1sul k\u00e9nyelmes is, \u00e9s b\u00e1r a h\u00e1ts\u00f3 \u00fcl\u00e9sek ink\u00e1bb gyerekek sz\u00e1m\u00e1ra alkalmasak, az extra ajt\u00f3 r\u00e9v\u00e9n a n\u00f6vekv\u0151 csal\u00e1dok m\u00e9g egy ideig d\u00e9delgethetik a sportaut\u00f3s \u00e1lmokat.<\/p>\n<p>2012 szeptember\u00e9ben a paletta kieg\u00e9sz\u00fclt a Veloster Turbo modellel, amely ugyanazt az 1,6 literes motort kapta, de imm\u00e1r 184 l\u00f3er\u0151vel \u00e9s 270 Nm nyomat\u00e9kkal. Az \u00e1ra 22 000 font alatt indult, \u00e9s olyan modellekkel versenyzett, mint a VW Scirocco R vagy a Nissan Juke Nismo. A 2012-es Los Angeles-i Aut\u00f3szalonon egy Kalifornia ihlette kabri\u00f3 koncepci\u00f3t is bemutattak, Veloster C3 Roll Top Concept n\u00e9ven. Ez megtartotta a sz\u00e9ria 2+1 ajt\u00f3s elrendez\u00e9s\u00e9t, de elektromosan visszah\u00fazhat\u00f3 v\u00e1szontet\u0151t \u00e9s lehajthat\u00f3 csomagt\u00e9rajt\u00f3t kapott. A tet\u0151 teljesen h\u00e1tracs\u00fasztathat\u00f3, ak\u00e1rcsak a Citro\u00ebn DS3 Cabrio eset\u00e9ben, de el\u0151re is tolhat\u00f3, \u00edgy nagyobb t\u00e1rgyakat is k\u00f6nnyebb bepakolni a csomagtart\u00f3ba.<\/p>\n","protected":false},"excerpt":{"rendered":"<p>A trag\u00e9di\u00e1t egy csal\u00e1don bel\u00fcli sof\u0151r figyelmetlens\u00e9ge okozta, aki elismerte a felel\u0151ss\u00e9g\u00e9t. Az aut\u00f3, amelyben M\u00e1rk az any\u00f3s\u00fcl\u00e9sen utazott, lesodr\u00f3dott&#8230; <span class=\"gridview-grid-post-read-more\"><a href=\"https:\/\/online-filmkatarzis.com\/kucko\/hirek\/eskuvo-helyett-temetes-mara-minden-kiderult\/\">read more<span class=\"gridview-sr-only\"> Esk\u00fcv\u0151 helyett temet\u00e9s! M\u00e1ra MINDEN kider\u00fclt!<\/span><\/a><\/span><\/p>\n","protected":false},"author":1,"featured_media":2264,"comment_status":"open","ping_status":"open","sticky":false,"template":"","format":"standard","meta":{"footnotes":""},"categories":[1],"tags":[],"class_list":["post-2263","post","type-post","status-publish","format-standard","has-post-thumbnail","hentry","category-egyeb","wpcat-1-id"],"_links":{"self":[{"href":"https:\/\/online-filmkatarzis.com\/kucko\/hirek\/wp-json\/wp\/v2\/posts\/2263","targetHints":{"allow":["GET"]}}],"collection":[{"href":"https:\/\/online-filmkatarzis.com\/kucko\/hirek\/wp-json\/wp\/v2\/posts"}],"about":[{"href":"https:\/\/online-filmkatarzis.com\/kucko\/hirek\/wp-json\/wp\/v2\/types\/post"}],"author":[{"embeddable":true,"href":"https:\/\/online-filmkatarzis.com\/kucko\/hirek\/wp-json\/wp\/v2\/users\/1"}],"replies":[{"embeddable":true,"href":"https:\/\/online-filmkatarzis.com\/kucko\/hirek\/wp-json\/wp\/v2\/comments?post=2263"}],"version-history":[{"count":1,"href":"https:\/\/online-filmkatarzis.com\/kucko\/hirek\/wp-json\/wp\/v2\/posts\/2263\/revisions"}],"predecessor-version":[{"id":2265,"href":"https:\/\/online-filmkatarzis.com\/kucko\/hirek\/wp-json\/wp\/v2\/posts\/2263\/revisions\/2265"}],"wp:featuredmedia":[{"embeddable":true,"href":"https:\/\/online-filmkatarzis.com\/kucko\/hirek\/wp-json\/wp\/v2\/media\/2264"}],"wp:attachment":[{"href":"https:\/\/online-filmkatarzis.com\/kucko\/hirek\/wp-json\/wp\/v2\/media?parent=2263"}],"wp:term":[{"taxonomy":"category","embeddable":true,"href":"https:\/\/online-filmkatarzis.com\/kucko\/hirek\/wp-json\/wp\/v2\/categories?post=2263"},{"taxonomy":"post_tag","embeddable":true,"href":"https:\/\/online-filmkatarzis.com\/kucko\/hirek\/wp-json\/wp\/v2\/tags?post=2263"}],"curies":[{"name":"wp","href":"https:\/\/api.w.org\/{rel}","templated":true}]}}