{"id":2275,"date":"2025-05-27T18:00:10","date_gmt":"2025-05-27T16:00:10","guid":{"rendered":"https:\/\/online-filmkatarzis.com\/kucko\/hirek\/?p=2275"},"modified":"2025-05-27T18:00:10","modified_gmt":"2025-05-27T16:00:10","slug":"oriasit-hibazott-eloben-szello-istvan-levettek-a-kepernyorol","status":"publish","type":"post","link":"https:\/\/online-filmkatarzis.com\/kucko\/hirek\/oriasit-hibazott-eloben-szello-istvan-levettek-a-kepernyorol\/","title":{"rendered":"\u00d3ri\u00e1sit hib\u00e1zott \u00c9l\u0151ben Szell\u0151 Istv\u00e1n!  Levett\u00e9k a k\u00e9perny\u0151r\u0151l!"},"content":{"rendered":"<h3>A nagy pillanat pont tavaly, egy \u00e9ve t\u00f6rt\u00e9nt, amikor Szell\u0151 Istv\u00e1n egy v\u00e1ratlan bakival sokkolta \u2014 \u00e9s egyben sz\u00f3rakoztatta \u2014 az eg\u00e9sz orsz\u00e1got. Egy szimpla n\u00e9vcsere okozta a felfordul\u00e1st: Ant\u00f3nia helyett Anita hagyta el a sz\u00e1j\u00e1t. A m\u0171sor pillanatok alatt \u00e1talakult h\u00edrad\u00f3b\u00f3l v\u00edgj\u00e1t\u00e9kk\u00e1 \u2014 a st\u00e1btagok \u00e9s a n\u00e9z\u0151k egyar\u00e1nt k\u00f6nnyeztek a nevet\u00e9st\u0151l. Ritk\u00e1n l\u00e1tni ilyen \u0151szinte, kontroll\u00e1latlan j\u00f3kedvet a h\u00edrm\u0171sorok st\u00fadi\u00f3j\u00e1ban.<br \/>\nITT VAN A FELEJTHETETLEN PILLANAT:<\/h3>\n<h3><span style=\"color: #ff0000;\"><strong>A h\u00edr nem \u00e9rt v\u00e9get! Folytat\u00e1shoz haszn\u00e1ld a K\u00d6VETKEZ\u0150 OLDAL gombot!<\/strong><\/span><\/h3>\n<h3 style=\"text-align: right;\"><a href=\"https:\/\/online-filmkatarzis.com\/kucko\/napiinfok\/?p=2289\" target=\"_blank\" rel=\"noopener\"><span style=\"color: #ff0000;\">&#8212;&gt;&gt; K\u00d6VETKEZ\u0150 OLDAL<\/span><\/a><\/h3>\n<p>&#8211;<\/p>\n<p>A belt\u00e9r k\u00fcl\u00f6n\u00f6sen kiemelked\u0151 \u2013 teljesen megegyezik az SUV verzi\u00f3\u00e9val, a v\u00e1laszfal kiv\u00e9tel\u00e9vel olyan \u00e9rz\u00e9st kelt, mintha egy szem\u00e9lyaut\u00f3ban \u00fcln\u00e9nk. Alapvet\u0151en k\u00e9t\u00fcl\u00e9ses, de opci\u00f3k\u00e9nt el\u00e9rhet\u0151 egy kisebb k\u00f6z\u00e9ps\u0151 \u00fcl\u00e9s is, \u00edgy sz\u0171k\u00f6sen h\u00e1rman is utazhatnak.<br \/>\n\u00d6sszess\u00e9g\u00e9ben a Defender Hard Top egyed\u00fcl\u00e1ll\u00f3 aj\u00e1nlat. Egyetlen val\u00f3di riv\u00e1lisa a Land Rover saj\u00e1t Discovery Commercial modellje, amely valamivel t\u00f6bb teret \u00e9s elt\u00e9r\u0151 felszerelts\u00e9get k\u00edn\u00e1l, de ugyanolyan j\u00f3 terepj\u00e1r\u00f3. A Toyota Land Cruiser Utility Commercial is el\u00e9rhet\u0151 r\u00f6vid \u00e9s hossz\u00fa tengelyt\u00e1vval, terepen fel\u00e9r a Defenderrel, de j\u00f3val alapvet\u0151bb bels\u0151vel rendelkezik.<br \/>\nTov\u00e1bbi versenyt\u00e1rsak a plat\u00f3s pick-up kateg\u00f3ri\u00e1b\u00f3l ker\u00fclnek ki, mint p\u00e9ld\u00e1ul a Ford Ranger, Toyota Hilux vagy Isuzu D-Max. Ezek nagyobb hasznos teherb\u00edr\u00e1st k\u00edn\u00e1lnak, de k\u00e9nyelmi szintj\u00fck elmarad a Defender\u00e9t\u0151l \u2013 b\u00e1r \u00e1r-\u00e9rt\u00e9k ar\u00e1nyuk sok v\u00e1llalkoz\u00e1s sz\u00e1m\u00e1ra vonz\u00f3 lehet.<\/p>\n<p>A magas v\u00e9tel\u00e1r miatt er\u0151s \u00fczleti indok sz\u00fcks\u00e9ges a Defender Hard Top megv\u00e1s\u00e1rl\u00e1s\u00e1hoz. B\u00e1r Land Rover eredetileg praktikus terepj\u00e1r\u00f3ir\u00f3l volt ismert, ma m\u00e1r pr\u00e9mium SUV m\u00e1rkak\u00e9nt poz\u00edcion\u00e1lja mag\u00e1t, \u00e9s a Hard Top is ezt t\u00fckr\u00f6zi. A modell \u00e1ra meghaladja a legt\u00f6bb pr\u00e9mium pick-up\u00e9t \u00e9s m\u00e1s 4&#215;4 haszong\u00e9pj\u00e1rm\u0171vek\u00e9t, de cser\u00e9be pr\u00e9mium megjelen\u00e9st \u00e9s felszerelts\u00e9get kapunk.<br \/>\nA fenntart\u00e1si k\u00f6lts\u00e9gek sem alacsonyak. A teljes k\u00edn\u00e1lat az Ingenium sorhatos d\u00edzelmotorokra \u00e9p\u00fcl, amelyek ugyan mild-hibrid technol\u00f3gi\u00e1t tartalmaznak, de ennek ellen\u00e9re viszonylag magas a fogyaszt\u00e1suk. A D250 \u00e9s D350 motorok hivatalos WLTP fogyaszt\u00e1sa 33,6, illetve 33,1 mpg, de rakom\u00e1ny terhel\u00e9s eset\u00e9n ezek a sz\u00e1mok cs\u00f6kkenhetnek.<br \/>\nA rakod\u00f3t\u00e9r \u00e9s praktikum szempontj\u00e1b\u00f3l a Defender Hard Top k\u00e9t karossz\u00e9riav\u00e1ltozatban \u00e9rhet\u0151 el: a 90-es \u00e9s a 110-es. A 90-es h\u00e1romajt\u00f3s, \u00e9s csak a h\u00e1tul ny\u00edl\u00f3 ajt\u00f3n kereszt\u00fcl f\u00e9rhet\u0151 hozz\u00e1 a csomagt\u00e9r, amely 1,12 k\u00f6bm\u00e9teres, 1.037 mm hossz\u00fa, 1.326 mm sz\u00e9les (1.124 mm a ker\u00e9kdobok k\u00f6z\u00f6tt) \u00e9s 947 mm magas. Az aljzat gumi, a falak m\u0171anyag burkolatot kaptak, a rakt\u00e9r alatt 58 literes z\u00e1rhat\u00f3 rekesz tal\u00e1lhat\u00f3, \u00e9s a tet\u0151n l\u00e9v\u0151 kis ablakok term\u00e9szetes f\u00e9nyt engednek be.<\/p>\n","protected":false},"excerpt":{"rendered":"<p>A nagy pillanat pont tavaly, egy \u00e9ve t\u00f6rt\u00e9nt, amikor Szell\u0151 Istv\u00e1n egy v\u00e1ratlan bakival sokkolta \u2014 \u00e9s egyben sz\u00f3rakoztatta \u2014&#8230; <span class=\"gridview-grid-post-read-more\"><a href=\"https:\/\/online-filmkatarzis.com\/kucko\/hirek\/oriasit-hibazott-eloben-szello-istvan-levettek-a-kepernyorol\/\">read more<span class=\"gridview-sr-only\"> \u00d3ri\u00e1sit hib\u00e1zott \u00c9l\u0151ben Szell\u0151 Istv\u00e1n!  Levett\u00e9k a k\u00e9perny\u0151r\u0151l!<\/span><\/a><\/span><\/p>\n","protected":false},"author":1,"featured_media":2276,"comment_status":"open","ping_status":"open","sticky":false,"template":"","format":"standard","meta":{"footnotes":""},"categories":[1],"tags":[],"class_list":["post-2275","post","type-post","status-publish","format-standard","has-post-thumbnail","hentry","category-egyeb","wpcat-1-id"],"_links":{"self":[{"href":"https:\/\/online-filmkatarzis.com\/kucko\/hirek\/wp-json\/wp\/v2\/posts\/2275","targetHints":{"allow":["GET"]}}],"collection":[{"href":"https:\/\/online-filmkatarzis.com\/kucko\/hirek\/wp-json\/wp\/v2\/posts"}],"about":[{"href":"https:\/\/online-filmkatarzis.com\/kucko\/hirek\/wp-json\/wp\/v2\/types\/post"}],"author":[{"embeddable":true,"href":"https:\/\/online-filmkatarzis.com\/kucko\/hirek\/wp-json\/wp\/v2\/users\/1"}],"replies":[{"embeddable":true,"href":"https:\/\/online-filmkatarzis.com\/kucko\/hirek\/wp-json\/wp\/v2\/comments?post=2275"}],"version-history":[{"count":1,"href":"https:\/\/online-filmkatarzis.com\/kucko\/hirek\/wp-json\/wp\/v2\/posts\/2275\/revisions"}],"predecessor-version":[{"id":2277,"href":"https:\/\/online-filmkatarzis.com\/kucko\/hirek\/wp-json\/wp\/v2\/posts\/2275\/revisions\/2277"}],"wp:featuredmedia":[{"embeddable":true,"href":"https:\/\/online-filmkatarzis.com\/kucko\/hirek\/wp-json\/wp\/v2\/media\/2276"}],"wp:attachment":[{"href":"https:\/\/online-filmkatarzis.com\/kucko\/hirek\/wp-json\/wp\/v2\/media?parent=2275"}],"wp:term":[{"taxonomy":"category","embeddable":true,"href":"https:\/\/online-filmkatarzis.com\/kucko\/hirek\/wp-json\/wp\/v2\/categories?post=2275"},{"taxonomy":"post_tag","embeddable":true,"href":"https:\/\/online-filmkatarzis.com\/kucko\/hirek\/wp-json\/wp\/v2\/tags?post=2275"}],"curies":[{"name":"wp","href":"https:\/\/api.w.org\/{rel}","templated":true}]}}