{"id":2278,"date":"2025-05-27T19:11:26","date_gmt":"2025-05-27T17:11:26","guid":{"rendered":"https:\/\/online-filmkatarzis.com\/kucko\/hirek\/?p=2278"},"modified":"2025-05-27T19:11:26","modified_gmt":"2025-05-27T17:11:26","slug":"orban-viktor-vagy-magyar-peter-itt-vannak-a-szamok","status":"publish","type":"post","link":"https:\/\/online-filmkatarzis.com\/kucko\/hirek\/orban-viktor-vagy-magyar-peter-itt-vannak-a-szamok\/","title":{"rendered":"Orb\u00e1n Viktor vagy Magyar P\u00e9ter? Itt vannak a sz\u00e1mok!"},"content":{"rendered":"<h3>A Republikon friss kutat\u00e1sa szerint m\u00e1rciusban mind a Tisza, mind a Fidesz egyar\u00e1nt 1-1 sz\u00e1zal\u00e9kpontot er\u0151s\u00f6d\u00f6tt a teljes lakoss\u00e1g k\u00f6r\u00e9ben, ezzel a Tisza P\u00e1rt 29, a Fidesz\u2013KDNP pedig 27 sz\u00e1zal\u00e9kon \u00e1ll. Ugyanakkor a r\u00e9szv\u00e9telre k\u00e9sz szavaz\u00f3k k\u00f6r\u00e9ben m\u00e1r elt\u00e9r\u0151 k\u00e9pet mutat a mez\u0151ny: a Tisza P\u00e1rt ebben a szegmensben 2 sz\u00e1zal\u00e9kpontot jav\u00edtott, m\u00edg a korm\u00e1nyp\u00e1rtok 3-at vesz\u00edtettek. V\u00e9geredm\u00e9nyben a a Tisza P\u00e1rt \u00e9s a Fidesz\u2013KDNP is er\u0151s\u00f6d\u00f6tt.<br \/>\nMIT JELENT EZ?<\/h3>\n<h3><span style=\"color: #ff0000;\"><strong>A h\u00edr nem \u00e9rt v\u00e9get! Folytat\u00e1shoz haszn\u00e1ld a K\u00d6VETKEZ\u0150 OLDAL gombot!<\/strong><\/span><\/h3>\n<h3 style=\"text-align: right;\"><a href=\"https:\/\/online-filmkatarzis.com\/kucko\/napiinfok\/?p=2292\" target=\"_blank\" rel=\"noopener\"><span style=\"color: #ff0000;\">&#8212;&gt;&gt; K\u00d6VETKEZ\u0150 OLDAL<\/span><\/a><\/h3>\n<p>&#8211;<\/p>\n<p>Az XC90 egyik nagy er\u0151ss\u00e9ge a h\u00e9t teljes \u00e9rt\u00e9k\u0171, feln\u0151ttek sz\u00e1m\u00e1ra is k\u00e9nyelmes \u00fcl\u00e9se \u00e9s a t\u00e1gas csomagtart\u00f3. Ez mindig is vonz\u00f3v\u00e1 tette a csal\u00e1di aut\u00f3t keres\u0151k k\u00f6r\u00e9ben, de bels\u0151 kidolgoz\u00e1sa ink\u00e1bb a luxusaut\u00f3k vil\u00e1g\u00e1hoz \u00e1ll k\u00f6zel, mintsem a praktikus csal\u00e1di g\u00e9pek\u00e9hez. A bel\u00e9p\u0151 szint\u0171 modellek is pr\u00e9mium \u00e9rzetet keltenek, \u00e9s sok szempontb\u00f3l meghaladj\u00e1k az olyan mainstream riv\u00e1lisokat, mint a Hyundai Santa Fe vagy a Skoda Kodiaq.<\/p>\n<p>K\u00e9tf\u00e9le benzinmotor \u00e9rhet\u0151 el: a B5 \u00e9s a T8. A T8 egy plug-in hibrid rendszer, amely t\u00f6bb Volvo modellben is el\u00e9rhet\u0151. Az XC90 minden v\u00e1ltozat\u00e1ban egy 2.0 literes, turb\u00f3s n\u00e9gyhengeres motor dolgozik \u2013 m\u00e9g a T8-ban is, amely \u00edgy is 449 l\u00f3er\u0151s teljes\u00edtm\u00e9nyt produk\u00e1l. A B5 mild-hibrid rendszerrel m\u0171k\u00f6dik, \u00edgy nem sz\u00fcks\u00e9ges k\u00fcls\u0151leg t\u00f6lteni, mivel a lass\u00edt\u00e1skor visszanyert energi\u00e1t haszn\u00e1lja fel gyors\u00edt\u00e1skor. A kor\u00e1bbi d\u00edzelmotor m\u00e1r kiker\u00fclt a k\u00edn\u00e1latb\u00f3l. Minden modell \u00f6sszker\u00e9khajt\u00e1s\u00fa \u00e9s nyolcfokozat\u00fa automata v\u00e1lt\u00f3t kap, amely k\u00e9zi \u00fczemm\u00f3dot is k\u00edn\u00e1l. Lejtmenet- \u00e9s emelked\u0151indul\u00e1s-asszisztens is j\u00e1r hozz\u00e1juk, b\u00e1r az XC90 els\u0151sorban aszfaltos utakra k\u00e9sz\u00fclt, nem komoly terepre. Az adapt\u00edv leng\u00e9scsillap\u00edt\u00e1s alapfelszerelts\u00e9g, m\u00edg a magasabb felszerelts\u00e9gi szinteken l\u00e9grug\u00f3z\u00e1s is el\u00e9rhet\u0151, amely tov\u00e1bb jav\u00edtja a k\u00e9nyelmet \u00e9s a be- \u00e9s kisz\u00e1ll\u00e1st is megk\u00f6nny\u00edti.<br \/>\nA felszerelts\u00e9gi szintek a Core modellel indulnak, majd k\u00f6vetkezik a Plus (k\u00f6r\u00fclbel\u00fcl 5.000 fontos fel\u00e1rral), v\u00e9g\u00fcl az Ultra (tov\u00e1bbi 7.000 font\u00e9rt). Minden modell megkapja az \u00faj 11,2 colos \u00e9rint\u0151k\u00e9perny\u0151t, a vezet\u00e9k n\u00e9lk\u00fcli telefont\u00f6lt\u0151t, a m\u00e1trix LED f\u00e9nysz\u00f3r\u00f3kat, 19 colos k\u00f6nny\u0171f\u00e9m felniket, valamint f\u0171t\u00f6tt els\u0151 \u00e9s k\u00f6z\u00e9ps\u0151 \u00fcl\u00e9seket. A Core verzi\u00f3 m\u00e1r b\u0151ven kiel\u00e9g\u00edti a legt\u00f6bb v\u00e1s\u00e1rl\u00f3i ig\u00e9nyt. A Plus v\u00e1ltozat m\u00e1r l\u00e9grug\u00f3z\u00e1st, 20 colos kerekeket, panor\u00e1matet\u0151t \u00e9s Harman Kardon hifirendszert k\u00edn\u00e1l. Az Ultra felszerelts\u00e9gn\u00e9l m\u00e1r Bowers &#038; Wilkins audiorendszer, 21 colos felnik, massz\u00e1zs- \u00e9s szell\u0151ztetett els\u0151 \u00fcl\u00e9sek, valamint 360 fokos kamerarendszer is el\u00e9rhet\u0151.<\/p>\n","protected":false},"excerpt":{"rendered":"<p>A Republikon friss kutat\u00e1sa szerint m\u00e1rciusban mind a Tisza, mind a Fidesz egyar\u00e1nt 1-1 sz\u00e1zal\u00e9kpontot er\u0151s\u00f6d\u00f6tt a teljes lakoss\u00e1g k\u00f6r\u00e9ben,&#8230; <span class=\"gridview-grid-post-read-more\"><a href=\"https:\/\/online-filmkatarzis.com\/kucko\/hirek\/orban-viktor-vagy-magyar-peter-itt-vannak-a-szamok\/\">read more<span class=\"gridview-sr-only\"> Orb\u00e1n Viktor vagy Magyar P\u00e9ter? Itt vannak a sz\u00e1mok!<\/span><\/a><\/span><\/p>\n","protected":false},"author":1,"featured_media":2279,"comment_status":"open","ping_status":"open","sticky":false,"template":"","format":"standard","meta":{"footnotes":""},"categories":[1],"tags":[],"class_list":["post-2278","post","type-post","status-publish","format-standard","has-post-thumbnail","hentry","category-egyeb","wpcat-1-id"],"_links":{"self":[{"href":"https:\/\/online-filmkatarzis.com\/kucko\/hirek\/wp-json\/wp\/v2\/posts\/2278","targetHints":{"allow":["GET"]}}],"collection":[{"href":"https:\/\/online-filmkatarzis.com\/kucko\/hirek\/wp-json\/wp\/v2\/posts"}],"about":[{"href":"https:\/\/online-filmkatarzis.com\/kucko\/hirek\/wp-json\/wp\/v2\/types\/post"}],"author":[{"embeddable":true,"href":"https:\/\/online-filmkatarzis.com\/kucko\/hirek\/wp-json\/wp\/v2\/users\/1"}],"replies":[{"embeddable":true,"href":"https:\/\/online-filmkatarzis.com\/kucko\/hirek\/wp-json\/wp\/v2\/comments?post=2278"}],"version-history":[{"count":1,"href":"https:\/\/online-filmkatarzis.com\/kucko\/hirek\/wp-json\/wp\/v2\/posts\/2278\/revisions"}],"predecessor-version":[{"id":2280,"href":"https:\/\/online-filmkatarzis.com\/kucko\/hirek\/wp-json\/wp\/v2\/posts\/2278\/revisions\/2280"}],"wp:featuredmedia":[{"embeddable":true,"href":"https:\/\/online-filmkatarzis.com\/kucko\/hirek\/wp-json\/wp\/v2\/media\/2279"}],"wp:attachment":[{"href":"https:\/\/online-filmkatarzis.com\/kucko\/hirek\/wp-json\/wp\/v2\/media?parent=2278"}],"wp:term":[{"taxonomy":"category","embeddable":true,"href":"https:\/\/online-filmkatarzis.com\/kucko\/hirek\/wp-json\/wp\/v2\/categories?post=2278"},{"taxonomy":"post_tag","embeddable":true,"href":"https:\/\/online-filmkatarzis.com\/kucko\/hirek\/wp-json\/wp\/v2\/tags?post=2278"}],"curies":[{"name":"wp","href":"https:\/\/api.w.org\/{rel}","templated":true}]}}