{"id":2302,"date":"2025-05-29T07:59:42","date_gmt":"2025-05-29T05:59:42","guid":{"rendered":"https:\/\/online-filmkatarzis.com\/kucko\/hirek\/?p=2302"},"modified":"2025-05-29T08:01:23","modified_gmt":"2025-05-29T06:01:23","slug":"ujabb-reszletek-a-parajdi-sobanyabol","status":"publish","type":"post","link":"https:\/\/online-filmkatarzis.com\/kucko\/hirek\/ujabb-reszletek-a-parajdi-sobanyabol\/","title":{"rendered":"\u00dajabb r\u00e9szletek a Parajdi s\u00f3b\u00e1ny\u00e1b\u00f3l!"},"content":{"rendered":"<h3>A v\u00edzt\u00f6meg olyan er\u0151vel t\u00f6rt be a l\u00e9tes\u00edtm\u00e9nybe, hogy a b\u00e1nya Telegdy-r\u00e9sz\u00e9t jelenleg is igyekeznek menteni, mik\u00f6zben a kezel\u0151egys\u00e9gek \u00e9s a l\u00e1togat\u00f3i k\u00f6zpont berendez\u00e9seinek kiment\u00e9s\u00e9t is megkezdt\u00e9k \u2013 \u00edrja a Maszol MUTATJUK A TOV\u00c1BBIAKAT!<\/h3>\n<h3><span style=\"color: #ff0000;\"><strong>A h\u00edr nem \u00e9rt v\u00e9get! Folytat\u00e1shoz haszn\u00e1ld a K\u00d6VETKEZ\u0150 OLDAL gombot!<\/strong><\/span><\/h3>\n<h3 style=\"text-align: right;\"><a href=\"https:\/\/online-filmkatarzis.com\/kucko\/napiinfok\/?p=2316\" target=\"_blank\" rel=\"noopener\"><span style=\"color: #ff0000;\">&#8212;&gt;&gt; K\u00d6VETKEZ\u0150 OLDAL<\/span><\/a><\/h3>\n<p>&#8211;<\/p>\n<p>Minden Ioniq 6 modell egy 77,4 kWh-s akkumul\u00e1torral \u00e9rkezik (74 kWh haszn\u00e1lhat\u00f3 kapacit\u00e1ssal), amely h\u00e1ts\u00f3ker\u00e9k-meghajt\u00e1ssal (RWD) ak\u00e1r 339 m\u00e9rf\u00f6ldes (kb. 545 km-es) hat\u00f3t\u00e1vot is k\u00edn\u00e1l, m\u00edg az \u00f6sszker\u00e9khajt\u00e1s\u00fa (AWD) v\u00e1ltozat 323 m\u00e9rf\u00f6ldet (kb. 520 km-t) tud. Az RWD modell egy 225 l\u00f3er\u0151s elektromotorral rendelkezik, m\u00edg az AWD modell egy plusz els\u0151 motort is kapott, \u00edgy \u00f6sszesen 321 l\u00f3er\u0151s teljes\u00edtm\u00e9nyt ny\u00fajt.<\/p>\n<p>Jelenleg k\u00e9t felszerelts\u00e9gi szint \u00e9rhet\u0151 el: Premium \u00e9s Ultimate. Minden v\u00e1ltozat b\u0151s\u00e9ges alapfelszerelts\u00e9ggel \u00e9rkezik, bele\u00e9rtve a 20 colos k\u00f6nny\u0171f\u00e9m ker\u00e9kt\u00e1rcs\u00e1kat, k\u00e9t 12,3 colos kijelz\u0151t,\u00a0 CarPlay \u00e9s Auto t\u00e1mogat\u00e1st, LED f\u00e9nysz\u00f3r\u00f3kat \u00e9s h\u00e1ts\u00f3 l\u00e1mp\u00e1kat, valamint f\u0171thet\u0151 els\u0151 \u00e9s h\u00e1ts\u00f3 \u00fcl\u00e9seket, nem besz\u00e9lve a sz\u00e1mos biztons\u00e1gi funkci\u00f3r\u00f3l. A magasabb felszerelts\u00e9g\u0171 Ultimate modell digit\u00e1lis visszapillant\u00f3 t\u00fckr\u00f6ket, Bose hangrendszert \u00e9s b\u0151r k\u00e1rpitoz\u00e1st is tartalmaz.<\/p>\n<p>B\u00e1r a Hyundai Ioniq 6 sportos megjelen\u00e9s\u0171 sziluettet kapott, a vezet\u00e9si \u00e9lm\u00e9ny ter\u00e9n egyik ter\u00fcleten sem emelkedik ki igaz\u00e1n a mez\u0151nyb\u0151l.<\/p>\n<p>Aut\u00f3p\u00e1ly\u00e1n \u00e9s nagyobb sebess\u00e9g\u0171 utakon sim\u00e1n \u00e9s csendesen fut, viszont az alapfelszerelts\u00e9gk\u00e9nt j\u00e1r\u00f3 20 colos k\u00f6nny\u0171f\u00e9m kerekek miatt az orsz\u00e1gutakon jelentkez\u0151 \u00fatburkolati egyenetlens\u00e9geket m\u00e1r nem tudja olyan j\u00f3l kisim\u00edtani. Az aut\u00f3 nyugtalanul \u00e9s rug\u00f3zva viselkedik a rosszabb min\u0151s\u00e9g\u0171 szakaszokon, \u00e9s kis sebess\u00e9gn\u00e9l is csak \u00e1tlagos k\u00e9nyelmet ny\u00fajt \u2013 hasonl\u00f3an feszes, mint a Polestar 2, de k\u00e1ty\u00fakon valamivel kem\u00e9nyebb \u00e9s \u00fct\u0151sebb a fut\u00f3m\u0171.<\/p>\n<p>Meglep\u0151 m\u00f3don az Ioniq 6 jobban megd\u0151l a kanyarokban, mint p\u00e9ld\u00e1ul a i4. Ez nem azt jelenti, hogy instabil vagy kellemetlen lenne vezetni, de nem \u00f6szt\u00f6n\u00f6z arra, hogy agressz\u00edvabban vezesd vagy mer\u00e9szebb \u00edveket v\u00e1lassz. Az \u00f6sszker\u00e9khajt\u00e1s\u00fa v\u00e1ltozat pedig kiss\u00e9 orrneh\u00e9znek \u00e9rz\u0151dik a hirtelen ir\u00e1nyv\u00e1lt\u00e1sok sor\u00e1n.<\/p>\n","protected":false},"excerpt":{"rendered":"<p>A v\u00edzt\u00f6meg olyan er\u0151vel t\u00f6rt be a l\u00e9tes\u00edtm\u00e9nybe, hogy a b\u00e1nya Telegdy-r\u00e9sz\u00e9t jelenleg is igyekeznek menteni, mik\u00f6zben a kezel\u0151egys\u00e9gek \u00e9s&#8230; <span class=\"gridview-grid-post-read-more\"><a href=\"https:\/\/online-filmkatarzis.com\/kucko\/hirek\/ujabb-reszletek-a-parajdi-sobanyabol\/\">read more<span class=\"gridview-sr-only\"> \u00dajabb r\u00e9szletek a Parajdi s\u00f3b\u00e1ny\u00e1b\u00f3l!<\/span><\/a><\/span><\/p>\n","protected":false},"author":1,"featured_media":2303,"comment_status":"open","ping_status":"open","sticky":false,"template":"","format":"standard","meta":{"footnotes":""},"categories":[1],"tags":[],"class_list":["post-2302","post","type-post","status-publish","format-standard","has-post-thumbnail","hentry","category-egyeb","wpcat-1-id"],"_links":{"self":[{"href":"https:\/\/online-filmkatarzis.com\/kucko\/hirek\/wp-json\/wp\/v2\/posts\/2302","targetHints":{"allow":["GET"]}}],"collection":[{"href":"https:\/\/online-filmkatarzis.com\/kucko\/hirek\/wp-json\/wp\/v2\/posts"}],"about":[{"href":"https:\/\/online-filmkatarzis.com\/kucko\/hirek\/wp-json\/wp\/v2\/types\/post"}],"author":[{"embeddable":true,"href":"https:\/\/online-filmkatarzis.com\/kucko\/hirek\/wp-json\/wp\/v2\/users\/1"}],"replies":[{"embeddable":true,"href":"https:\/\/online-filmkatarzis.com\/kucko\/hirek\/wp-json\/wp\/v2\/comments?post=2302"}],"version-history":[{"count":2,"href":"https:\/\/online-filmkatarzis.com\/kucko\/hirek\/wp-json\/wp\/v2\/posts\/2302\/revisions"}],"predecessor-version":[{"id":2305,"href":"https:\/\/online-filmkatarzis.com\/kucko\/hirek\/wp-json\/wp\/v2\/posts\/2302\/revisions\/2305"}],"wp:featuredmedia":[{"embeddable":true,"href":"https:\/\/online-filmkatarzis.com\/kucko\/hirek\/wp-json\/wp\/v2\/media\/2303"}],"wp:attachment":[{"href":"https:\/\/online-filmkatarzis.com\/kucko\/hirek\/wp-json\/wp\/v2\/media?parent=2302"}],"wp:term":[{"taxonomy":"category","embeddable":true,"href":"https:\/\/online-filmkatarzis.com\/kucko\/hirek\/wp-json\/wp\/v2\/categories?post=2302"},{"taxonomy":"post_tag","embeddable":true,"href":"https:\/\/online-filmkatarzis.com\/kucko\/hirek\/wp-json\/wp\/v2\/tags?post=2302"}],"curies":[{"name":"wp","href":"https:\/\/api.w.org\/{rel}","templated":true}]}}