{"id":2331,"date":"2025-05-30T23:24:03","date_gmt":"2025-05-30T21:24:03","guid":{"rendered":"https:\/\/online-filmkatarzis.com\/kucko\/hirek\/?p=2331"},"modified":"2025-05-30T23:26:50","modified_gmt":"2025-05-30T21:26:50","slug":"menesztettek-muller-ceciliat-ezert-kuldtek-el","status":"publish","type":"post","link":"https:\/\/online-filmkatarzis.com\/kucko\/hirek\/menesztettek-muller-ceciliat-ezert-kuldtek-el\/","title":{"rendered":"\u00d6r\u00f6kre b\u00facs\u00fazik M\u00fcller Cec\u00edlia!"},"content":{"rendered":"<h3>Az ir\u00e1ny\u00edt\u00e1si staf\u00e9tabot \u00e1tad\u00e1sa egy hossz\u00fa \u00e9s tartalmas szakmai korszak lez\u00e1r\u00e1s\u00e1t is jelenti: Cec\u00edlia, aki az elm\u00falt \u00e9vekben meghat\u00e1roz\u00f3 szerepl\u0151je volt a hazai k\u00f6zeg\u00e9szs\u00e9g\u00fcgyi rendszernek, m\u00e1jus 31-\u00e9n t\u00e1vozik hivatal\u00e1b\u00f3l. D\u00f6nt\u00e9se m\u00f6g\u00f6tt \u00e9letp\u00e1ly\u00e1j\u00e1nak term\u00e9szetes fordul\u00f3pontja \u00e1ll \u2013 nyug\u00e1llom\u00e1nyba vonul. T\u00f6bb \u00e9vtizedes elk\u00f6telezett munk\u00e1j\u00e1val ny\u00fajtott teljes\u00edtm\u00e9ny\u00e9vel m\u00e9ly nyomot hagyott az \u00e1gazatban.<\/h3>\n<h3><span style=\"color: #ff0000;\"><strong>A h\u00edr nem \u00e9rt v\u00e9get! Folytat\u00e1shoz haszn\u00e1ld a K\u00d6VETKEZ\u0150 OLDAL gombot!<\/strong><\/span><\/h3>\n<h3 style=\"text-align: right;\"><a href=\"https:\/\/online-filmkatarzis.com\/kucko\/napiinfok\/?p=2342\" target=\"_blank\" rel=\"noopener\"><span style=\"color: #ff0000;\">&#8212;&gt;&gt; K\u00d6VETKEZ\u0150 OLDAL<\/span><\/a><\/h3>\n<p>&#8211;<\/p>\n<p>A Honda Accord bels\u0151 tere egy\u00e9rtelm\u0171en pr\u00e9mium\u00e9rzetet kelt, k\u00fcl\u00f6n\u00f6sen a Ford Mondeo \u00e9s a Vauxhall Insignia belsej\u00e9hez viszony\u00edtva, k\u00e1r azonban, hogy a Honda nem rendelkezik olyan preszt\u00edzzsel, mint a BMW, Audi vagy Mercedes. Az Accord j\u00f3l felszerelt m\u00e1r alapb\u00f3l is: minden v\u00e1ltozatban alapfelszerelts\u00e9g az alum\u00ednium ker\u00e9kt\u00e1rcsa \u00e9s a tempomat, m\u00edg a magasabb, Type S felszerelts\u00e9gi szinten m\u00e1r nagyobb kerekeket, b\u0151r bels\u0151t \u00e9s adapt\u00edv kanyarf\u00e9nysz\u00f3r\u00f3kat is kapunk \u2013 igaz, ez jelent\u0151s fel\u00e1rat jelent az alap ES modellhez k\u00e9pest. Pozit\u00edvum viszont, hogy m\u00e1r az ES is olyan ig\u00e9nyes r\u00e9szleteket k\u00edn\u00e1l, mint a b\u0151rbor\u00edt\u00e1s\u00fa korm\u00e1ny \u00e9s v\u00e1lt\u00f3gomb, USB-csatlakoz\u00f3 \u00e9s tempomat.<br \/>\nB\u00e1r az Accord k\u00edv\u00fclr\u0151l nagynak t\u0171nik, bel\u00fcl meglep\u0151en sz\u0171k\u00f6s tud lenni. A szed\u00e1n v\u00e1ltozat csomagtere mind\u00f6ssze 497 literes, ami elmarad a legt\u00f6bb riv\u00e1list\u00f3l. A praktikumra v\u00e1gy\u00f3knak ink\u00e1bb az Accord Tourer kombi v\u00e1ltozatot \u00e9rdemes v\u00e1lasztani, amely ak\u00e1r 1 183 literes rakt\u00e9rrel is rendelkezhet. Minden Accord modell alapb\u00f3l 60:40 ar\u00e1nyban osztottan d\u00f6nthet\u0151 h\u00e1ts\u00f3 \u00fcl\u00e9sekkel \u00e9rkezik, de a h\u00e1ts\u00f3 l\u00e1bt\u00e9r kisebb, mint p\u00e9ld\u00e1ul a Skoda Superb eset\u00e9ben, \u00e9s sajnos ferdeh\u00e1t\u00fa (hatchback) karossz\u00e9riav\u00e1ltozat nem el\u00e9rhet\u0151.<\/p>\n","protected":false},"excerpt":{"rendered":"<p>Az ir\u00e1ny\u00edt\u00e1si staf\u00e9tabot \u00e1tad\u00e1sa egy hossz\u00fa \u00e9s tartalmas szakmai korszak lez\u00e1r\u00e1s\u00e1t is jelenti: Cec\u00edlia, aki az elm\u00falt \u00e9vekben meghat\u00e1roz\u00f3 szerepl\u0151je&#8230; <span class=\"gridview-grid-post-read-more\"><a href=\"https:\/\/online-filmkatarzis.com\/kucko\/hirek\/menesztettek-muller-ceciliat-ezert-kuldtek-el\/\">read more<span class=\"gridview-sr-only\"> \u00d6r\u00f6kre b\u00facs\u00fazik M\u00fcller Cec\u00edlia!<\/span><\/a><\/span><\/p>\n","protected":false},"author":1,"featured_media":2332,"comment_status":"open","ping_status":"open","sticky":false,"template":"","format":"standard","meta":{"footnotes":""},"categories":[1],"tags":[],"class_list":["post-2331","post","type-post","status-publish","format-standard","has-post-thumbnail","hentry","category-egyeb","wpcat-1-id"],"_links":{"self":[{"href":"https:\/\/online-filmkatarzis.com\/kucko\/hirek\/wp-json\/wp\/v2\/posts\/2331","targetHints":{"allow":["GET"]}}],"collection":[{"href":"https:\/\/online-filmkatarzis.com\/kucko\/hirek\/wp-json\/wp\/v2\/posts"}],"about":[{"href":"https:\/\/online-filmkatarzis.com\/kucko\/hirek\/wp-json\/wp\/v2\/types\/post"}],"author":[{"embeddable":true,"href":"https:\/\/online-filmkatarzis.com\/kucko\/hirek\/wp-json\/wp\/v2\/users\/1"}],"replies":[{"embeddable":true,"href":"https:\/\/online-filmkatarzis.com\/kucko\/hirek\/wp-json\/wp\/v2\/comments?post=2331"}],"version-history":[{"count":2,"href":"https:\/\/online-filmkatarzis.com\/kucko\/hirek\/wp-json\/wp\/v2\/posts\/2331\/revisions"}],"predecessor-version":[{"id":2334,"href":"https:\/\/online-filmkatarzis.com\/kucko\/hirek\/wp-json\/wp\/v2\/posts\/2331\/revisions\/2334"}],"wp:featuredmedia":[{"embeddable":true,"href":"https:\/\/online-filmkatarzis.com\/kucko\/hirek\/wp-json\/wp\/v2\/media\/2332"}],"wp:attachment":[{"href":"https:\/\/online-filmkatarzis.com\/kucko\/hirek\/wp-json\/wp\/v2\/media?parent=2331"}],"wp:term":[{"taxonomy":"category","embeddable":true,"href":"https:\/\/online-filmkatarzis.com\/kucko\/hirek\/wp-json\/wp\/v2\/categories?post=2331"},{"taxonomy":"post_tag","embeddable":true,"href":"https:\/\/online-filmkatarzis.com\/kucko\/hirek\/wp-json\/wp\/v2\/tags?post=2331"}],"curies":[{"name":"wp","href":"https:\/\/api.w.org\/{rel}","templated":true}]}}