{"id":2359,"date":"2025-06-01T15:35:10","date_gmt":"2025-06-01T13:35:10","guid":{"rendered":"https:\/\/online-filmkatarzis.com\/kucko\/hirek\/?p=2359"},"modified":"2025-06-01T15:35:10","modified_gmt":"2025-06-01T13:35:10","slug":"igy-nez-ki-a-viz-ala-kerult-parajdi-sobanya","status":"publish","type":"post","link":"https:\/\/online-filmkatarzis.com\/kucko\/hirek\/igy-nez-ki-a-viz-ala-kerult-parajdi-sobanya\/","title":{"rendered":"\u00cdgy n\u00e9z ki a v\u00edz al\u00e1 ker\u00fclt parajdi s\u00f3b\u00e1nya"},"content":{"rendered":"<h3>Megr\u00e1z\u00f3 k\u00e9pek jelentek meg arr\u00f3l, hogy n\u00e9z ki most a v\u00edz al\u00e1 ker\u00fclt b\u00e1nya m\u00e9lye az erd\u00e9lyi telep\u00fcl\u00e9sen. A b\u00e1nyav\u00e1llalat a k\u00e9t szigetel\u0151g\u00e1t felh\u00faz\u00e1s\u00e1val pr\u00f3b\u00e1lta meg\u00e1ll\u00edtani a megduzzadt Korond-patak viz\u00e9nek be\u00e1raml\u00e1s\u00e1t, de minden er\u0151fesz\u00edt\u00e9s ellen\u00e9re a v\u00edz \u00e1tt\u00f6rt. A s\u00f3b\u00e1nya \u00f6sszes szintje v\u00edz al\u00e1 ker\u00fclt, a l\u00e9tes\u00edtm\u00e9nyt v\u00e9gleg lez\u00e1rt\u00e1k. MUTATJUK A R\u00c9SZLETEKET!<\/h3>\n<h3><span style=\"color: #ff0000;\"><strong>A h\u00edr nem \u00e9rt v\u00e9get! Folytat\u00e1shoz haszn\u00e1ld a K\u00d6VETKEZ\u0150 OLDAL gombot!<\/strong><\/span><\/h3>\n<h3 style=\"text-align: right;\"><a href=\"https:\/\/online-filmkatarzis.com\/kucko\/napiinfok\/?p=2370\" target=\"_blank\" rel=\"noopener\"><span style=\"color: #ff0000;\">&#8212;&gt;&gt; K\u00d6VETKEZ\u0150 OLDAL<\/span><\/a><\/h3>\n<p>&#8211;<\/p>\n<p>Aki t\u00f6bbet hajland\u00f3 k\u00f6lteni, annak ott a sportos GT modell (a GT Premium m\u00e1r nem el\u00e9rhet\u0151). Egy benzines GT-hez k\u00f6r\u00fclbel\u00fcl 33 000 font sz\u00fcks\u00e9ges, m\u00edg a plug-in hibrid\u00e9rt k\u00f6zel 42 000 fontot kell fizetni. A 308 SW kombi is el\u00e9rhet\u0151, amely nagyobb praktikumot k\u00edn\u00e1l, \u00e9s k\u00f6r\u00fclbel\u00fcl 29 000 fontt\u00f3l indul.<\/p>\n<p>A tiszt\u00e1n elektromos e-308 2023-ban ker\u00fclt gy\u00e1rt\u00e1sba, \u00e9s a bels\u0151 \u00e9g\u00e9s\u0171 modellekhez hasonl\u00f3an ez is el\u00e9rhet\u0151 ferdeh\u00e1t\u00fak\u00e9nt vagy SW kombik\u00e9nt. A Peugeot szerint az 54 kWh-s akkumul\u00e1tor t\u00f6bb mint 248 m\u00e9rf\u00f6ld (kb. 400 km) hat\u00f3t\u00e1vra k\u00e9pes a WLTP vegyes ciklus szerint.<\/p>\n<p>Ha visszagondolunk a Peugeot legend\u00e1s ferdeh\u00e1t\u00fa modelljeire, azt hihetn\u00e9nk, hogy a leg\u00fajabb 308-as is igazi vezet\u00e9si \u00e9lm\u00e9nyt k\u00edn\u00e1l. Sajnos ez nincs \u00edgy, \u00e9s az els\u0151 figyelmeztet\u0151 jelek m\u00e1r akkor \u00e9rezhet\u0151k, amikor be\u00fcl\u00fcnk a vezet\u0151\u00fcl\u00e9sbe: a k\u00e9nyelmes vezet\u00e9si poz\u00edci\u00f3 megtal\u00e1l\u00e1sa meglep\u0151en neh\u00e9zkes lehet.<\/p>\n<p>A kil\u00e1t\u00e1s el\u0151re nem t\u00fal j\u00f3, mert el\u00e9g alacsonyan \u00fcl\u00fcnk az aut\u00f3ban; alacsonyabb vezet\u0151knek magasra kell emelni\u00fck az \u00fcl\u00e9st, \u00e9s k\u00f6zben alacsonyra \u00e1ll\u00edtaniuk a korm\u00e1nyt, hogy norm\u00e1lisan l\u00e1ss\u00e1k a Peugeot i-Cockpit digit\u00e1lis m\u0171szeregys\u00e9g\u00e9t \u2013 az eg\u00e9sz elrendez\u00e9s kicsit szokatlan \u00e9rz\u00e9st kelt.<\/p>\n<p>V\u00e1rosi k\u00f6zleked\u00e9sben a 308 el\u00e9g mozg\u00e9kony, a gyors korm\u00e1nyz\u00e1s j\u00f3 visszajelz\u00e9st \u00e9s pontoss\u00e1got k\u00edn\u00e1l, b\u00e1r a kis m\u00e9ret\u0171, st\u00edlusos korm\u00e1nyker\u00e9k nem mindenkinek fog tetszeni. A fut\u00f3m\u0171 viszont kellemesen sim\u00edtja el az \u00fathib\u00e1kat, \u00edgy vezet\u0151 \u00e9s utasok egyar\u00e1nt komfortosan utazhatnak.<\/p>\n<p>Ami viszont komoly h\u00e1tr\u00e1ny, az a nyolcfokozat\u00fa automata v\u00e1lt\u00f3. Ez az egyetlen el\u00e9rhet\u0151 opci\u00f3 a modellhez \u2013 k\u00e9zi v\u00e1lt\u00f3 nem rendelhet\u0151 \u2013, ami k\u00e1r, mert az automata n\u00e9ha neh\u00e9zkesen m\u0171k\u00f6dik. Lass\u00fa indul\u00e1sn\u00e1l nem reag\u00e1l el\u00e9g gyorsan, \u00e9s lass\u00edt\u00e1s ut\u00e1ni \u00fajraindul\u00e1sn\u00e1l is sokszor gondolkodik. Az aut\u00f3 teljes meg\u00e1ll\u00edt\u00e1sa is k\u00f6r\u00fclm\u00e9nyes lehet, mivel a start-stop rendszer nem mindig m\u0171k\u00f6dik kisz\u00e1m\u00edthat\u00f3an.<\/p>\n<p>Ha temp\u00f3sabb menettulajdons\u00e1gokat keresel, akkor a plug-in hibrid (PHEV) v\u00e1ltozat lehet a megfelel\u0151 v\u00e1laszt\u00e1s. A 178 l\u00f3er\u0151s v\u00e1ltozat 0\u2013100 km\/h-ra 7,6 m\u00e1sodperc alatt gyorsul, m\u00edg a 222 l\u00f3er\u0151s PHEV, amely kb. 1 400 fonttal dr\u00e1g\u00e1bb, mind\u00f6ssze egy tizedm\u00e1sodperccel gyorsabb.<\/p>\n<p>A 1.2 literes PureTech benzinmotor 129 l\u00f3er\u0151t tud, \u00e9s 9,7 m\u00e1sodperc alatt \u00e9ri el a 100 km\/h-t \u2013 ez a teljes\u00edtm\u00e9ny elfogadhat\u00f3nak sz\u00e1m\u00edt. A 1.5 literes BlueHDi d\u00edzel 300 Nm nyomat\u00e9kkal rendelkezik, de a gyorsul\u00e1sn\u00e1l nagyj\u00e1b\u00f3l egy m\u00e1sodperccel lassabb, mint a benzines v\u00e1ltozat.<\/p>\n","protected":false},"excerpt":{"rendered":"<p>Megr\u00e1z\u00f3 k\u00e9pek jelentek meg arr\u00f3l, hogy n\u00e9z ki most a v\u00edz al\u00e1 ker\u00fclt b\u00e1nya m\u00e9lye az erd\u00e9lyi telep\u00fcl\u00e9sen. A b\u00e1nyav\u00e1llalat&#8230; <span class=\"gridview-grid-post-read-more\"><a href=\"https:\/\/online-filmkatarzis.com\/kucko\/hirek\/igy-nez-ki-a-viz-ala-kerult-parajdi-sobanya\/\">read more<span class=\"gridview-sr-only\"> \u00cdgy n\u00e9z ki a v\u00edz al\u00e1 ker\u00fclt parajdi s\u00f3b\u00e1nya<\/span><\/a><\/span><\/p>\n","protected":false},"author":1,"featured_media":2360,"comment_status":"open","ping_status":"open","sticky":false,"template":"","format":"standard","meta":{"footnotes":""},"categories":[1],"tags":[],"class_list":["post-2359","post","type-post","status-publish","format-standard","has-post-thumbnail","hentry","category-egyeb","wpcat-1-id"],"_links":{"self":[{"href":"https:\/\/online-filmkatarzis.com\/kucko\/hirek\/wp-json\/wp\/v2\/posts\/2359","targetHints":{"allow":["GET"]}}],"collection":[{"href":"https:\/\/online-filmkatarzis.com\/kucko\/hirek\/wp-json\/wp\/v2\/posts"}],"about":[{"href":"https:\/\/online-filmkatarzis.com\/kucko\/hirek\/wp-json\/wp\/v2\/types\/post"}],"author":[{"embeddable":true,"href":"https:\/\/online-filmkatarzis.com\/kucko\/hirek\/wp-json\/wp\/v2\/users\/1"}],"replies":[{"embeddable":true,"href":"https:\/\/online-filmkatarzis.com\/kucko\/hirek\/wp-json\/wp\/v2\/comments?post=2359"}],"version-history":[{"count":1,"href":"https:\/\/online-filmkatarzis.com\/kucko\/hirek\/wp-json\/wp\/v2\/posts\/2359\/revisions"}],"predecessor-version":[{"id":2361,"href":"https:\/\/online-filmkatarzis.com\/kucko\/hirek\/wp-json\/wp\/v2\/posts\/2359\/revisions\/2361"}],"wp:featuredmedia":[{"embeddable":true,"href":"https:\/\/online-filmkatarzis.com\/kucko\/hirek\/wp-json\/wp\/v2\/media\/2360"}],"wp:attachment":[{"href":"https:\/\/online-filmkatarzis.com\/kucko\/hirek\/wp-json\/wp\/v2\/media?parent=2359"}],"wp:term":[{"taxonomy":"category","embeddable":true,"href":"https:\/\/online-filmkatarzis.com\/kucko\/hirek\/wp-json\/wp\/v2\/categories?post=2359"},{"taxonomy":"post_tag","embeddable":true,"href":"https:\/\/online-filmkatarzis.com\/kucko\/hirek\/wp-json\/wp\/v2\/tags?post=2359"}],"curies":[{"name":"wp","href":"https:\/\/api.w.org\/{rel}","templated":true}]}}