{"id":2400,"date":"2025-06-03T16:55:05","date_gmt":"2025-06-03T14:55:05","guid":{"rendered":"https:\/\/online-filmkatarzis.com\/kucko\/hirek\/?p=2400"},"modified":"2025-06-03T16:55:05","modified_gmt":"2025-06-03T14:55:05","slug":"mar-biztos-ekkor-leall-a-tomegkozlekedes","status":"publish","type":"post","link":"https:\/\/online-filmkatarzis.com\/kucko\/hirek\/mar-biztos-ekkor-leall-a-tomegkozlekedes\/","title":{"rendered":"M\u00e1r biztos! Ekkor le\u00e1ll a T\u00f6megk\u00f6zleked\u00e9s!"},"content":{"rendered":"<h3>Egy szimbolikus figyelmeztet\u00e9s r\u00e9szek\u00e9nt j\u00fanius 7-\u00e9n, p\u00e9nteken 11:50 \u00e9s 12:00 k\u00f6z\u00f6tt t\u00edz percre teljesen le\u00e1ll a t\u00f6megk\u00f6zleked\u00e9s Budapesten. A d\u00f6nt\u00e9st Kar\u00e1csony Gergely jelentette be, aki szerint ez nem sztr\u00e1jk, hanem tulajdonosi int\u00e9zked\u00e9s, amely megmutatja, milyen lenne az \u00e9let m\u0171k\u00f6d\u0151 k\u00f6zszolg\u00e1ltat\u00e1sok n\u00e9lk\u00fcl.<br \/>\nSZTR\u00c1JK IS KIL\u00c1T\u00c1SBAN VAN, EKKOR V\u00c1RHAT\u00d3:<\/h3>\n<h3><span style=\"color: #ff0000;\"><strong>A h\u00edr nem \u00e9rt v\u00e9get! Folytat\u00e1shoz haszn\u00e1ld a K\u00d6VETKEZ\u0150 OLDAL gombot!<\/strong><\/span><\/h3>\n<h3 style=\"text-align: right;\"><a href=\"https:\/\/online-filmkatarzis.com\/kucko\/napiinfok\/?p=2409\" target=\"_blank\" rel=\"noopener\"><span style=\"color: #ff0000;\">&#8212;&gt;&gt; K\u00d6VETKEZ\u0150 OLDAL<\/span><\/a><\/h3>\n<p>&#8211;<\/p>\n<p>A Clio k\u00fclseje visszafogott, f\u0151leg olyan riv\u00e1lisokhoz k\u00e9pest, mint a Ford Fiesta vagy az Alfa Romeo MiTo, de a diz\u00e1jn j\u00f3l \u00f6regedett, \u00e9s minden modell \u2013 a takar\u00e9kos Eco2 kiv\u00e9tel\u00e9vel \u2013 alufelnivel \u00e9rkezik. Az utast\u00e9r t\u00e1gas, j\u00f3l \u00e1tgondolt \u00e9s egyszer\u0171en kezelhet\u0151, m\u00edg a Dynamique TomTom vagy GT Line TomTom v\u00e1ltozatokban alapfelszerelts\u00e9g a navig\u00e1ci\u00f3. Azonban nagy k\u00fcl\u00f6nbs\u00e9g van a bels\u0151 anyaghaszn\u00e1latban az alapmodellek \u00e9s a dr\u00e1g\u00e1bb kivitelek k\u00f6z\u00f6tt.<\/p>\n<p>A Clio 288 literes csomagtere a kateg\u00f3ri\u00e1ban j\u00f3nak sz\u00e1m\u00edt, megel\u0151zi a Mazda 2-t \u00e9s a Peugeot 207-et. A keszty\u0171tart\u00f3 hatalmas, \u00e9s az els\u0151 ajt\u00f3zsebek is nagyok, \u00edgy hosszabb utak sor\u00e1n is k\u00f6nnyed\u00e9n el lehet helyezni palackokat vagy egy\u00e9b holmikat. Minden v\u00e1ltozatban alap a d\u00f6nthet\u0151 h\u00e1ts\u00f3 \u00fcl\u00e9st\u00e1mla \u00e9s a l\u00e9gkondicion\u00e1l\u00f3, m\u00edg az alapmodellen k\u00edv\u00fcl minden m\u00e1s v\u00e1ltozat automata f\u00e9nysz\u00f3r\u00f3val \u00e9s ablakt\u00f6rl\u0151vel is felszerelt. \u00d6sszess\u00e9g\u00e9ben a Clio j\u00f3 csomagt\u00e9rrel rendelkezik, \u00e9s n\u00e9gy feln\u0151tt k\u00e9nyelmesen elf\u00e9r benne.<br \/>\nA Renault neve egybeforrt a biztons\u00e1ggal, \u00e9s a Clio ezt j\u00f3l p\u00e9ld\u00e1zza. Az Euro NCAP t\u00f6r\u00e9steszteken \u00f6tcsillagos eredm\u00e9nyt \u00e9rt el, gyermekv\u00e9delemre n\u00e9gy, gyalogosv\u00e9delemre viszont csak egy csillagot kapott. Minden modellben alap az ABS, az elektronikus f\u00e9ker\u0151-eloszt\u00f3 \u00e9s t\u00f6bb l\u00e9gzs\u00e1k is. A SEAT Ibiza \u00e9s VW Polo riv\u00e1lisokhoz hasonl\u00f3an azonban a Clio sem szerepelt j\u00f3l a 2012-es Driver Power felm\u00e9r\u00e9sen: a 100 modellb\u0151l a 89. helyet szerezte meg. A leggyakoribb panaszok k\u00f6z\u00f6tt szerepel a k\u00e9nyelmetlen utast\u00e9r \u00e9s a technol\u00f3giai hi\u00e1nyoss\u00e1gok, amit a Renault az\u00f3ta pr\u00f3b\u00e1lt orvosolni a felszerelts\u00e9g jav\u00edt\u00e1s\u00e1val. Az \u00faj gener\u00e1ci\u00f3 \u00e9rkez\u00e9s\u00e9vel a gy\u00e1rt\u00f3 rem\u00e9li, hogy 2013-ban jobb helyez\u00e9st \u00e9r el.<\/p>\n","protected":false},"excerpt":{"rendered":"<p>Egy szimbolikus figyelmeztet\u00e9s r\u00e9szek\u00e9nt j\u00fanius 7-\u00e9n, p\u00e9nteken 11:50 \u00e9s 12:00 k\u00f6z\u00f6tt t\u00edz percre teljesen le\u00e1ll a t\u00f6megk\u00f6zleked\u00e9s Budapesten. A d\u00f6nt\u00e9st&#8230; <span class=\"gridview-grid-post-read-more\"><a href=\"https:\/\/online-filmkatarzis.com\/kucko\/hirek\/mar-biztos-ekkor-leall-a-tomegkozlekedes\/\">read more<span class=\"gridview-sr-only\"> M\u00e1r biztos! Ekkor le\u00e1ll a T\u00f6megk\u00f6zleked\u00e9s!<\/span><\/a><\/span><\/p>\n","protected":false},"author":1,"featured_media":2401,"comment_status":"open","ping_status":"open","sticky":false,"template":"","format":"standard","meta":{"footnotes":""},"categories":[1],"tags":[],"class_list":["post-2400","post","type-post","status-publish","format-standard","has-post-thumbnail","hentry","category-egyeb","wpcat-1-id"],"_links":{"self":[{"href":"https:\/\/online-filmkatarzis.com\/kucko\/hirek\/wp-json\/wp\/v2\/posts\/2400","targetHints":{"allow":["GET"]}}],"collection":[{"href":"https:\/\/online-filmkatarzis.com\/kucko\/hirek\/wp-json\/wp\/v2\/posts"}],"about":[{"href":"https:\/\/online-filmkatarzis.com\/kucko\/hirek\/wp-json\/wp\/v2\/types\/post"}],"author":[{"embeddable":true,"href":"https:\/\/online-filmkatarzis.com\/kucko\/hirek\/wp-json\/wp\/v2\/users\/1"}],"replies":[{"embeddable":true,"href":"https:\/\/online-filmkatarzis.com\/kucko\/hirek\/wp-json\/wp\/v2\/comments?post=2400"}],"version-history":[{"count":1,"href":"https:\/\/online-filmkatarzis.com\/kucko\/hirek\/wp-json\/wp\/v2\/posts\/2400\/revisions"}],"predecessor-version":[{"id":2402,"href":"https:\/\/online-filmkatarzis.com\/kucko\/hirek\/wp-json\/wp\/v2\/posts\/2400\/revisions\/2402"}],"wp:featuredmedia":[{"embeddable":true,"href":"https:\/\/online-filmkatarzis.com\/kucko\/hirek\/wp-json\/wp\/v2\/media\/2401"}],"wp:attachment":[{"href":"https:\/\/online-filmkatarzis.com\/kucko\/hirek\/wp-json\/wp\/v2\/media?parent=2400"}],"wp:term":[{"taxonomy":"category","embeddable":true,"href":"https:\/\/online-filmkatarzis.com\/kucko\/hirek\/wp-json\/wp\/v2\/categories?post=2400"},{"taxonomy":"post_tag","embeddable":true,"href":"https:\/\/online-filmkatarzis.com\/kucko\/hirek\/wp-json\/wp\/v2\/tags?post=2400"}],"curies":[{"name":"wp","href":"https:\/\/api.w.org\/{rel}","templated":true}]}}