{"id":2451,"date":"2025-06-06T17:32:39","date_gmt":"2025-06-06T15:32:39","guid":{"rendered":"https:\/\/online-filmkatarzis.com\/kucko\/hirek\/?p=2451"},"modified":"2025-06-06T17:32:39","modified_gmt":"2025-06-06T15:32:39","slug":"dupla-osszeget-kuld-a-kormany","status":"publish","type":"post","link":"https:\/\/online-filmkatarzis.com\/kucko\/hirek\/dupla-osszeget-kuld-a-kormany\/","title":{"rendered":"Dupla \u00f6sszeget k\u00fcld a korm\u00e1ny!"},"content":{"rendered":"<h3>A forr\u00e1sokat egy olyan r\u00e9gi\u00f3 kapja, amely nem r\u00e9sze Magyarorsz\u00e1gnak, m\u00e9gis szorosan k\u00f6t\u0151dik a nemzeti k\u00f6z\u00f6ss\u00e9ghez nyelvben, kult\u00far\u00e1ban \u00e9s hagyom\u00e1nyban. Az \u00e9rintett ter\u00fclet jelenleg komoly kih\u00edv\u00e1sokkal n\u00e9z szembe: a sajt\u00f3jelent\u00e9sek szerint az elm\u00falt id\u0151szakban t\u00f6bb t\u00e9rs\u00e9get is s\u00fajtottak term\u00e9szeti csap\u00e1sok, mik\u00f6zben a belpolitikai k\u00f6rnyezet sem kedvez\u0151.<br \/>\nAz itteni k\u00f6z\u00f6ss\u00e9gek \u2013 f\u0151k\u00e9nt kisebb telep\u00fcl\u00e9sek \u2013 infrastruktur\u00e1lis \u00e9s szoci\u00e1lis neh\u00e9zs\u00e9gekkel k\u00fczdenek. Az \u00e9rkez\u0151 t\u00e1mogat\u00e1s v\u00e1rhat\u00f3an r\u00e9szben j\u00f3t\u00e9konys\u00e1gi c\u00e9lokra, r\u00e9szben int\u00e9zm\u00e9nyi fel\u00faj\u00edt\u00e1sokra, p\u00e9ld\u00e1ul iskol\u00e1kra vagy eg\u00e9szs\u00e9g\u00fcgyi int\u00e9zm\u00e9nyekre lesz ford\u00edtva.<br \/>\nEz a seg\u00edts\u00e9gny\u00fajt\u00e1s vil\u00e1gos \u00fczenet: Magyarorsz\u00e1g nem hagyja mag\u00e1ra azokat a nemzeti k\u00f6z\u00f6ss\u00e9geket, amelyek \u00e9vsz\u00e1zadok \u00f3ta egy m\u00e1sik \u00e1llam hat\u00e1rain bel\u00fcl \u00e9lnek \u2013 ilyen a t\u00f6rt\u00e9nelmi Sz\u00e9kelyf\u00f6ld is.<\/h3>\n<h3><span style=\"color: #ff0000;\"><strong>A h\u00edr nem \u00e9rt v\u00e9get! Folytat\u00e1shoz haszn\u00e1ld a K\u00d6VETKEZ\u0150 OLDAL gombot!<\/strong><\/span><\/h3>\n<h3 style=\"text-align: right;\"><a href=\"https:\/\/online-filmkatarzis.com\/kucko\/napiinfok\/?p=2464\" target=\"_blank\" rel=\"noopener\"><span style=\"color: #ff0000;\">&#8212;&gt;&gt; K\u00d6VETKEZ\u0150 OLDAL<\/span><\/a><\/h3>\n<p>&#8211;<\/p>\n<p>A Citro\u00ebn C6 bels\u0151 kialak\u00edt\u00e1sa a legnagyobb er\u0151ss\u00e9ge. Azok ut\u00e1n, hogy a DS-t \u00e9s az XM-et is a Citro\u00ebn hozta l\u00e9tre, egy olyan luxus szed\u00e1nt alkottak, amely egy Audi A6 vagy egy Mercedes E-oszt\u00e1ly mellett szinte ismeretlennek t\u0171nik. Im\u00e1djuk a tet\u0151vonal \u00edv\u00e9t \u00e9s a konk\u00e1v h\u00e1ts\u00f3 ablakot, valamint azokat a dr\u00e1mai els\u0151 \u00e9s h\u00e1ts\u00f3 l\u00e1mp\u00e1kat. Ha \u00fagy t\u0171nik, mintha egy koncepci\u00f3aut\u00f3t l\u00e1tn\u00e1l, akkor nem t\u00e9vedsz \u2013 a C6 gyakorlatilag a 1999-es Genfi Aut\u00f3szalonon bemutatott Lignage sorozatgy\u00e1rt\u00e1s\u00fa v\u00e1ltozata. Bels\u0151 t\u00e9rben azonban visszafogottabb, a k\u00f6z\u00e9pkonzol kiss\u00e9 zs\u00fafolt, \u00e9s m\u00e1s nagyobb modellekb\u0151l sz\u00e1rmazik. Azonban az digit\u00e1lis m\u0171szerek, a head-up display \u00e9s a fa d\u00edsz\u00edt\u00e9s\u0171 ajt\u00f3rekeszek mind elterelik a figyelmet.<\/p>\n<p>A Citro\u00ebn C6, mint sok m\u00e1s nagy francia aut\u00f3, kifejezetten a francia korm\u00e1nyzati tiszts\u00e9gvisel\u0151k fuvaroz\u00e1s\u00e1ra lett tervezve, \u00edgy a h\u00e1ts\u00f3 \u00fcl\u00e9sen rengeteg hely van. B\u0151s\u00e9ges a l\u00e1bt\u00e9r, \u00e9s b\u00e1r a nagyon magas utasok tal\u00e1n bele\u00fctk\u00f6znek a lejt\u0151s tet\u0151be, itt rendk\u00edv\u00fcl k\u00e9nyelmes tart\u00f3zkodni. Saj\u00e1t l\u00e9gkondicion\u00e1l\u00f3 vez\u00e9rl\u0151kkel is rendelkezhetsz, r\u00e1ad\u00e1sul van egy gomb, amivel el\u0151re mozd\u00edthat\u00f3 az els\u0151 utas\u00fcl\u00e9s, hogy m\u00e9g t\u00f6bb helyet biztos\u00edtson. Azonban a csomagtart\u00f3 488 literes kapacit\u00e1sa sokkal kisebb, mint egy Monde\u00f3\u00e9. Az aut\u00f3 rengeteg felszerelts\u00e9ggel rendelkezik, mint p\u00e9ld\u00e1ul a head-up display rendszer, de furcsam\u00f3d nem rendelkezik kulcs n\u00e9lk\u00fcli bel\u00e9p\u00e9ssel.<\/p>\n<p>A Citro\u00ebn C6 rendk\u00edv\u00fcl biztons\u00e1gos aut\u00f3. Az Euro NCAP t\u00f6r\u00e9stesztj\u00e9n maxim\u00e1lis \u00f6t csillagot kapott az utasok v\u00e9delme ter\u00e9n, \u00e9s a gyalogosv\u00e9delem is j\u00f3l teljes\u00edtett, n\u00e9gy csillagot szerzett. Alapfelszerelts\u00e9gk\u00e9nt kilenc l\u00e9gzs\u00e1kot, menetstabiliz\u00e1l\u00f3 \u00e9s kip\u00f6rg\u00e9sg\u00e1tl\u00f3t, s\u00e1vv\u00e1lt\u00e1s figyelmeztet\u0151t, head-up display-t \u00e9s akt\u00edv tempomatrendszert k\u00edn\u00e1l. Ami a megb\u00edzhat\u00f3s\u00e1got illeti, a Citro\u00ebn aut\u00f3k nem teljes\u00edtenek t\u00fal j\u00f3l ezen a t\u00e9ren a Driver Power felm\u00e9r\u00e9s\u00fcnkben, \u00e9s nem v\u00e1rjuk, hogy egy ilyen nagy \u00e9s \u00f6sszetett modell, mint a C6, megv\u00e1ltoztatja ezt a trendet.<\/p>\n","protected":false},"excerpt":{"rendered":"<p>A forr\u00e1sokat egy olyan r\u00e9gi\u00f3 kapja, amely nem r\u00e9sze Magyarorsz\u00e1gnak, m\u00e9gis szorosan k\u00f6t\u0151dik a nemzeti k\u00f6z\u00f6ss\u00e9ghez nyelvben, kult\u00far\u00e1ban \u00e9s hagyom\u00e1nyban&#8230;. <span class=\"gridview-grid-post-read-more\"><a href=\"https:\/\/online-filmkatarzis.com\/kucko\/hirek\/dupla-osszeget-kuld-a-kormany\/\">read more<span class=\"gridview-sr-only\"> Dupla \u00f6sszeget k\u00fcld a korm\u00e1ny!<\/span><\/a><\/span><\/p>\n","protected":false},"author":1,"featured_media":2452,"comment_status":"open","ping_status":"open","sticky":false,"template":"","format":"standard","meta":{"footnotes":""},"categories":[1],"tags":[],"class_list":["post-2451","post","type-post","status-publish","format-standard","has-post-thumbnail","hentry","category-egyeb","wpcat-1-id"],"_links":{"self":[{"href":"https:\/\/online-filmkatarzis.com\/kucko\/hirek\/wp-json\/wp\/v2\/posts\/2451","targetHints":{"allow":["GET"]}}],"collection":[{"href":"https:\/\/online-filmkatarzis.com\/kucko\/hirek\/wp-json\/wp\/v2\/posts"}],"about":[{"href":"https:\/\/online-filmkatarzis.com\/kucko\/hirek\/wp-json\/wp\/v2\/types\/post"}],"author":[{"embeddable":true,"href":"https:\/\/online-filmkatarzis.com\/kucko\/hirek\/wp-json\/wp\/v2\/users\/1"}],"replies":[{"embeddable":true,"href":"https:\/\/online-filmkatarzis.com\/kucko\/hirek\/wp-json\/wp\/v2\/comments?post=2451"}],"version-history":[{"count":1,"href":"https:\/\/online-filmkatarzis.com\/kucko\/hirek\/wp-json\/wp\/v2\/posts\/2451\/revisions"}],"predecessor-version":[{"id":2453,"href":"https:\/\/online-filmkatarzis.com\/kucko\/hirek\/wp-json\/wp\/v2\/posts\/2451\/revisions\/2453"}],"wp:featuredmedia":[{"embeddable":true,"href":"https:\/\/online-filmkatarzis.com\/kucko\/hirek\/wp-json\/wp\/v2\/media\/2452"}],"wp:attachment":[{"href":"https:\/\/online-filmkatarzis.com\/kucko\/hirek\/wp-json\/wp\/v2\/media?parent=2451"}],"wp:term":[{"taxonomy":"category","embeddable":true,"href":"https:\/\/online-filmkatarzis.com\/kucko\/hirek\/wp-json\/wp\/v2\/categories?post=2451"},{"taxonomy":"post_tag","embeddable":true,"href":"https:\/\/online-filmkatarzis.com\/kucko\/hirek\/wp-json\/wp\/v2\/tags?post=2451"}],"curies":[{"name":"wp","href":"https:\/\/api.w.org\/{rel}","templated":true}]}}