{"id":2466,"date":"2025-06-07T17:53:31","date_gmt":"2025-06-07T15:53:31","guid":{"rendered":"https:\/\/online-filmkatarzis.com\/kucko\/hirek\/?p=2466"},"modified":"2025-06-07T17:53:31","modified_gmt":"2025-06-07T15:53:31","slug":"tragedia-hajnalban-erkezett-a-vegzetes-hir-deak-bill-gyularol","status":"publish","type":"post","link":"https:\/\/online-filmkatarzis.com\/kucko\/hirek\/tragedia-hajnalban-erkezett-a-vegzetes-hir-deak-bill-gyularol\/","title":{"rendered":"Trag\u00e9dia Hajnalban \u00e9rkezett a v\u00e9gzetes h\u00edr De\u00e1k Bill Gyul\u00e1r\u00f3l!"},"content":{"rendered":"<h3>\u2013 \u201eNem volt el\u0151jele, egy perc alatt t\u00f6rt\u00e9nt meg a trag\u00e9dia. Futottunk vele a k\u00f3rh\u00e1zba, de m\u00e1r nem tudt\u00e1k megmenteni. Olyan gyorsan ment el, hogy felfogni is neh\u00e9z\u201d \u2013 nyilatkozta megt\u00f6rten az \u00e9nekes.<br \/>\nA gy\u00e1sz s\u00f6t\u00e9t napjaiban sem maradt egyed\u00fcl: fia \u00e9s annak csal\u00e1dja mellette \u00e1llnak, \u00e9s egy\u00fctt pr\u00f3b\u00e1lnak megbirk\u00f3zni a hi\u00e1nnyal.<br \/>\nEZ VOLT A BETEGS\u00c9GE:<\/h3>\n<h3><span style=\"color: #ff0000;\"><strong>A h\u00edr nem \u00e9rt v\u00e9get! Folytat\u00e1shoz haszn\u00e1ld a K\u00d6VETKEZ\u0150 OLDAL gombot!<\/strong><\/span><\/h3>\n<h3 style=\"text-align: right;\"><a href=\"https:\/\/online-filmkatarzis.com\/kucko\/napiinfok\/?p=2479\" target=\"_blank\" rel=\"noopener\"><span style=\"color: #ff0000;\">&#8212;&gt;&gt; K\u00d6VETKEZ\u0150 OLDAL<\/span><\/a><\/h3>\n<p>&#8211;<\/p>\n<p>Az RX-8 elker\u00fclte az EuroNCAP t\u00f6r\u00e9stesztj\u00e9t, de hat l\u00e9gzs\u00e1kot, elektronikus stabilit\u00e1s- \u00e9s von\u00f3er\u0151-ellen\u0151rz\u00e9st k\u00edn\u00e1l alapfelszerelts\u00e9gk\u00e9nt. Mindk\u00e9t h\u00e1ts\u00f3 \u00fcl\u00e9s ISOFIX rendszerrel van felszerelve, \u00edgy a Mazda val\u00f3di alternat\u00edva a csal\u00e1dos v\u00e1s\u00e1rl\u00f3k sz\u00e1m\u00e1ra is. Sajnos a kup\u00e9 k\u00f6rnyezetbar\u00e1t jellemz\u0151i nem t\u00fal leny\u0171g\u00f6z\u0151ek. A 227 l\u00f3er\u0151s modell rendk\u00edv\u00fcl magas, 284 g\/km CO2-kibocs\u00e1t\u00e1ssal b\u00edr, m\u00edg a 189 l\u00f3er\u0151s verzi\u00f3 is 267 g\/km-es \u00e9rt\u00e9ket produk\u00e1l. Mindk\u00e9t verzi\u00f3 rendk\u00edv\u00fcl fogyaszt\u00f3, az optim\u00e1lis esetben is mind\u00f6ssze 27 mpg-t (10,7 l\/100 km) lehet el\u00e9rni.<\/p>\n<p>A Jazzben csak k\u00e9t motorv\u00e1ltozat \u00e9rhet\u0151 el, d\u00edzelmotoros opci\u00f3 nincs. Az 1,2 \u00e9s 1,4 literes benzinmotorok mindegyike megfelel a praktikus kisaut\u00f3 ig\u00e9nyeinek, de m\u00e9g a nagyobbik v\u00e1ltozat is f\u00e1raszt\u00f3 lehet nagyobb sebess\u00e9gek mellett, mivel kem\u00e9nyen kell p\u00f6rgetni a motort, hogy kihozd bel\u0151le a legjobb teljes\u00edtm\u00e9nyt. Az 1,4 literes modell 52,3 mpg \u00fczemanyag-fogyaszt\u00e1sa miatt m\u00e9gis gazdas\u00e1gos v\u00e1laszt\u00e1snak sz\u00e1m\u00edt.<br \/>\nMindk\u00e9t motorv\u00e1ltozat megfelel\u0151 teljes\u00edtm\u00e9nyt biztos\u00edt, de a Jazz az \u00faton a sokoldal\u00fa m\u00e9reteivel \u201efizet\u201d, mivel az agilit\u00e1s szenved. N\u00e9h\u00e1ny \u00e9szrev\u00e9tel\u00fcnk van a kezelhet\u0151s\u00e9ggel kapcsolatban, de a kanyarokban t\u00f6bb a karossz\u00e9riad\u0151l\u00e9s, mint a riv\u00e1lis modellekben, \u00e9s nincs olyan \u00e9les, mint az el\u0151dje. Honda azt sem tudta kijav\u00edtani a r\u00e9gi aut\u00f3 legnagyobb hib\u00e1j\u00e1t, mivel a Jazz m\u00e9g mindig kem\u00e9ny felf\u00fcggeszt\u00e9ssel rendelkezik. Nagyobb k\u00e1ty\u00fakat \u00e9s fekv\u0151rend\u0151r\u00f6ket j\u00f3l kezel, de a kisebb buck\u00e1k \u00e9s g\u00f6dr\u00f6k megbillenthetik a Honda-t.<\/p>\n","protected":false},"excerpt":{"rendered":"<p>\u2013 \u201eNem volt el\u0151jele, egy perc alatt t\u00f6rt\u00e9nt meg a trag\u00e9dia. Futottunk vele a k\u00f3rh\u00e1zba, de m\u00e1r nem tudt\u00e1k megmenteni&#8230;. <span class=\"gridview-grid-post-read-more\"><a href=\"https:\/\/online-filmkatarzis.com\/kucko\/hirek\/tragedia-hajnalban-erkezett-a-vegzetes-hir-deak-bill-gyularol\/\">read more<span class=\"gridview-sr-only\"> Trag\u00e9dia Hajnalban \u00e9rkezett a v\u00e9gzetes h\u00edr De\u00e1k Bill Gyul\u00e1r\u00f3l!<\/span><\/a><\/span><\/p>\n","protected":false},"author":1,"featured_media":2470,"comment_status":"open","ping_status":"open","sticky":false,"template":"","format":"standard","meta":{"footnotes":""},"categories":[1],"tags":[],"class_list":["post-2466","post","type-post","status-publish","format-standard","has-post-thumbnail","hentry","category-egyeb","wpcat-1-id"],"_links":{"self":[{"href":"https:\/\/online-filmkatarzis.com\/kucko\/hirek\/wp-json\/wp\/v2\/posts\/2466","targetHints":{"allow":["GET"]}}],"collection":[{"href":"https:\/\/online-filmkatarzis.com\/kucko\/hirek\/wp-json\/wp\/v2\/posts"}],"about":[{"href":"https:\/\/online-filmkatarzis.com\/kucko\/hirek\/wp-json\/wp\/v2\/types\/post"}],"author":[{"embeddable":true,"href":"https:\/\/online-filmkatarzis.com\/kucko\/hirek\/wp-json\/wp\/v2\/users\/1"}],"replies":[{"embeddable":true,"href":"https:\/\/online-filmkatarzis.com\/kucko\/hirek\/wp-json\/wp\/v2\/comments?post=2466"}],"version-history":[{"count":1,"href":"https:\/\/online-filmkatarzis.com\/kucko\/hirek\/wp-json\/wp\/v2\/posts\/2466\/revisions"}],"predecessor-version":[{"id":2471,"href":"https:\/\/online-filmkatarzis.com\/kucko\/hirek\/wp-json\/wp\/v2\/posts\/2466\/revisions\/2471"}],"wp:featuredmedia":[{"embeddable":true,"href":"https:\/\/online-filmkatarzis.com\/kucko\/hirek\/wp-json\/wp\/v2\/media\/2470"}],"wp:attachment":[{"href":"https:\/\/online-filmkatarzis.com\/kucko\/hirek\/wp-json\/wp\/v2\/media?parent=2466"}],"wp:term":[{"taxonomy":"category","embeddable":true,"href":"https:\/\/online-filmkatarzis.com\/kucko\/hirek\/wp-json\/wp\/v2\/categories?post=2466"},{"taxonomy":"post_tag","embeddable":true,"href":"https:\/\/online-filmkatarzis.com\/kucko\/hirek\/wp-json\/wp\/v2\/tags?post=2466"}],"curies":[{"name":"wp","href":"https:\/\/api.w.org\/{rel}","templated":true}]}}