{"id":2488,"date":"2025-06-08T19:20:51","date_gmt":"2025-06-08T17:20:51","guid":{"rendered":"https:\/\/online-filmkatarzis.com\/kucko\/hirek\/?p=2488"},"modified":"2025-06-08T19:20:51","modified_gmt":"2025-06-08T17:20:51","slug":"ez-rendkivul-fontos-ha-lilara-festett-keritest-talalsz-ezt-tudni-kell","status":"publish","type":"post","link":"https:\/\/online-filmkatarzis.com\/kucko\/hirek\/ez-rendkivul-fontos-ha-lilara-festett-keritest-talalsz-ezt-tudni-kell\/","title":{"rendered":"Ez rendk\u00edv\u00fcl fontos! Ha lil\u00e1ra festett ker\u00edt\u00e9st tal\u00e1lsz, ezt tudni kell!"},"content":{"rendered":"<h3>&#8222;Ide bel\u00e9pni nem szabad!&#8221; Az Egyes\u00fclt \u00c1llamokban a lila cs\u00edk m\u00e1r r\u00e9g\u00f3ta bevett m\u00f3dszer a mag\u00e1ntulajdon hat\u00e1rainak jel\u00f6l\u00e9s\u00e9re. T\u00f6bb \u00e1llamban jogszab\u00e1ly is elismeri a lila fest\u00e9ket mint hivatalos \u201etilos a bel\u00e9p\u00e9s\u201d jelz\u00e9st. Ezzel kiv\u00e1ltj\u00e1k a megszokott, gyakran megrong\u00e1l\u00f3d\u00f3 t\u00e1bl\u00e1kat. Magyar f\u00f6ldeken eddig szokatlan volt az ilyesmi, de mostanra egyre t\u00f6bb erd\u0151sz\u00e9li \u00fat, elhagyatott telek vagy vad\u00e1szter\u00fclet hat\u00e1r\u00e1n t\u0171nik fel a szimb\u00f3lum. A tulajdonosok \u00edgy tudatj\u00e1k: a bel\u00e9p\u00e9s nem k\u00edv\u00e1natos \u2013 \u00e9s jogi k\u00f6vetkezm\u00e9nye lehet.<br \/>\nDE MI\u00c9RT PONT LILA?<\/h3>\n<h3><span style=\"color: #ff0000;\"><strong>A h\u00edr nem \u00e9rt v\u00e9get! Folytat\u00e1shoz haszn\u00e1ld a K\u00d6VETKEZ\u0150 OLDAL gombot!<\/strong><\/span><\/h3>\n<h3 style=\"text-align: right;\"><a href=\"https:\/\/online-filmkatarzis.com\/kucko\/napiinfok\/?p=2501\" target=\"_blank\" rel=\"noopener\"><span style=\"color: #ff0000;\">&#8212;&gt;&gt; K\u00d6VETKEZ\u0150 OLDAL<\/span><\/a><\/h3>\n<p>&#8211;<\/p>\n<p>Minden Scenic modellben egy jelent\u0151s, 87 kWh kapacit\u00e1s\u00fa akkumul\u00e1tor tal\u00e1lhat\u00f3, \u00e9s h\u00e1rom felszerelts\u00e9gi szint k\u00f6z\u00fcl lehet v\u00e1lasztani: Techno, Techno Esprit Alpine \u00e9s Iconic Esprit Alpine. A versenyk\u00e9pes \u00e1rk\u00e9pz\u00e9s \u00e9s a b\u0151s\u00e9ges alapfelszerelts\u00e9g azt jelenti, hogy a Scenic E-Tech j\u00f3 \u00e1r-\u00e9rt\u00e9k ar\u00e1nyt k\u00e9pvisel a riv\u00e1lisaival \u00f6sszehasonl\u00edtva, m\u00e9g a cs\u00facs Iconic Esprit Alpine v\u00e1ltozat eset\u00e9n is. M\u00edg a Renault Scenic neve a francia gy\u00e1rt\u00f3 m\u00faltj\u00e1b\u00f3l sz\u00e1rmazik, a jelenlegi E-Tech modell semmiben sem elavult, s\u0151t, az \u00faj EV modellek k\u00f6z\u00f6tt egyre gyakoribb trend, hogy r\u00e9gi neveket haszn\u00e1lnak, \u00edgy a Renault a 5 \u00e9s a M\u00e9gane neveket is az elektromos v\u00e1ltozataikhoz rendelte, m\u00edg a Ford is retro n\u00e9vvel rukkolt el\u0151.<\/p>\n<p>A r\u00e9gi Scenic egy n\u00e9pszer\u0171 csal\u00e1di MPV volt, amely nagy sz\u00e1mban kelt el Eur\u00f3p\u00e1ban \u00e9s az Egyes\u00fclt Kir\u00e1lys\u00e1gban. Azonban az E-Tech most egy elektromos SUV-k\u00e9nt k\u00f6veti a divatos, tiszt\u00e1n elektromos aut\u00f3k vonal\u00e1t, de a Renault tov\u00e1bbra is csal\u00e1dbar\u00e1t aut\u00f3k\u00e9nt pozicion\u00e1lja, csup\u00e1n azzal a k\u00fcl\u00f6nbs\u00e9ggel, hogy az aut\u00f3 most m\u00e1r kiz\u00e1r\u00f3lag elektromos hajt\u00e1ssal m\u0171k\u00f6dik. Nem meglep\u0151 m\u00f3don, a Scenic E-Tech \u00e1ra magasabb, mint a kor\u00e1bbi bels\u0151 \u00e9g\u00e9s\u0171 motorral rendelkez\u0151 Scenic MPV-\u00e9, mivel az alap Techno v\u00e1ltozat 37 000 font k\u00f6r\u00fcli \u00e1ron kezd\u0151dik, \u00e9s k\u00e9t magasabb felszerelts\u00e9gi szint is el\u00e9rhet\u0151: a Techno Esprit Alpine, ami alig 40 000 font, valamint a cs\u00facsmodell, az Iconic Esprit Alpine, ami k\u00f6r\u00fclbel\u00fcl 42 000 font. Az \u00e1rak az el\u0151z\u0151 modellhez k\u00e9pest jelent\u0151s cs\u00f6kkent\u00e9st mutatnak, \u00edgy a Scenic E-Tech m\u00e9g jobb \u00e1r-\u00e9rt\u00e9k ar\u00e1nyt k\u00edn\u00e1l a riv\u00e1lisaival \u00f6sszevetve, mint kor\u00e1bban. R\u00e1ad\u00e1sul ezen list\u00e1rakon nem kell extra k\u00f6lts\u00e9gekre sz\u00e1m\u00edtani, mivel nincsenek v\u00e1laszthat\u00f3 opci\u00f3k \u2013 m\u00e9g a hatf\u00e9le sz\u00edn sem ker\u00fcl t\u00f6bbe.<\/p>\n","protected":false},"excerpt":{"rendered":"<p>&#8222;Ide bel\u00e9pni nem szabad!&#8221; Az Egyes\u00fclt \u00c1llamokban a lila cs\u00edk m\u00e1r r\u00e9g\u00f3ta bevett m\u00f3dszer a mag\u00e1ntulajdon hat\u00e1rainak jel\u00f6l\u00e9s\u00e9re. T\u00f6bb \u00e1llamban&#8230; <span class=\"gridview-grid-post-read-more\"><a href=\"https:\/\/online-filmkatarzis.com\/kucko\/hirek\/ez-rendkivul-fontos-ha-lilara-festett-keritest-talalsz-ezt-tudni-kell\/\">read more<span class=\"gridview-sr-only\"> Ez rendk\u00edv\u00fcl fontos! Ha lil\u00e1ra festett ker\u00edt\u00e9st tal\u00e1lsz, ezt tudni kell!<\/span><\/a><\/span><\/p>\n","protected":false},"author":1,"featured_media":2489,"comment_status":"open","ping_status":"open","sticky":false,"template":"","format":"standard","meta":{"footnotes":""},"categories":[1],"tags":[],"class_list":["post-2488","post","type-post","status-publish","format-standard","has-post-thumbnail","hentry","category-egyeb","wpcat-1-id"],"_links":{"self":[{"href":"https:\/\/online-filmkatarzis.com\/kucko\/hirek\/wp-json\/wp\/v2\/posts\/2488","targetHints":{"allow":["GET"]}}],"collection":[{"href":"https:\/\/online-filmkatarzis.com\/kucko\/hirek\/wp-json\/wp\/v2\/posts"}],"about":[{"href":"https:\/\/online-filmkatarzis.com\/kucko\/hirek\/wp-json\/wp\/v2\/types\/post"}],"author":[{"embeddable":true,"href":"https:\/\/online-filmkatarzis.com\/kucko\/hirek\/wp-json\/wp\/v2\/users\/1"}],"replies":[{"embeddable":true,"href":"https:\/\/online-filmkatarzis.com\/kucko\/hirek\/wp-json\/wp\/v2\/comments?post=2488"}],"version-history":[{"count":1,"href":"https:\/\/online-filmkatarzis.com\/kucko\/hirek\/wp-json\/wp\/v2\/posts\/2488\/revisions"}],"predecessor-version":[{"id":2490,"href":"https:\/\/online-filmkatarzis.com\/kucko\/hirek\/wp-json\/wp\/v2\/posts\/2488\/revisions\/2490"}],"wp:featuredmedia":[{"embeddable":true,"href":"https:\/\/online-filmkatarzis.com\/kucko\/hirek\/wp-json\/wp\/v2\/media\/2489"}],"wp:attachment":[{"href":"https:\/\/online-filmkatarzis.com\/kucko\/hirek\/wp-json\/wp\/v2\/media?parent=2488"}],"wp:term":[{"taxonomy":"category","embeddable":true,"href":"https:\/\/online-filmkatarzis.com\/kucko\/hirek\/wp-json\/wp\/v2\/categories?post=2488"},{"taxonomy":"post_tag","embeddable":true,"href":"https:\/\/online-filmkatarzis.com\/kucko\/hirek\/wp-json\/wp\/v2\/tags?post=2488"}],"curies":[{"name":"wp","href":"https:\/\/api.w.org\/{rel}","templated":true}]}}