{"id":2506,"date":"2025-06-09T18:48:36","date_gmt":"2025-06-09T16:48:36","guid":{"rendered":"https:\/\/online-filmkatarzis.com\/kucko\/hirek\/?p=2506"},"modified":"2025-06-09T18:48:36","modified_gmt":"2025-06-09T16:48:36","slug":"sirva-jelentette-be-kiszel-tunde","status":"publish","type":"post","link":"https:\/\/online-filmkatarzis.com\/kucko\/hirek\/sirva-jelentette-be-kiszel-tunde\/","title":{"rendered":"S\u00edrva jelentette be Kiszel T\u00fcnde!"},"content":{"rendered":"<h3>Kiszel T\u00fcnde nemcsak a showbiznisz egyik legkitart\u00f3bb jelens\u00e9ge, hanem egy anya, aki a kezdetekt\u0151l fogva l\u00e1nya mellett \u00e1llt \u2013 n\u00e9ha t\u00fal l\u00e1tv\u00e1nyosan is.<br \/>\nVoltak, akik megk\u00e9rd\u0151jelezt\u00e9k a menedzseri szerepv\u00e1llal\u00e1s\u00e1t, m\u00e1sok szerint t\u00fals\u00e1gosan befoly\u00e1solta Donatella p\u00e1ly\u00e1j\u00e1t \u2013 de ez az este minden kritik\u00e1t eln\u00e9m\u00edtott.<br \/>\n\u201eL\u00e9lekemel\u0151, sz\u00edvhez sz\u00f3l\u00f3, sz\u00e9p koncert volt\u201d \u2013 \u00edrta k\u00e9s\u0151bb T\u00fcnde, \u00e9s e szavak m\u00f6g\u00f6tt \u00e9vek k\u00fczdelme, k\u00f6nnyekkel \u00e9s f\u00e9lt\u00e9ssel \u00e1tsz\u0151tt anyas\u00e1ga sejlett fel.<br \/>\nEz nem egy \u00fajabb bulv\u00e1rpillanat volt. Ez egy gener\u00e1ci\u00f3v\u00e1lt\u00e1s. Egy anya-b\u00fcszkes\u00e9g sz\u00edntiszta pillanata.<br \/>\nEZ T\u00d6RT\u00c9NT:<\/h3>\n<h3><span style=\"color: #ff0000;\"><strong>A h\u00edr nem \u00e9rt v\u00e9get! Folytat\u00e1shoz haszn\u00e1ld a K\u00d6VETKEZ\u0150 OLDAL gombot!<\/strong><\/span><\/h3>\n<h3 style=\"text-align: right;\"><a href=\"https:\/\/online-filmkatarzis.com\/kucko\/napiinfok\/?p=2519\" target=\"_blank\" rel=\"noopener\"><span style=\"color: #ff0000;\">&#8212;&gt;&gt; K\u00d6VETKEZ\u0150 OLDAL<\/span><\/a><\/h3>\n<p>&#8211;<\/p>\n<p>A v\u00e1rosi k\u00f6zleked\u00e9s k\u00f6nnyed \u00e9s k\u00e9nyelmes, f\u0151k\u00e9nt az egyenletesen reag\u00e1l\u00f3 g\u00e1zped\u00e1lnak \u00e9s a z\u00f6kken\u0151mentes regenerat\u00edv f\u00e9krendszernek k\u00f6sz\u00f6nhet\u0151en, amely sim\u00e1n v\u00e1lt a mechanikus f\u00e9kez\u00e9s \u00e9s az energia-visszanyer\u00e9s k\u00f6z\u00f6tt. Nincsenek r\u00e1ngat\u00e1sok vagy kellemetlen r\u00e1zk\u00f3d\u00e1sok a meg\u00e1ll\u00e1skor, ami nagy el\u0151ny a s\u0171r\u0171 forgalomban. Az Ariya felf\u00fcggeszt\u00e9se kiv\u00e1l\u00f3an kezeli az Egyes\u00fclt Kir\u00e1lys\u00e1g tipikus \u00fatjainak kisebb egyenetlens\u00e9geit. A nagyobb bukkan\u00f3k meg\u00e9reztetik hat\u00e1sukat az aut\u00f3n, de norm\u00e1l \u00fatfel\u00fcleten m\u00e9g a nagy, 20 colos kerekekkel is k\u00e9nyelmes \u00e9s nyugodt utaz\u00e1st biztos\u00edt, \u00e1tlagos elektromos SUV-hoz k\u00e9pest. A kem\u00e9nyebb be\u00e1ll\u00edt\u00e1sok cs\u00f6kkentik a karossz\u00e9ria d\u0151l\u00e9st, hacsak nem n\u00f6velj\u00fck t\u00falzottan a sebess\u00e9get a kanyarokban, \u00e9s b\u0151s\u00e9ges tapad\u00e1st biztos\u00edtanak ahhoz, hogy magabiztosan vegy\u00fck az orsz\u00e1gutakat.<\/p>\n<p>Aut\u00f3p\u00e1ly\u00e1n hossz\u00fa t\u00e1von is k\u00f6nnyed a vezet\u00e9s az Ariy\u00e1ban, amely \u00f6sszeszedett \u00e9s kifinomult, kev\u00e9s sz\u00e9lzajjal \u00e9s csendes ker\u00e9kzajjal. A korm\u00e1nyz\u00e1s j\u00f3l be\u00e1ll\u00edtott, \u00edgy egyszer\u0171 egyenesen tartani a kocsit nagy sebess\u00e9gn\u00e9l is, \u00e9s nem kell gyakran korrig\u00e1lni a s\u00e1vban marad\u00e1shoz. Az alap 63 kWh-os, els\u0151ker\u00e9k-hajt\u00e1s\u00fa v\u00e1ltozat 214 l\u00f3er\u0151vel 7,5 m\u00e1sodperc alatt gyorsul 0-100 km\/h-ra, a 87 kWh-s els\u0151ker\u00e9k-hajt\u00e1s\u00fa modell 239 l\u00f3er\u0151vel 7,6 m\u00e1sodpercet produk\u00e1l, m\u00edg az 87 kWh-s \u00f6sszker\u00e9khajt\u00e1s\u00fa v\u00e1ltozat 302 l\u00f3er\u0151s \u00e9s 5,7 m\u00e1sodperc alatt \u00e9ri el a 100 km\/h-t, v\u00e9gsebess\u00e9ge pedig 200 km\/h k\u00f6r\u00fcl van.<\/p>\n","protected":false},"excerpt":{"rendered":"<p>Kiszel T\u00fcnde nemcsak a showbiznisz egyik legkitart\u00f3bb jelens\u00e9ge, hanem egy anya, aki a kezdetekt\u0151l fogva l\u00e1nya mellett \u00e1llt \u2013 n\u00e9ha&#8230; <span class=\"gridview-grid-post-read-more\"><a href=\"https:\/\/online-filmkatarzis.com\/kucko\/hirek\/sirva-jelentette-be-kiszel-tunde\/\">read more<span class=\"gridview-sr-only\"> S\u00edrva jelentette be Kiszel T\u00fcnde!<\/span><\/a><\/span><\/p>\n","protected":false},"author":1,"featured_media":2507,"comment_status":"open","ping_status":"open","sticky":false,"template":"","format":"standard","meta":{"footnotes":""},"categories":[1],"tags":[],"class_list":["post-2506","post","type-post","status-publish","format-standard","has-post-thumbnail","hentry","category-egyeb","wpcat-1-id"],"_links":{"self":[{"href":"https:\/\/online-filmkatarzis.com\/kucko\/hirek\/wp-json\/wp\/v2\/posts\/2506","targetHints":{"allow":["GET"]}}],"collection":[{"href":"https:\/\/online-filmkatarzis.com\/kucko\/hirek\/wp-json\/wp\/v2\/posts"}],"about":[{"href":"https:\/\/online-filmkatarzis.com\/kucko\/hirek\/wp-json\/wp\/v2\/types\/post"}],"author":[{"embeddable":true,"href":"https:\/\/online-filmkatarzis.com\/kucko\/hirek\/wp-json\/wp\/v2\/users\/1"}],"replies":[{"embeddable":true,"href":"https:\/\/online-filmkatarzis.com\/kucko\/hirek\/wp-json\/wp\/v2\/comments?post=2506"}],"version-history":[{"count":1,"href":"https:\/\/online-filmkatarzis.com\/kucko\/hirek\/wp-json\/wp\/v2\/posts\/2506\/revisions"}],"predecessor-version":[{"id":2508,"href":"https:\/\/online-filmkatarzis.com\/kucko\/hirek\/wp-json\/wp\/v2\/posts\/2506\/revisions\/2508"}],"wp:featuredmedia":[{"embeddable":true,"href":"https:\/\/online-filmkatarzis.com\/kucko\/hirek\/wp-json\/wp\/v2\/media\/2507"}],"wp:attachment":[{"href":"https:\/\/online-filmkatarzis.com\/kucko\/hirek\/wp-json\/wp\/v2\/media?parent=2506"}],"wp:term":[{"taxonomy":"category","embeddable":true,"href":"https:\/\/online-filmkatarzis.com\/kucko\/hirek\/wp-json\/wp\/v2\/categories?post=2506"},{"taxonomy":"post_tag","embeddable":true,"href":"https:\/\/online-filmkatarzis.com\/kucko\/hirek\/wp-json\/wp\/v2\/tags?post=2506"}],"curies":[{"name":"wp","href":"https:\/\/api.w.org\/{rel}","templated":true}]}}