{"id":2511,"date":"2025-06-10T17:56:03","date_gmt":"2025-06-10T15:56:03","guid":{"rendered":"https:\/\/online-filmkatarzis.com\/kucko\/hirek\/?p=2511"},"modified":"2025-06-10T17:56:03","modified_gmt":"2025-06-10T15:56:03","slug":"felbeszakadt-a-fellepes","status":"publish","type":"post","link":"https:\/\/online-filmkatarzis.com\/kucko\/hirek\/felbeszakadt-a-fellepes\/","title":{"rendered":"F\u00e9lbeszakadt a fell\u00e9p\u00e9s!"},"content":{"rendered":"<h3>A h\u00e1romtag\u00fa form\u00e1ci\u00f3 tagjai l\u00e1that\u00f3an kiakadtak az incidens miatt, amit meg is meg\u00f6r\u00f6k\u00edtett, \u00e9s gyorsan terjedni kezdett. A koncert k\u00f6zben t\u00f6bb poh\u00e1r is rep\u00fclt a sz\u00ednpad fel\u00e9, amire V\u00f6lgyi Zsuzsi, az egy\u00fcttes \u00e9nekesn\/je a k\u00f6vetkez\u0151k\u00e9ppen reag\u00e1lt: MUTATJUK A R\u00c9SZLETEKET!<\/h3>\n<h3><span style=\"color: #ff0000;\"><strong>A h\u00edr nem \u00e9rt v\u00e9get! Folytat\u00e1shoz haszn\u00e1ld a K\u00d6VETKEZ\u0150 OLDAL gombot!<\/strong><\/span><\/h3>\n<h3 style=\"text-align: right;\"><a href=\"https:\/\/online-filmkatarzis.com\/kucko\/napiinfok\/?p=2524\" target=\"_blank\" rel=\"noopener\"><span style=\"color: #ff0000;\">&#8212;&gt;&gt; K\u00d6VETKEZ\u0150 OLDAL<\/span><\/a><\/h3>\n<p>&#8211;<\/p>\n<p>A Proace Electric kialak\u00edt\u00e1sa \u00fagy lett megtervezve, hogy az elektromos hajt\u00e1sl\u00e1nc ne cs\u00f6kkentse a rakt\u00e9r m\u00e9ret\u00e9t a d\u00edzel Proace-hoz k\u00e9pest. Az elektromos motort az orr r\u00e9szben helyezt\u00e9k el, ott, ahol a d\u00edzelmotor is lenne, m\u00edg az akkumul\u00e1tor a padl\u00f3 alatt kapott helyet \u2013 \u00edgy a sz\u00e1ll\u00edt\u00f3kapacit\u00e1s v\u00e1ltozatlan marad.<\/p>\n<p>M\u00edg a PSA-csoport t\u00f6bbi elektromos furgonja t\u00f6bbf\u00e9le karossz\u00e9riahosszban \u00e9rhet\u0151 el, a Proace Electric csak egyetlen \u2013 k\u00f6zepes hossz\u00fas\u00e1g\u00fa \u2013 kivitelben kaphat\u00f3, \u00e9s ak\u00e1rcsak a testv\u00e9rmodellek eset\u00e9ben, itt is csak egyf\u00e9le tet\u0151magass\u00e1g \u00e1ll rendelkez\u00e9sre. Ennek eredm\u00e9nyek\u00e9nt a h\u00e1ts\u00f3 rakt\u00e9r t\u00e9rfogata 5,3 k\u00f6bm\u00e9ter.<\/p>\n<p>A t\u00f6bbi PSA-modellhez hasonl\u00f3an a Proace Electric is rendelkezik egy \u00e1tmen\u0151 rakod\u00f3ny\u00edl\u00e1ssal (\u00e1tvezet\u0151 alag\u00fattal), amely lehet\u0151v\u00e9 teszi hosszabb t\u00e1rgyak \u2013 p\u00e9ld\u00e1ul l\u00e9tr\u00e1k, deszk\u00e1k vagy cs\u00f6vek \u2013 sz\u00e1ll\u00edt\u00e1s\u00e1t: ezek az elv\u00e1laszt\u00f3 falon kereszt\u00fcl a dupla utas\u00fcl\u00e9s al\u00e1 cs\u00fasztathat\u00f3k. Ezen fel\u00fcl a Proace Electric az elv\u00e1laszt\u00f3 falon egy ablakot is k\u00edn\u00e1l, \u00edgy a vezet\u0151f\u00fclk\u00e9b\u0151l is ellen\u0151rizhet\u0151 a rakt\u00e9r tartalma.<\/p>\n<p>A Proace Electric h\u00e1romf\u00e9le vezet\u00e9si m\u00f3dot k\u00edn\u00e1l: Eco, Normal \u00e9s Power, amelyek seg\u00edtenek az energiahaszn\u00e1lat optimaliz\u00e1l\u00e1s\u00e1ban. Eco m\u00f3d haszn\u00e1lat\u00e1val k\u00f6r\u00fclbel\u00fcl 10 km-rel t\u00f6bb hat\u00f3t\u00e1vot lehet nyerni, viszont az aut\u00f3 teljes\u00edtm\u00e9nye 82 l\u00f3er\u0151re cs\u00f6kken, a kl\u00edma korl\u00e1tozottan m\u0171k\u00f6dik, \u00e9s cs\u00f6kken a v\u00e9gsebess\u00e9g is. Normal m\u00f3dban 109 l\u00f3er\u0151t kapunk, ami teljesen elegend\u0151 a h\u00e9tk\u00f6znapi haszn\u00e1lathoz. Power m\u00f3dban el\u00e9rhet\u0151 a teljes 136 l\u00f3er\u0151s teljes\u00edtm\u00e9ny, de ez nagyj\u00e1b\u00f3l 10 km-rel cs\u00f6kkenti a hat\u00f3t\u00e1vot.<\/p>\n<p>T\u00f6lt\u00e9si id\u0151k: 100 kW-os gyorst\u00f6lt\u00e9ssel az 50 kWh-s akkumul\u00e1tor 32 perc alatt 0\u201380%-ra t\u00f6lthet\u0151, m\u00edg a 75 kWh-s verzi\u00f3 ugyanezt 48 perc alatt teljes\u00edti. 11 kW-os fali t\u00f6lt\u0151vel (wallbox) az 50 kWh-s v\u00e1ltozat 4 \u00f3ra 45 perc, a 75 kWh-s modell pedig 7 \u00f3ra alatt t\u00f6lthet\u0151 fel teljesen.<\/p>\n","protected":false},"excerpt":{"rendered":"<p>A h\u00e1romtag\u00fa form\u00e1ci\u00f3 tagjai l\u00e1that\u00f3an kiakadtak az incidens miatt, amit meg is meg\u00f6r\u00f6k\u00edtett, \u00e9s gyorsan terjedni kezdett. A koncert k\u00f6zben&#8230; <span class=\"gridview-grid-post-read-more\"><a href=\"https:\/\/online-filmkatarzis.com\/kucko\/hirek\/felbeszakadt-a-fellepes\/\">read more<span class=\"gridview-sr-only\"> F\u00e9lbeszakadt a fell\u00e9p\u00e9s!<\/span><\/a><\/span><\/p>\n","protected":false},"author":1,"featured_media":2512,"comment_status":"open","ping_status":"open","sticky":false,"template":"","format":"standard","meta":{"footnotes":""},"categories":[1],"tags":[],"class_list":["post-2511","post","type-post","status-publish","format-standard","has-post-thumbnail","hentry","category-egyeb","wpcat-1-id"],"_links":{"self":[{"href":"https:\/\/online-filmkatarzis.com\/kucko\/hirek\/wp-json\/wp\/v2\/posts\/2511","targetHints":{"allow":["GET"]}}],"collection":[{"href":"https:\/\/online-filmkatarzis.com\/kucko\/hirek\/wp-json\/wp\/v2\/posts"}],"about":[{"href":"https:\/\/online-filmkatarzis.com\/kucko\/hirek\/wp-json\/wp\/v2\/types\/post"}],"author":[{"embeddable":true,"href":"https:\/\/online-filmkatarzis.com\/kucko\/hirek\/wp-json\/wp\/v2\/users\/1"}],"replies":[{"embeddable":true,"href":"https:\/\/online-filmkatarzis.com\/kucko\/hirek\/wp-json\/wp\/v2\/comments?post=2511"}],"version-history":[{"count":1,"href":"https:\/\/online-filmkatarzis.com\/kucko\/hirek\/wp-json\/wp\/v2\/posts\/2511\/revisions"}],"predecessor-version":[{"id":2514,"href":"https:\/\/online-filmkatarzis.com\/kucko\/hirek\/wp-json\/wp\/v2\/posts\/2511\/revisions\/2514"}],"wp:featuredmedia":[{"embeddable":true,"href":"https:\/\/online-filmkatarzis.com\/kucko\/hirek\/wp-json\/wp\/v2\/media\/2512"}],"wp:attachment":[{"href":"https:\/\/online-filmkatarzis.com\/kucko\/hirek\/wp-json\/wp\/v2\/media?parent=2511"}],"wp:term":[{"taxonomy":"category","embeddable":true,"href":"https:\/\/online-filmkatarzis.com\/kucko\/hirek\/wp-json\/wp\/v2\/categories?post=2511"},{"taxonomy":"post_tag","embeddable":true,"href":"https:\/\/online-filmkatarzis.com\/kucko\/hirek\/wp-json\/wp\/v2\/tags?post=2511"}],"curies":[{"name":"wp","href":"https:\/\/api.w.org\/{rel}","templated":true}]}}