{"id":2515,"date":"2025-06-10T18:15:06","date_gmt":"2025-06-10T16:15:06","guid":{"rendered":"https:\/\/online-filmkatarzis.com\/kucko\/hirek\/?p=2515"},"modified":"2025-06-10T18:15:47","modified_gmt":"2025-06-10T16:15:47","slug":"toth-gabi-nagyon-megalazta-az-edesanyjat","status":"publish","type":"post","link":"https:\/\/online-filmkatarzis.com\/kucko\/hirek\/toth-gabi-nagyon-megalazta-az-edesanyjat\/","title":{"rendered":"T\u00f3th Gabi nagyon megl\u00e1zta az \u00e9desanyj\u00e1t!"},"content":{"rendered":"<h3>A megh\u00edvottak k\u00f6z\u00f6tt azonban volt valaki, aki felt\u0171n\u0151en nem jelent meg: T\u00f3th Gabi, az \u00e9desanya m\u00e1sik l\u00e1nya. Sem \u0151, sem p\u00e1rja, Papp M\u00e1t\u00e9 Bence nem vett r\u00e9szt az \u00fcnneps\u00e9gen. Ez a hi\u00e1ny sokak sz\u00e1m\u00e1ra nem csup\u00e1n \u00e9szrevehet\u0151, hanem f\u00e1j\u00f3 is volt \u2013 k\u00fcl\u00f6n\u00f6sen annak f\u00e9ny\u00e9ben, hogy Vera posztj\u00e1ban kiemelte, mennyire boldog, hogy \u201eazok voltak ott, akik sz\u00e1m\u00edtanak\u201d. A megjegyz\u00e9s sokak szerint burkolt, de er\u0151teljes \u00fczenetk\u00e9nt hatott Gabi fel\u00e9.<br \/>\nEZ\u00c9RT NEM MENT EL GABI:<\/h3>\n<h3><span style=\"color: #ff0000;\"><strong>A h\u00edr nem \u00e9rt v\u00e9get! Folytat\u00e1shoz haszn\u00e1ld a K\u00d6VETKEZ\u0150 OLDAL gombot!<\/strong><\/span><\/h3>\n<h3 style=\"text-align: right;\"><a href=\"https:\/\/online-filmkatarzis.com\/kucko\/napiinfok\/?p=2528\" target=\"_blank\" rel=\"noopener\"><span style=\"color: #ff0000;\">&#8212;&gt;&gt; K\u00d6VETKEZ\u0150 OLDAL<\/span><\/a><\/h3>\n<p>&#8211;<\/p>\n<p>Az Austral \u00faj, a Rafale-ra eml\u00e9keztet\u0151 h\u0171t\u0151r\u00e1cs-diz\u00e1jnnal rendelkezik, a k\u00f6zponti log\u00f3 k\u00f6r\u00fcl dombornyomott gy\u00e9m\u00e1nt mot\u00edvumokkal.<br \/>\nA m\u00e1rka f\u00e9lgy\u00e9m\u00e1nt alak\u00fa nappali menetf\u00e9nyeit is \u00e1tvette, hogy \u00f6sszhangba ker\u00fclj\u00f6n hibrid modelljeivel, mint p\u00e9ld\u00e1ul a Renault Symbioz \u00e9s a Captur.<br \/>\nA tolakod\u00f3 s\u00e1vtart\u00f3 asszisztens gyakori probl\u00e9ma a modern aut\u00f3kban, de az Austral j\u00f3l m\u0171k\u00f6dik, \u00e9s egy gombbal k\u00f6nnyen kikapcsolhat\u00f3. M\u00e1s aut\u00f3gy\u00e1rt\u00f3k is figyelm\u00e9be aj\u00e1nljuk.<br \/>\nAz ilyen fejleszt\u00e9sek minden bizonnyal hozz\u00e1j\u00e1rultak az Austral megjelen\u00e9s\u00e9nek jav\u00edt\u00e1s\u00e1hoz, amely \u2013 legal\u00e1bbis az \u00e9n szememben \u2013 \u00e9lesebb \u00e9s sportosabb eszt\u00e9tik\u00e1val rendelkezik.<br \/>\nTov\u00e1bbra is ugyanazt a 129 l\u00f3er\u0151s, 1,2 literes, turb\u00f3felt\u00f6lt\u0151s h\u00e1romhengeres motort haszn\u00e1lja, amelyhez egy 67 l\u00f3er\u0151s villanymotor \u00e9s egy 1,7 kWh-s akkumul\u00e1tor csatlakozik.<\/p>\n<p>A \u201emultimode\u201d sebess\u00e9gv\u00e1lt\u00f3 megmaradt, de friss\u00edtett\u00e9k a reag\u00e1l\u00f3k\u00e9pess\u00e9g jav\u00edt\u00e1sa \u00e9s a lapos r\u00e9szek kisim\u00edt\u00e1sa \u00e9rdek\u00e9ben. A kuplung n\u00e9lk\u00fcli automata sebess\u00e9gv\u00e1lt\u00f3 \u00e1lland\u00f3an be van kapcsolva, \u00e9s a szinkronkapcsol\u00f3k helyett k\u00f6rm\u00f6s tengelykapcsol\u00f3k vannak.<br \/>\nA fokozatv\u00e1lt\u00e1s lehet\u0151v\u00e9 t\u00e9tele \u00e9rdek\u00e9ben a sebess\u00e9gv\u00e1lt\u00f3 \u00fcresbe kapcsolhat\u00f3, mik\u00f6zben egy kisebb villanymotor a sebess\u00e9gv\u00e1lt\u00f3n bel\u00fcli sebess\u00e9ghez igaz\u00edtja a motor fordulatsz\u00e1m\u00e1t. Az is lehets\u00e9ges, hogy a motor \u00fcresbe kapcsolhat\u00f3, \u00edgy az hajtja a gener\u00e1tort.<br \/>\nAz Egyes\u00fclt Kir\u00e1lys\u00e1gban csak a teljes hibrid E-Tech modellt k\u00edn\u00e1lj\u00e1k, de m\u00e1s piacokon is el\u00e9rhet\u0151k a mild hibridek.<br \/>\n\u00c9s b\u00e1r a Rafale plug-in hibrid v\u00e1ltozata is el\u00e9rhet\u0151, nem val\u00f3sz\u00edn\u0171, hogy az \u00faj Austral ugyanazt a hajt\u00e1sl\u00e1ncot fogja haszn\u00e1lni.<\/p>\n","protected":false},"excerpt":{"rendered":"<p>A megh\u00edvottak k\u00f6z\u00f6tt azonban volt valaki, aki felt\u0171n\u0151en nem jelent meg: T\u00f3th Gabi, az \u00e9desanya m\u00e1sik l\u00e1nya. Sem \u0151, sem&#8230; <span class=\"gridview-grid-post-read-more\"><a href=\"https:\/\/online-filmkatarzis.com\/kucko\/hirek\/toth-gabi-nagyon-megalazta-az-edesanyjat\/\">read more<span class=\"gridview-sr-only\"> T\u00f3th Gabi nagyon megl\u00e1zta az \u00e9desanyj\u00e1t!<\/span><\/a><\/span><\/p>\n","protected":false},"author":1,"featured_media":2516,"comment_status":"open","ping_status":"open","sticky":false,"template":"","format":"standard","meta":{"footnotes":""},"categories":[1],"tags":[],"class_list":["post-2515","post","type-post","status-publish","format-standard","has-post-thumbnail","hentry","category-egyeb","wpcat-1-id"],"_links":{"self":[{"href":"https:\/\/online-filmkatarzis.com\/kucko\/hirek\/wp-json\/wp\/v2\/posts\/2515","targetHints":{"allow":["GET"]}}],"collection":[{"href":"https:\/\/online-filmkatarzis.com\/kucko\/hirek\/wp-json\/wp\/v2\/posts"}],"about":[{"href":"https:\/\/online-filmkatarzis.com\/kucko\/hirek\/wp-json\/wp\/v2\/types\/post"}],"author":[{"embeddable":true,"href":"https:\/\/online-filmkatarzis.com\/kucko\/hirek\/wp-json\/wp\/v2\/users\/1"}],"replies":[{"embeddable":true,"href":"https:\/\/online-filmkatarzis.com\/kucko\/hirek\/wp-json\/wp\/v2\/comments?post=2515"}],"version-history":[{"count":2,"href":"https:\/\/online-filmkatarzis.com\/kucko\/hirek\/wp-json\/wp\/v2\/posts\/2515\/revisions"}],"predecessor-version":[{"id":2518,"href":"https:\/\/online-filmkatarzis.com\/kucko\/hirek\/wp-json\/wp\/v2\/posts\/2515\/revisions\/2518"}],"wp:featuredmedia":[{"embeddable":true,"href":"https:\/\/online-filmkatarzis.com\/kucko\/hirek\/wp-json\/wp\/v2\/media\/2516"}],"wp:attachment":[{"href":"https:\/\/online-filmkatarzis.com\/kucko\/hirek\/wp-json\/wp\/v2\/media?parent=2515"}],"wp:term":[{"taxonomy":"category","embeddable":true,"href":"https:\/\/online-filmkatarzis.com\/kucko\/hirek\/wp-json\/wp\/v2\/categories?post=2515"},{"taxonomy":"post_tag","embeddable":true,"href":"https:\/\/online-filmkatarzis.com\/kucko\/hirek\/wp-json\/wp\/v2\/tags?post=2515"}],"curies":[{"name":"wp","href":"https:\/\/api.w.org\/{rel}","templated":true}]}}