{"id":2558,"date":"2025-06-12T19:33:49","date_gmt":"2025-06-12T17:33:49","guid":{"rendered":"https:\/\/online-filmkatarzis.com\/kucko\/hirek\/?p=2558"},"modified":"2025-06-12T19:33:49","modified_gmt":"2025-06-12T17:33:49","slug":"sajnalattal-tudattak-megtortent-a-baj-kern-andrassal","status":"publish","type":"post","link":"https:\/\/online-filmkatarzis.com\/kucko\/hirek\/sajnalattal-tudattak-megtortent-a-baj-kern-andrassal\/","title":{"rendered":"Sajn\u00e1lattal tudatt\u00e1k: Megt\u00f6rt\u00e9nt a baj Kern Andr\u00e1ssal!"},"content":{"rendered":"<h3>Meglepet\u00e9sk\u00e9nt \u00e9rte a rajong\u00f3kat Hern\u00e1di Judit bejelent\u00e9se, aki P\u00fcnk\u00f6sd h\u00e9tf\u0151 reggel\u00e9n tudatta k\u00f6vet\u0151ivel, hogy t\u00f6bb tervezett ny\u00e1ri fell\u00e9p\u00e9s\u00fck elmarad. A n\u00e9pszer\u0171 Kalamazoo c\u00edm\u0171 k\u00e9tszem\u00e9lyes el\u0151ad\u00e1s t\u00f6bb id\u0151pontj\u00e1t is t\u00f6r\u00f6lni kellett. A h\u00edr nem el\u0151zm\u00e9nyek n\u00e9lk\u00fcli: a 77 \u00e9ves sz\u00ednm\u0171v\u00e9sz m\u00e1r kor\u00e1bban is k\u00fczd\u00f6tt eg\u00e9szs\u00e9g\u00fcgyi neh\u00e9zs\u00e9gekkel. Tavaly decemberben egy m\u00e1sik darab, az Imposztor k\u00f6zbeni rosszull\u00e9te miatt s\u00fcrg\u0151ss\u00e9ggel k\u00f3rh\u00e1zba kellett sz\u00e1ll\u00edtani. Akkor a teljes kivizsg\u00e1l\u00e1s sem mutatott ki konkr\u00e9t testi betegs\u00e9get, az orvosok ink\u00e1bb pszich\u00e9s eredet\u0171 panaszokra gyanakodtak \u2013 p\u00e1nikroham lehetett a h\u00e1tt\u00e9rben.<br \/>\nMOST PEDIG EZ A HELYZET:<\/h3>\n<h3><span style=\"color: #ff0000;\"><strong>A h\u00edr nem \u00e9rt v\u00e9get! Folytat\u00e1shoz haszn\u00e1ld a K\u00d6VETKEZ\u0150 OLDAL gombot!<\/strong><\/span><\/h3>\n<h3 style=\"text-align: right;\"><a href=\"https:\/\/online-filmkatarzis.com\/kucko\/napiinfok\/?p=2571\" target=\"_blank\" rel=\"noopener\"><span style=\"color: #ff0000;\">&#8212;&gt;&gt; K\u00d6VETKEZ\u0150 OLDAL<\/span><\/a><\/h3>\n<p>&#8211;<\/p>\n<p>Egy 350 l\u00f3er\u0151s elektromos aut\u00f3kkal teli vil\u00e1gban ez a hibrid modell a maga 129 l\u00f3er\u0151s \u00f6sszteljes\u00edtm\u00e9ny\u00e9vel tal\u00e1n kev\u00e9snek hangzik, de val\u00f3j\u00e1ban b\u0151ven elegend\u0151 arra a c\u00e9lra, amire k\u00e9sz\u00fclt: csal\u00e1di aut\u00f3k\u00e9nt szolg\u00e1lni. A mi m\u00e9r\u00e9seink szerint p\u00e9ld\u00e1ul 9,2 m\u00e1sodperc alatt gyorsul 0-r\u00f3l 100 km\/h-ra, ami ebben a kateg\u00f3ri\u00e1ban teljesen elfogadhat\u00f3.<br \/>\nAz elektromos motor j\u00f3volt\u00e1b\u00f3l a g\u00e1zreakci\u00f3 is sokat javult. Ha er\u0151teljesen nyomjuk a g\u00e1zped\u00e1lt, a kezdeti elektromos gyorsul\u00e1s hat\u00e1rozottan megl\u00f3d\u00edtja az aut\u00f3t, de amint a benzinmotor is bekapcsol, a gyorsul\u00e1s visszafogottabb\u00e1 v\u00e1lik. Ugyanakkor a legt\u00f6bb HR-V tulajdonos sz\u00e1m\u00e1ra ezek a r\u00f6vid, azonnali reakci\u00f3k is kiel\u00e9g\u00edt\u0151ek lesznek a mindennapi forgalmi helyzetekben.<br \/>\nA vezet\u00e9si \u00e9lm\u00e9nyt legink\u00e1bb a kisz\u00e1m\u00edthat\u00f3, egyenletes \u00e9s j\u00f3l adagolhat\u00f3 reakci\u00f3k jellemzik, ami sokkal ink\u00e1bb megfelel az \u00e1tlagos crossover-tulajdonosok \u00edzl\u00e9s\u00e9nek, mintsem a vezet\u00e9s szerelmesei\u00e9nek.<\/p>\n<p>Kis terhel\u00e9s mellett a motor m\u0171k\u00f6d\u00e9se is kellemesen finom, j\u00f3val kultur\u00e1ltabb, mint az el\u0151z\u0151 gener\u00e1ci\u00f3 benzin- vagy d\u00edzelmotorjai\u00e9, \u00e9s alacsonyabb sebess\u00e9g\u0171 k\u00f6zleked\u00e9s sor\u00e1n szinte \u00e9szrev\u00e9tlen\u00fcl kapcsol be \u00e9s ki. Egy ilyen t\u00edpus\u00fa aut\u00f3 eset\u00e9ben ez a hajt\u00e1sl\u00e1nc t\u00f6k\u00e9letesen bet\u00f6lti a szerep\u00e9t.<br \/>\nA hibrid rendszer j\u00f3l v\u00e1lt az elektromos r\u00e1seg\u00edt\u00e9ses \u00e9s a teljesen elektromos \u00fczemm\u00f3d k\u00f6z\u00f6tt, legyen sz\u00f3 v\u00e1rosi, alacsony sebess\u00e9g\u0171 halad\u00e1sr\u00f3l vagy aut\u00f3p\u00e1ly\u00e1s utaz\u00e1sr\u00f3l. A k\u00e9t villanymotor r\u00e1ad\u00e1sul seg\u00edt abban is, hogy az aut\u00f3 als\u00f3 fordulatsz\u00e1m-tartom\u00e1nyban er\u0151teljesebben gyorsuljon.<br \/>\nR\u00e1ad\u00e1sul a WLTP-szabv\u00e1ny szerint m\u00e9rt kombin\u00e1lt fogyaszt\u00e1sa 5,4 liter\/100 km (azaz 52,3 mpg), \u00e9s a mi teszt\u00fcnk sor\u00e1n, k\u00fcl\u00f6nb\u00f6z\u0151 t\u00edpus\u00fa utakon vezetve, nagyj\u00e1b\u00f3l siker\u00fclt is el\u00e9rni ezt az \u00e9rt\u00e9ket. Ez a 40 literes \u00fczemanyagtart\u00e1llyal k\u00f6r\u00fclbel\u00fcl 740 kilom\u00e9teres hat\u00f3t\u00e1vot jelent.<br \/>\nAzonban az aut\u00f3 vezet\u00e9si \u00e9lm\u00e9ny\u00e9t rontja az e-CVT v\u00e1lt\u00f3. Mivel ez a t\u00edpus nem rendelkezik hagyom\u00e1nyos fokozatokkal, gyors\u00edt\u00e1s k\u00f6zben gyakran t\u00fal magasra p\u00f6rgeti a motort, m\u00e9g akkor is, ha csak kis teljes\u00edtm\u00e9nyt k\u00e9r\u00fcnk, vagy \u00e9pp csak utazunk. Emellett hajlamos t\u00fals\u00e1gosan kor\u00e1n \u201evisszakapcsolni\u201d, ami diszharm\u00f3ni\u00e1t okoz a motorzaj \u00e9s a t\u00e9nyleges gyorsul\u00e1s \u00e9rzete k\u00f6z\u00f6tt \u2013 emiatt a HR-V m\u00e9g lassabbnak t\u0171nik, mint amilyen val\u00f3j\u00e1ban.<\/p>\n","protected":false},"excerpt":{"rendered":"<p>Meglepet\u00e9sk\u00e9nt \u00e9rte a rajong\u00f3kat Hern\u00e1di Judit bejelent\u00e9se, aki P\u00fcnk\u00f6sd h\u00e9tf\u0151 reggel\u00e9n tudatta k\u00f6vet\u0151ivel, hogy t\u00f6bb tervezett ny\u00e1ri fell\u00e9p\u00e9s\u00fck elmarad. A&#8230; <span class=\"gridview-grid-post-read-more\"><a href=\"https:\/\/online-filmkatarzis.com\/kucko\/hirek\/sajnalattal-tudattak-megtortent-a-baj-kern-andrassal\/\">read more<span class=\"gridview-sr-only\"> Sajn\u00e1lattal tudatt\u00e1k: Megt\u00f6rt\u00e9nt a baj Kern Andr\u00e1ssal!<\/span><\/a><\/span><\/p>\n","protected":false},"author":1,"featured_media":2559,"comment_status":"open","ping_status":"open","sticky":false,"template":"","format":"standard","meta":{"footnotes":""},"categories":[1],"tags":[],"class_list":["post-2558","post","type-post","status-publish","format-standard","has-post-thumbnail","hentry","category-egyeb","wpcat-1-id"],"_links":{"self":[{"href":"https:\/\/online-filmkatarzis.com\/kucko\/hirek\/wp-json\/wp\/v2\/posts\/2558","targetHints":{"allow":["GET"]}}],"collection":[{"href":"https:\/\/online-filmkatarzis.com\/kucko\/hirek\/wp-json\/wp\/v2\/posts"}],"about":[{"href":"https:\/\/online-filmkatarzis.com\/kucko\/hirek\/wp-json\/wp\/v2\/types\/post"}],"author":[{"embeddable":true,"href":"https:\/\/online-filmkatarzis.com\/kucko\/hirek\/wp-json\/wp\/v2\/users\/1"}],"replies":[{"embeddable":true,"href":"https:\/\/online-filmkatarzis.com\/kucko\/hirek\/wp-json\/wp\/v2\/comments?post=2558"}],"version-history":[{"count":1,"href":"https:\/\/online-filmkatarzis.com\/kucko\/hirek\/wp-json\/wp\/v2\/posts\/2558\/revisions"}],"predecessor-version":[{"id":2560,"href":"https:\/\/online-filmkatarzis.com\/kucko\/hirek\/wp-json\/wp\/v2\/posts\/2558\/revisions\/2560"}],"wp:featuredmedia":[{"embeddable":true,"href":"https:\/\/online-filmkatarzis.com\/kucko\/hirek\/wp-json\/wp\/v2\/media\/2559"}],"wp:attachment":[{"href":"https:\/\/online-filmkatarzis.com\/kucko\/hirek\/wp-json\/wp\/v2\/media?parent=2558"}],"wp:term":[{"taxonomy":"category","embeddable":true,"href":"https:\/\/online-filmkatarzis.com\/kucko\/hirek\/wp-json\/wp\/v2\/categories?post=2558"},{"taxonomy":"post_tag","embeddable":true,"href":"https:\/\/online-filmkatarzis.com\/kucko\/hirek\/wp-json\/wp\/v2\/tags?post=2558"}],"curies":[{"name":"wp","href":"https:\/\/api.w.org\/{rel}","templated":true}]}}