{"id":2564,"date":"2025-06-13T17:56:23","date_gmt":"2025-06-13T15:56:23","guid":{"rendered":"https:\/\/online-filmkatarzis.com\/kucko\/hirek\/?p=2564"},"modified":"2025-06-13T17:56:23","modified_gmt":"2025-06-13T15:56:23","slug":"gyaszba-borult-kovacs-kati-oldala-gyaszol-a-csalad","status":"publish","type":"post","link":"https:\/\/online-filmkatarzis.com\/kucko\/hirek\/gyaszba-borult-kovacs-kati-oldala-gyaszol-a-csalad\/","title":{"rendered":"Gy\u00e1szba borult Kov\u00e1cs Kati oldala! Gy\u00e1szol a csal\u00e1d!"},"content":{"rendered":"<h3>A Kossuth- \u00e9s Liszt Ferenc-d\u00edjas \u00e9nekesn\u0151 t\u00f6bb mint hatvan \u00e9ve van a p\u00e1ly\u00e1n, \u00e9s b\u00e1r karrierje csillog\u00f3 sikerekkel teli, a mag\u00e1n\u00e9let\u00e9ben f\u00e1jdalmas vesztes\u00e9gek \u00e1rny\u00e9kolj\u00e1k be m\u00faltj\u00e1t. M\u00e9g csak most vallott be mindent! Most el\u0151sz\u00f6r ny\u00edlt meg a nyilv\u00e1\/o\/s\u00e1g el\u0151tt egy olyan trag\u00e9\/i\u00e1\/\u00f3l, amely eg\u00e9sz \u00e9let\u00e9re hat\u00e1ssal volt: Kov\u00e1cs Kati testv\u00e9re mind\u00f6ssze egy\u00e9ves volt, amikor \u00f6r\u00f6kre elment. MUTATJUK A R\u00c9SZLETEKET!<\/h3>\n<h3><span style=\"color: #ff0000;\"><strong>A h\u00edr nem \u00e9rt v\u00e9get! Folytat\u00e1shoz haszn\u00e1ld a K\u00d6VETKEZ\u0150 OLDAL gombot!<\/strong><\/span><\/h3>\n<h3 style=\"text-align: right;\"><a href=\"https:\/\/online-filmkatarzis.com\/kucko\/napiinfok\/?p=2578\" target=\"_blank\" rel=\"noopener\"><span style=\"color: #ff0000;\">&#8212;&gt;&gt; K\u00d6VETKEZ\u0150 OLDAL<\/span><\/a><\/h3>\n<p>&#8211;<\/p>\n<p>A Toyota hibrid hajt\u00e1sl\u00e1ncai mindig is j\u00f3 \u00fczemanyag-fogyaszt\u00e1st biztos\u00edtottak, jobbat, mint az \u00e1tlag, de ennek gyakran az volt az \u00e1ra, hogy az aut\u00f3k nem voltak t\u00fal \u00e9lvezetesek vezetni.<\/p>\n<p>Ez a Yaris eset\u00e9ben is igaz. B\u00e1r a 114 l\u00f3er\u0151s, 1.5 literes hibrid rendszer most m\u00e1r term\u00e9szetesebb vezet\u00e9si \u00e9lm\u00e9nyt pr\u00f3b\u00e1l ny\u00fajtani, a v\u00e1lt\u00f3 (amit e-CVT-nek h\u00edvnak, de val\u00f3j\u00e1ban nem igazi CVT) m\u00e1r kev\u00e9sb\u00e9 viselkedik \u00fagy, mint egy &#8222;gumiszalag&#8221;, vagyis kev\u00e9sb\u00e9 h\u00fazza el a motorhangot ugyanazon a fordulatsz\u00e1mon. A finomhangol\u00e1snak \u00e9s a t\u00f6bb elektromos teljes\u00edtm\u00e9nynek k\u00f6sz\u00f6nhet\u0151en ez a jelens\u00e9g m\u00e1r kev\u00e9sb\u00e9 zavar\u00f3.<\/p>\n<p>Ez a rendszer akkor m\u0171k\u00f6dik a legjobban, ha nem nyomod t\u00fal er\u0151sen a g\u00e1zt \u2013 p\u00e9ld\u00e1ul v\u00e1rosban, ahol nem kell sok er\u0151 a motorb\u00f3l. Ilyenkor az elektromos motor sz\u00e9pen elind\u00edtja az aut\u00f3t, \u00e9s gyorsul\u00e1skor is sim\u00e1n, egyenletesen h\u00faz \u2013 ak\u00e1rcsak egy elektromos aut\u00f3.<\/p>\n<p>A Toyota szerint a Yaris ak\u00e1r az id\u0151 80%-\u00e1ban is k\u00e9pes elektromos \u00fczemm\u00f3dban menni kis sebess\u00e9gn\u00e9l, \u00e9s ez hihet\u0151 is, ha \u00f3vatosan kezeled a g\u00e1zped\u00e1lt.<\/p>\n<p>Viszont orsz\u00e1g\u00faton vagy aut\u00f3p\u00e1ly\u00e1n m\u00e1r nem ilyen otthonos. Ott m\u00e1r nehezebben gyorsul, \u00e9s ha el\u0151zni szeretn\u00e9l, azt jobb el\u0151re megtervezni. B\u00e1r a 114 l\u00f3er\u0151s Yaris m\u00e1r t\u00f6bbre k\u00e9pes, mint az el\u0151z\u0151 gener\u00e1ci\u00f3, amelyn\u00e9l sok tulaj panaszkodott a gyenge gyorsul\u00e1sra, az\u00e9rt m\u00e9g mindig nem egy sportos aut\u00f3.<\/p>\n<p>Az er\u0151 nem a Yaris hibrid f\u0151 er\u0151ss\u00e9ge \u2013 viszont \u00e1ll\u00f3 helyzetb\u0151l el\u00e9g f\u00fcrge, \u00e9s p\u00e9ld\u00e1ul a gyeng\u00e9bb v\u00e1ltozat m\u00e9g a Ford Fiesta 1.0 Ecoboostos verzi\u00f3j\u00e1t is le tudta hagyni 0-r\u00f3l 100-ra. Ez f\u0151k\u00e9nt az elektromotor gyors indul\u00e1s\u00e1nak k\u00f6sz\u00f6nhet\u0151.<\/p>\n","protected":false},"excerpt":{"rendered":"<p>A Kossuth- \u00e9s Liszt Ferenc-d\u00edjas \u00e9nekesn\u0151 t\u00f6bb mint hatvan \u00e9ve van a p\u00e1ly\u00e1n, \u00e9s b\u00e1r karrierje csillog\u00f3 sikerekkel teli, a&#8230; <span class=\"gridview-grid-post-read-more\"><a href=\"https:\/\/online-filmkatarzis.com\/kucko\/hirek\/gyaszba-borult-kovacs-kati-oldala-gyaszol-a-csalad\/\">read more<span class=\"gridview-sr-only\"> Gy\u00e1szba borult Kov\u00e1cs Kati oldala! Gy\u00e1szol a csal\u00e1d!<\/span><\/a><\/span><\/p>\n","protected":false},"author":1,"featured_media":2565,"comment_status":"open","ping_status":"open","sticky":false,"template":"","format":"standard","meta":{"footnotes":""},"categories":[1],"tags":[],"class_list":["post-2564","post","type-post","status-publish","format-standard","has-post-thumbnail","hentry","category-egyeb","wpcat-1-id"],"_links":{"self":[{"href":"https:\/\/online-filmkatarzis.com\/kucko\/hirek\/wp-json\/wp\/v2\/posts\/2564","targetHints":{"allow":["GET"]}}],"collection":[{"href":"https:\/\/online-filmkatarzis.com\/kucko\/hirek\/wp-json\/wp\/v2\/posts"}],"about":[{"href":"https:\/\/online-filmkatarzis.com\/kucko\/hirek\/wp-json\/wp\/v2\/types\/post"}],"author":[{"embeddable":true,"href":"https:\/\/online-filmkatarzis.com\/kucko\/hirek\/wp-json\/wp\/v2\/users\/1"}],"replies":[{"embeddable":true,"href":"https:\/\/online-filmkatarzis.com\/kucko\/hirek\/wp-json\/wp\/v2\/comments?post=2564"}],"version-history":[{"count":1,"href":"https:\/\/online-filmkatarzis.com\/kucko\/hirek\/wp-json\/wp\/v2\/posts\/2564\/revisions"}],"predecessor-version":[{"id":2567,"href":"https:\/\/online-filmkatarzis.com\/kucko\/hirek\/wp-json\/wp\/v2\/posts\/2564\/revisions\/2567"}],"wp:featuredmedia":[{"embeddable":true,"href":"https:\/\/online-filmkatarzis.com\/kucko\/hirek\/wp-json\/wp\/v2\/media\/2565"}],"wp:attachment":[{"href":"https:\/\/online-filmkatarzis.com\/kucko\/hirek\/wp-json\/wp\/v2\/media?parent=2564"}],"wp:term":[{"taxonomy":"category","embeddable":true,"href":"https:\/\/online-filmkatarzis.com\/kucko\/hirek\/wp-json\/wp\/v2\/categories?post=2564"},{"taxonomy":"post_tag","embeddable":true,"href":"https:\/\/online-filmkatarzis.com\/kucko\/hirek\/wp-json\/wp\/v2\/tags?post=2564"}],"curies":[{"name":"wp","href":"https:\/\/api.w.org\/{rel}","templated":true}]}}