{"id":2574,"date":"2025-06-13T18:38:59","date_gmt":"2025-06-13T16:38:59","guid":{"rendered":"https:\/\/online-filmkatarzis.com\/kucko\/hirek\/?p=2574"},"modified":"2025-06-13T18:38:59","modified_gmt":"2025-06-13T16:38:59","slug":"ismert-szineszek-voltak-a-polgardi-baleset-resztvevoi","status":"publish","type":"post","link":"https:\/\/online-filmkatarzis.com\/kucko\/hirek\/ismert-szineszek-voltak-a-polgardi-baleset-resztvevoi\/","title":{"rendered":"Ismert sz\u00edn\u00e9szek voltak a Polg\u00e1rdi baleset r\u00e9sztvev\u0151i!"},"content":{"rendered":"<h3>A besz\u00e1mol\u00f3k szerint a h\u00e1zasp\u00e1r Mez\u0151szentgy\u00f6rgy fel\u0151l haladt, amikor a sof\u0151r egy lassabb j\u00e1rm\u0171 el\u0151z\u00e9s\u00e9be kezdett. \u00dagy t\u0171nik, nem vette \u00e9szre id\u0151ben a szemb\u0151l \u00e9rkez\u0151 teheraut\u00f3t, vagy rosszul m\u00e9rte fel annak sebess\u00e9g\u00e9t \u2013 m\u00e1r nem volt es\u00e9lye visszasorolni. A k\u00f6vetkez\u0151 pillanatban megt\u00f6rt\u00e9nt az \u00fctk\u00f6z\u00e9s: a k\u00e9t j\u00e1rm\u0171 eleje teljesen \u00f6sszeroncsol\u00f3dott. A szem\u00e9lyaut\u00f3 gyakorlatilag felismerhetetlenn\u00e9 v\u00e1lt.<br \/>\nR\u00f3luk van sz\u00f3:<\/h3>\n<h3><span style=\"color: #ff0000;\"><strong>A h\u00edr nem \u00e9rt v\u00e9get! Folytat\u00e1shoz haszn\u00e1ld a K\u00d6VETKEZ\u0150 OLDAL gombot!<\/strong><\/span><\/h3>\n<h3 style=\"text-align: right;\"><a href=\"https:\/\/online-filmkatarzis.com\/kucko\/napiinfok\/?p=2588\" target=\"_blank\" rel=\"noopener\"><span style=\"color: #ff0000;\">&#8212;&gt;&gt; K\u00d6VETKEZ\u0150 OLDAL<\/span><\/a><\/h3>\n<p>&#8211;<\/p>\n<p>A Toyota Yaris egy sokoldal\u00fa aut\u00f3, amely k\u00fcl\u00f6nf\u00e9le \u00fatfel\u00fcleteken megb\u00edzhat\u00f3 vezet\u00e9si \u00e9lm\u00e9nyt ny\u00fajt. A hibrid rendszere ink\u00e1bb az \u00f3vatosabb vezet\u00e9si st\u00edlushoz illik, \u00e9s ha ezt figyelembe veszed, akkor egy nyugodt, sima utaz\u00e1sban lesz r\u00e9szed.<br \/>\nEz nagy kontrasztot jelent a j\u00f3val sportosabb Toyota GR Yarishoz k\u00e9pest, amely b\u00e1r ugyanazt a nevet viseli, val\u00f3j\u00e1ban teljesen m\u00e1s jelleg\u0171 aut\u00f3. A GR l\u00e9nyeg\u00e9ben egy n\u00e9gyker\u00e9k-meghajt\u00e1s\u00fa raliaut\u00f3, amit utcai haszn\u00e1latra alak\u00edtottak \u00e1t, m\u00edg a hagyom\u00e1nyos Yaris egy hat\u00e9kony, els\u0151ker\u00e9k-hajt\u00e1s\u00fa kisaut\u00f3, egyszer\u0171bb fut\u00f3m\u0171vel, el\u00f6l MacPherson rug\u00f3stagokkal, h\u00e1tul pedig torzi\u00f3s r\u00faddal.<br \/>\nA Honda Jazz \u00e9s a Renault Clio E-Tech riv\u00e1lisaihoz hasonl\u00f3an a Yaris is k\u00e9pes r\u00f6vid ideig tiszt\u00e1n elektromos hajt\u00e1ssal haladni alacsony sebess\u00e9g\u0171 v\u00e1rosi k\u00f6zleked\u00e9s sor\u00e1n, b\u00e1r tapasztalataink szerint ehhez nagyon finoman kell b\u00e1nni a g\u00e1zped\u00e1llal.<\/p>\n<p>A Toyota hibrid rendszer\u00e9nek egyik nagy el\u0151nye, hogy nem kell meg\u00e1llni \u00e9s csatlakoztatni az aut\u00f3t t\u00f6lt\u00e9shez, sem hosszabb\u00edt\u00f3 k\u00e1belt h\u00fazni az \u00e9jszakai t\u00f6lt\u00e9shez. Ehelyett a Yaris akkumul\u00e1tor\u00e1t egy regenerat\u00edv f\u00e9krendszer t\u00f6lti, amely f\u00e9kez\u00e9s vagy lend\u00fcletv\u00e9tel k\u00f6zben termel \u00e1ramot, \u00e9s a motorb\u00f3l sz\u00e1rmaz\u00f3 felesleges energia t\u00f6lti az aksit.<br \/>\nA bel\u00e9p\u0151szint\u0171, 114 l\u00f3er\u0151s hibrid rendszer, valamint az 1085 kg-os viszonylag alacsony \u00f6ns\u00faly lehet\u0151v\u00e9 teszi a 0-62 m\u00e9rf\u00f6ld\/\u00f3ra (0-100 km\/h) gyorsul\u00e1st 9,7 m\u00e1sodperc alatt. Nem egy gyors aut\u00f3, a v\u00e9gsebess\u00e9ge 108 m\u00e9rf\u00f6ld\/\u00f3ra (174 km\/h), de ezt a Yaris v\u00e1s\u00e1rl\u00f3inak t\u00f6bbs\u00e9ge nem is fogja akt\u00edvan pr\u00f3b\u00e1lgatni, hiszen nem ilyen aut\u00f3r\u00f3l van sz\u00f3.<br \/>\nA 128 l\u00f3er\u0151s v\u00e1ltozat er\u0151sebb elektromos motorja egy kis plusz teljes\u00edtm\u00e9nyt ny\u00fajt an\u00e9lk\u00fcl, hogy jelent\u0151sen megn\u00f6veln\u00e9 az \u00fczemeltet\u00e9si k\u00f6lts\u00e9geket. Ebben a v\u00e1ltozatban a 0-62 m\u00e9rf\u00f6ld\/\u00f3ra gyorsul\u00e1s 9,2 m\u00e1sodpercre cs\u00f6kken, \u00edgy valamivel f\u00fcrg\u00e9bb, mint a Honda Jazz riv\u00e1lisa.<br \/>\nV\u00e1rosi vezet\u00e9s k\u00f6zben a Yaris mutatja meg legink\u00e1bb er\u00e9nyeit. Mind a 114, mind a 128 l\u00f3er\u0151s v\u00e1ltozat hasonl\u00f3an \u00e9l\u00e9nk az alacsony sebess\u00e9gekn\u00e9l, az elektromos motor szinte azonnal ad egy j\u00f3 adag l\u00f6ketet, ami megk\u00f6nny\u00edti a gyors indul\u00e1st a l\u00e1mp\u00e1kn\u00e1l, ellent\u00e9tben olyan DSG automata v\u00e1lt\u00f3s aut\u00f3kkal, mint a Skoda Fabia vagy a VW Polo, ahol \u00e9rezhet\u0151 k\u00e9sleked\u00e9s van a g\u00e1zped\u00e1l lenyom\u00e1sa \u00e9s a halad\u00e1s megindul\u00e1sa k\u00f6z\u00f6tt.<\/p>\n","protected":false},"excerpt":{"rendered":"<p>A besz\u00e1mol\u00f3k szerint a h\u00e1zasp\u00e1r Mez\u0151szentgy\u00f6rgy fel\u0151l haladt, amikor a sof\u0151r egy lassabb j\u00e1rm\u0171 el\u0151z\u00e9s\u00e9be kezdett. \u00dagy t\u0171nik, nem vette&#8230; <span class=\"gridview-grid-post-read-more\"><a href=\"https:\/\/online-filmkatarzis.com\/kucko\/hirek\/ismert-szineszek-voltak-a-polgardi-baleset-resztvevoi\/\">read more<span class=\"gridview-sr-only\"> Ismert sz\u00edn\u00e9szek voltak a Polg\u00e1rdi baleset r\u00e9sztvev\u0151i!<\/span><\/a><\/span><\/p>\n","protected":false},"author":1,"featured_media":2575,"comment_status":"open","ping_status":"open","sticky":false,"template":"","format":"standard","meta":{"footnotes":""},"categories":[1],"tags":[],"class_list":["post-2574","post","type-post","status-publish","format-standard","has-post-thumbnail","hentry","category-egyeb","wpcat-1-id"],"_links":{"self":[{"href":"https:\/\/online-filmkatarzis.com\/kucko\/hirek\/wp-json\/wp\/v2\/posts\/2574","targetHints":{"allow":["GET"]}}],"collection":[{"href":"https:\/\/online-filmkatarzis.com\/kucko\/hirek\/wp-json\/wp\/v2\/posts"}],"about":[{"href":"https:\/\/online-filmkatarzis.com\/kucko\/hirek\/wp-json\/wp\/v2\/types\/post"}],"author":[{"embeddable":true,"href":"https:\/\/online-filmkatarzis.com\/kucko\/hirek\/wp-json\/wp\/v2\/users\/1"}],"replies":[{"embeddable":true,"href":"https:\/\/online-filmkatarzis.com\/kucko\/hirek\/wp-json\/wp\/v2\/comments?post=2574"}],"version-history":[{"count":1,"href":"https:\/\/online-filmkatarzis.com\/kucko\/hirek\/wp-json\/wp\/v2\/posts\/2574\/revisions"}],"predecessor-version":[{"id":2576,"href":"https:\/\/online-filmkatarzis.com\/kucko\/hirek\/wp-json\/wp\/v2\/posts\/2574\/revisions\/2576"}],"wp:featuredmedia":[{"embeddable":true,"href":"https:\/\/online-filmkatarzis.com\/kucko\/hirek\/wp-json\/wp\/v2\/media\/2575"}],"wp:attachment":[{"href":"https:\/\/online-filmkatarzis.com\/kucko\/hirek\/wp-json\/wp\/v2\/media?parent=2574"}],"wp:term":[{"taxonomy":"category","embeddable":true,"href":"https:\/\/online-filmkatarzis.com\/kucko\/hirek\/wp-json\/wp\/v2\/categories?post=2574"},{"taxonomy":"post_tag","embeddable":true,"href":"https:\/\/online-filmkatarzis.com\/kucko\/hirek\/wp-json\/wp\/v2\/tags?post=2574"}],"curies":[{"name":"wp","href":"https:\/\/api.w.org\/{rel}","templated":true}]}}