{"id":2607,"date":"2025-06-15T22:48:59","date_gmt":"2025-06-15T20:48:59","guid":{"rendered":"https:\/\/online-filmkatarzis.com\/kucko\/hirek\/?p=2607"},"modified":"2025-06-15T22:48:59","modified_gmt":"2025-06-15T20:48:59","slug":"szajon-erte-sipos-peter-feher-krisztiant","status":"publish","type":"post","link":"https:\/\/online-filmkatarzis.com\/kucko\/hirek\/szajon-erte-sipos-peter-feher-krisztiant\/","title":{"rendered":"Sz\u00e1jon \\\/erte Sipos P\u00e9ter Feh\u00e9r Kriszti\u00e1nt!"},"content":{"rendered":"<h3>Feh\u00e9r Kriszti\u00e1n, aki szerinte v\u00e1llalhatatlan st\u00edlusban esett neki a st\u00e1bnak egy koncerten, miut\u00e1n gondok akadtak a technik\u00e1val. Kabai \u00fagy v\u00e9li, ebben a mentorok is ludasak, mert \u201ekir\u00e1lyk\u00e9nt\u201d kezelik a versenyz\u0151ket, akik \u00edgy teljesen elvesz\u00edtik a kapcsolatot a val\u00f3s\u00e1ggal. Sipos P\u00e9ter sem fogta vissza mag\u00e1t. S\u0150T TOV\u00c1BBMENT:<\/h3>\n<h3><span style=\"color: #ff0000;\"><strong>A h\u00edr nem \u00e9rt v\u00e9get! Folytat\u00e1shoz haszn\u00e1ld a K\u00d6VETKEZ\u0150 OLDAL gombot!<\/strong><\/span><\/h3>\n<h3 style=\"text-align: right;\"><a href=\"https:\/\/online-filmkatarzis.com\/kucko\/napiinfok\/?p=2624\" target=\"_blank\" rel=\"noopener\"><span style=\"color: #ff0000;\">&#8212;&gt;&gt; K\u00d6VETKEZ\u0150 OLDAL<\/span><\/a><\/h3>\n<p>&#8211;<\/p>\n<p>Szint\u00e9n \u00e9rdemes megeml\u00edteni a sz\u00e1mtalan v\u00e1laszthat\u00f3 lehet\u0151s\u00e9g k\u00f6z\u00fcl a jap\u00e1n h\u00e1rmast: a Honda CR-V-t, a Mazda CX-5-\u00f6t \u00e9s a Toyota RAV4-et, melyeket tov\u00e1bbi alternat\u00edv\u00e1k k\u00f6vetnek, mint az \u00f6r\u00f6kz\u00f6ld Nissan Qashqai, a Renault Austral, a Vauxhall Grandland, valamint a Tucson testv\u00e9rmodellje, a Kia Sportage.<br \/>\nAz \u00e9vek sor\u00e1n a Tucson t\u00f6bbsz\u00f6r is \u00f6sszem\u00e9retette mag\u00e1t ezekkel a versenyt\u00e1rsakkal \u2013 \u00e9s minden alkalommal gy\u0151ztesk\u00e9nt ker\u00fclt ki. Nem k\u00e9rd\u00e9s, hogy a Hyundai c\u00e9lja nemcsak a t\u00f6megpiaci szerepl\u0151k legy\u0151z\u00e9se, hanem a pr\u00e9mium m\u00e1rk\u00e1k \u2013 p\u00e9ld\u00e1ul az Audi \u00e9s a BMW \u2013 megszorongat\u00e1sa is.<br \/>\nA Tucson \u00e1ra nagyj\u00e1b\u00f3l 32 000 fontn\u00e1l kezd\u0151dik, amivel kedvez\u0151bb \u00e1raz\u00e1s\u00fa, mint p\u00e9ld\u00e1ul a Ford Kuga vagy a Volkswagen Tiguan. A Hyundai ugyanakkor nem k\u00edn\u00e1l klasszikus alapfelszerelts\u00e9g\u0171 v\u00e1ltozatot, \u00edgy m\u00e1r a bel\u00e9p\u0151modell is j\u00f3l felszerelt.<\/p>\n<p>A felszerelts\u00e9gi szintek logikus sorrendben \u00e9p\u00fclnek egym\u00e1sra: az Advance szinttel indul a k\u00edn\u00e1lat, ezt k\u00f6veti a Premium, majd a sportosabb megjelen\u00e9s\u0171 N Line \u00e9s N Line S, a cs\u00facsot pedig az Ultimate felszerelts\u00e9g k\u00e9pviseli. Minden v\u00e1ltozat alapfelszerelts\u00e9gk\u00e9nt tartalmazza a k\u00e9tz\u00f3n\u00e1s l\u00e9gkondicion\u00e1l\u00f3t, tempomatot, tolat\u00f3kamer\u00e1t, valamint a 10,25 colos infotainment \u00e9rint\u0151k\u00e9perny\u0151t, amely tartalmazza a be\u00e9p\u00edtett navig\u00e1ci\u00f3t, valamint az Android Auto \u00e9s Apple CarPlay t\u00e1mogat\u00e1st is.<br \/>\nDe v\u00e1gjunk is a k\u00f6zep\u00e9be: a kor\u00e1bbi Tucson els\u0151sorban praktikum\u00e1val, visszafogott \u00e1r\u00e1val \u00e9s csal\u00e1dbar\u00e1t kialak\u00edt\u00e1s\u00e1val aratott sikereket, mik\u00f6zben az elfogadhat\u00f3 felszerelts\u00e9g r\u00e9szben kompenz\u00e1lta a diz\u00e1jn hi\u00e1nyoss\u00e1gait.<br \/>\nEz a negyedik gener\u00e1ci\u00f3s Tucson viszont eg\u00e9szen m\u00e1s c\u00e9lt t\u0171z\u00f6tt ki: pr\u00e9mium szint\u0171 SUV-k\u00e9nt k\u00edv\u00e1n megjelenni a csal\u00e1dok k\u00f6r\u00e9ben, akik a st\u00edlust \u00e9s kifinomults\u00e1got ugyanannyira \u00e9rt\u00e9kelik, mint a praktikus csomagteret \u00e9s a mindennapi haszn\u00e1lhat\u00f3s\u00e1got.<br \/>\nEbben a szegmensben ki\u00e9lezett a verseny, \u00e9s a Tucson sz\u00e1mos riv\u00e1lisa egyedi jellemz\u0151kkel pr\u00f3b\u00e1l kit\u0171nni a t\u00f6megb\u0151l. A Volkswagen Tiguan min\u0151s\u00e9gi megjelen\u00e9s\u00e9vel \u00e9s megb\u00edzhat\u00f3 h\u00edrnev\u00e9vel t\u0171nik ki, m\u00edg a Ford Kuga dinamikus vezet\u00e9si \u00e9lm\u00e9nyt k\u00edn\u00e1l a csal\u00e1di SUV-k vil\u00e1g\u00e1ban. A Skoda Karoq \u00e9s a SEAT Ateca a Volkswagen-csoport j\u00f3l bev\u00e1lt receptj\u00e9t k\u00edn\u00e1lj\u00e1k elt\u00e9r\u0151 megk\u00f6zel\u00edt\u00e9ssel, m\u00edg a Peugeot 3008 eleg\u00e1ns bels\u0151 ter\u00e9vel \u00e9s jellegzetes francia karakter\u00e9vel nyer meg sokakat.<\/p>\n","protected":false},"excerpt":{"rendered":"<p>Feh\u00e9r Kriszti\u00e1n, aki szerinte v\u00e1llalhatatlan st\u00edlusban esett neki a st\u00e1bnak egy koncerten, miut\u00e1n gondok akadtak a technik\u00e1val. Kabai \u00fagy v\u00e9li,&#8230; <span class=\"gridview-grid-post-read-more\"><a href=\"https:\/\/online-filmkatarzis.com\/kucko\/hirek\/szajon-erte-sipos-peter-feher-krisztiant\/\">read more<span class=\"gridview-sr-only\"> Sz\u00e1jon \\\/erte Sipos P\u00e9ter Feh\u00e9r Kriszti\u00e1nt!<\/span><\/a><\/span><\/p>\n","protected":false},"author":1,"featured_media":2608,"comment_status":"open","ping_status":"open","sticky":false,"template":"","format":"standard","meta":{"footnotes":""},"categories":[1],"tags":[],"class_list":["post-2607","post","type-post","status-publish","format-standard","has-post-thumbnail","hentry","category-egyeb","wpcat-1-id"],"_links":{"self":[{"href":"https:\/\/online-filmkatarzis.com\/kucko\/hirek\/wp-json\/wp\/v2\/posts\/2607","targetHints":{"allow":["GET"]}}],"collection":[{"href":"https:\/\/online-filmkatarzis.com\/kucko\/hirek\/wp-json\/wp\/v2\/posts"}],"about":[{"href":"https:\/\/online-filmkatarzis.com\/kucko\/hirek\/wp-json\/wp\/v2\/types\/post"}],"author":[{"embeddable":true,"href":"https:\/\/online-filmkatarzis.com\/kucko\/hirek\/wp-json\/wp\/v2\/users\/1"}],"replies":[{"embeddable":true,"href":"https:\/\/online-filmkatarzis.com\/kucko\/hirek\/wp-json\/wp\/v2\/comments?post=2607"}],"version-history":[{"count":1,"href":"https:\/\/online-filmkatarzis.com\/kucko\/hirek\/wp-json\/wp\/v2\/posts\/2607\/revisions"}],"predecessor-version":[{"id":2609,"href":"https:\/\/online-filmkatarzis.com\/kucko\/hirek\/wp-json\/wp\/v2\/posts\/2607\/revisions\/2609"}],"wp:featuredmedia":[{"embeddable":true,"href":"https:\/\/online-filmkatarzis.com\/kucko\/hirek\/wp-json\/wp\/v2\/media\/2608"}],"wp:attachment":[{"href":"https:\/\/online-filmkatarzis.com\/kucko\/hirek\/wp-json\/wp\/v2\/media?parent=2607"}],"wp:term":[{"taxonomy":"category","embeddable":true,"href":"https:\/\/online-filmkatarzis.com\/kucko\/hirek\/wp-json\/wp\/v2\/categories?post=2607"},{"taxonomy":"post_tag","embeddable":true,"href":"https:\/\/online-filmkatarzis.com\/kucko\/hirek\/wp-json\/wp\/v2\/tags?post=2607"}],"curies":[{"name":"wp","href":"https:\/\/api.w.org\/{rel}","templated":true}]}}