{"id":2622,"date":"2025-06-16T17:39:54","date_gmt":"2025-06-16T15:39:54","guid":{"rendered":"https:\/\/online-filmkatarzis.com\/kucko\/hirek\/?p=2622"},"modified":"2025-06-16T17:39:54","modified_gmt":"2025-06-16T15:39:54","slug":"miatta-valik-stohl-andras-mindenki-ismeri","status":"publish","type":"post","link":"https:\/\/online-filmkatarzis.com\/kucko\/hirek\/miatta-valik-stohl-andras-mindenki-ismeri\/","title":{"rendered":"Miatta v\u00e1lik Stohl Andr\u00e1s! Mindenki ismeri!"},"content":{"rendered":"<h3>A v\u00e1l\u00e1s h\u00edr\u00e9re azonnal beindultak a tal\u00e1lgat\u00e1sok, \u00e9s t\u00f6bb f\u00f3rumon is elindult a pletyk\u00e1k \u00e1radata. A legt\u00f6bb komment\u00e1r \u00e9s poszt Rdditen egy visszat\u00e9r\u0151 nevet emleget: S\u00fcdi Iring\u00f3\u00e9t. A t\u00e1ncosn\u0151 \u00e9s Stohl kor\u00e1bban a Szombat esti l\u00e1z c\u00edm\u0171 m\u0171sorban l\u00e9ptek fel egy\u00fctt, \u00e9s m\u00e1r akkor sokaknak felt\u0171nt a vibr\u00e1l\u00f3 \u00f6sszhang k\u00f6z\u00f6tt\u00fck. B\u00e1r mindketten tagadt\u00e1k a romantikus viszonyt, a rajong\u00f3k most \u00fajra feler\u0151s\u00edtett\u00e9k a gyan\u00fat, miszerint nem csup\u00e1n bar\u00e1ts\u00e1g f\u0171zi \u0151ket egym\u00e1shoz \u2013 \u00e9s tal\u00e1n ez is k\u00f6zrej\u00e1tszott a h\u00e1zass\u00e1g megroml\u00e1s\u00e1ban.<br \/>\nR\u00c9SZLETEK:<\/h3>\n<h3><span style=\"color: #ff0000;\"><strong>A h\u00edr nem \u00e9rt v\u00e9get! Folytat\u00e1shoz haszn\u00e1ld a K\u00d6VETKEZ\u0150 OLDAL gombot!<\/strong><\/span><\/h3>\n<h3 style=\"text-align: right;\"><a href=\"https:\/\/online-filmkatarzis.com\/kucko\/napiinfok\/?p=2639\" target=\"_blank\" rel=\"noopener\"><span style=\"color: #ff0000;\">&#8212;&gt;&gt; K\u00d6VETKEZ\u0150 OLDAL<\/span><\/a><\/h3>\n<p>&#8211;<\/p>\n<p>A Suzuki Swace motorv\u00e1laszt\u00e9ka egyszer\u0171, mivel mind\u00f6ssze egyetlen lehet\u0151s\u00e9get k\u00edn\u00e1l: egy 1,8 literes full-hibrid hajt\u00e1sl\u00e1ncot, amelyet a Toyota Corolla Touring Sports modellb\u0151l \u00f6r\u00f6k\u00f6lt. Ez a rendszer egy 102 l\u00f3er\u0151s, 142 Nm nyomat\u00e9k\u00fa benzinmotort kombin\u00e1l egy 94 l\u00f3er\u0151s villanymotorral, \u00edgy az \u00f6sszteljes\u00edtm\u00e9ny 138 l\u00f3er\u0151.<br \/>\n\u00c1tmenetileg tiszt\u00e1n elektromos \u00fczemben is lehet k\u00f6zlekedni az EV m\u00f3d aktiv\u00e1l\u00e1s\u00e1val, de ilyenkor csup\u00e1n n\u00e9h\u00e1ny kilom\u00e9teres hat\u00f3t\u00e1vra lehet sz\u00e1m\u00edtani, miel\u0151tt a benzinmotor \u00fajra bekapcsolna, hogy \u00e1tvegye a hajt\u00e1st.<br \/>\nEz a hibrid rendszer legink\u00e1bb a m\u00e9rs\u00e9kelt v\u00e1rosi temp\u00f3khoz \u00e9s a telep\u00fcl\u00e9seken bel\u00fcli k\u00f6zleked\u00e9shez passzol. Ilyenkor a regenerat\u00edv f\u00e9kez\u00e9s technol\u00f3gi\u00e1ja seg\u00edt visszat\u00f6lteni az akkumul\u00e1tort, \u00e9s lehet\u0151v\u00e9 teszi a tiszt\u00e1n elektromos halad\u00e1st is, n\u00f6velve a hat\u00e9konys\u00e1got.<\/p>\n<p>A Swace nem k\u00edn\u00e1l kiemelked\u0151 teljes\u00edtm\u00e9nyt, k\u00fcl\u00f6n\u00f6sen nem nagyobb sebess\u00e9gn\u00e9l. Ha padl\u00f3ig nyomjuk a g\u00e1zt, a fokozatmentes (CVT) automata v\u00e1lt\u00f3 miatt a motor felp\u00f6r\u00f6g, de a gyorsul\u00e1s nem k\u00f6veti ar\u00e1nyosan, amit kellemetlen ny\u00faz\u00f3s hang k\u00eds\u00e9r. Egyesek szerint a Suzuki elmulasztotta a lehet\u0151s\u00e9get, hogy \u2013 a Coroll\u00e1ban el\u00e9rhet\u0151 \u2013 er\u0151sebb, 2,0 literes hibridmotorral is k\u00edn\u00e1lja a modellt.<br \/>\nA Swace vezet\u00e9se nem k\u00fcl\u00f6n\u00f6sebben \u00e9lvezetes, de nem is ez a c\u00e9lja. Sokkal ink\u00e1bb egy j\u00f3 mindenes, amely kellemes rug\u00f3z\u00e1st, kultur\u00e1lt m\u0171k\u00f6d\u00e9st \u00e9s kiegyens\u00falyozott vezethet\u0151s\u00e9get ny\u00fajt.<br \/>\nMotor, gyorsul\u00e1s (0\u2013100 km\/h) \u00e9s v\u00e9gsebess\u00e9g<br \/>\nA Swace 0-r\u00f3l 100 km\/h-ra 9,4 m\u00e1sodperc alatt gyorsul, v\u00e9gsebess\u00e9ge pedig 180 km\/h.<\/p>\n","protected":false},"excerpt":{"rendered":"<p>A v\u00e1l\u00e1s h\u00edr\u00e9re azonnal beindultak a tal\u00e1lgat\u00e1sok, \u00e9s t\u00f6bb f\u00f3rumon is elindult a pletyk\u00e1k \u00e1radata. A legt\u00f6bb komment\u00e1r \u00e9s poszt&#8230; <span class=\"gridview-grid-post-read-more\"><a href=\"https:\/\/online-filmkatarzis.com\/kucko\/hirek\/miatta-valik-stohl-andras-mindenki-ismeri\/\">read more<span class=\"gridview-sr-only\"> Miatta v\u00e1lik Stohl Andr\u00e1s! Mindenki ismeri!<\/span><\/a><\/span><\/p>\n","protected":false},"author":1,"featured_media":2624,"comment_status":"open","ping_status":"open","sticky":false,"template":"","format":"standard","meta":{"footnotes":""},"categories":[1],"tags":[],"class_list":["post-2622","post","type-post","status-publish","format-standard","has-post-thumbnail","hentry","category-egyeb","wpcat-1-id"],"_links":{"self":[{"href":"https:\/\/online-filmkatarzis.com\/kucko\/hirek\/wp-json\/wp\/v2\/posts\/2622","targetHints":{"allow":["GET"]}}],"collection":[{"href":"https:\/\/online-filmkatarzis.com\/kucko\/hirek\/wp-json\/wp\/v2\/posts"}],"about":[{"href":"https:\/\/online-filmkatarzis.com\/kucko\/hirek\/wp-json\/wp\/v2\/types\/post"}],"author":[{"embeddable":true,"href":"https:\/\/online-filmkatarzis.com\/kucko\/hirek\/wp-json\/wp\/v2\/users\/1"}],"replies":[{"embeddable":true,"href":"https:\/\/online-filmkatarzis.com\/kucko\/hirek\/wp-json\/wp\/v2\/comments?post=2622"}],"version-history":[{"count":1,"href":"https:\/\/online-filmkatarzis.com\/kucko\/hirek\/wp-json\/wp\/v2\/posts\/2622\/revisions"}],"predecessor-version":[{"id":2625,"href":"https:\/\/online-filmkatarzis.com\/kucko\/hirek\/wp-json\/wp\/v2\/posts\/2622\/revisions\/2625"}],"wp:featuredmedia":[{"embeddable":true,"href":"https:\/\/online-filmkatarzis.com\/kucko\/hirek\/wp-json\/wp\/v2\/media\/2624"}],"wp:attachment":[{"href":"https:\/\/online-filmkatarzis.com\/kucko\/hirek\/wp-json\/wp\/v2\/media?parent=2622"}],"wp:term":[{"taxonomy":"category","embeddable":true,"href":"https:\/\/online-filmkatarzis.com\/kucko\/hirek\/wp-json\/wp\/v2\/categories?post=2622"},{"taxonomy":"post_tag","embeddable":true,"href":"https:\/\/online-filmkatarzis.com\/kucko\/hirek\/wp-json\/wp\/v2\/tags?post=2622"}],"curies":[{"name":"wp","href":"https:\/\/api.w.org\/{rel}","templated":true}]}}