{"id":2651,"date":"2025-06-18T11:32:27","date_gmt":"2025-06-18T09:32:27","guid":{"rendered":"https:\/\/online-filmkatarzis.com\/kucko\/hirek\/?p=2651"},"modified":"2025-06-18T11:32:27","modified_gmt":"2025-06-18T09:32:27","slug":"stohl-andras-vegre-megszolalt-a-harmadik-felrol","status":"publish","type":"post","link":"https:\/\/online-filmkatarzis.com\/kucko\/hirek\/stohl-andras-vegre-megszolalt-a-harmadik-felrol\/","title":{"rendered":"Stohl Andr\u00e1s v\u00e9gre megsz\u00f3lalt a harmadik f\u00e9lr\u0151l!"},"content":{"rendered":"<h3>A t\u00f6rt\u00e9net azonban sokkal h\u00e9tk\u00f6znapibb. A kapcsolatukban nem hirtelen t\u00f6rt\u00e9nt valami, hanem lass\u00fa, fokozatos v\u00e1ltoz\u00e1son mentek kereszt\u00fcl. Mint oly sok h\u00e1zasp\u00e1r eset\u00e9ben, n\u00e1luk is el\u00e9rkezett az a pont, ahol m\u00e1r nem l\u00e1tt\u00e1k ugyanazt a j\u00f6v\u0151t. K\u00fczd\u00f6ttek, pr\u00f3b\u00e1lt\u00e1k meg\u0151rizni, amit lehetett, de v\u00e9g\u00fcl a k\u00f6z\u00f6s d\u00f6nt\u00e9sre jutottak: k\u00fcl\u00f6n jobb lesz. A d\u00f6nt\u00e9s\u00fcket hossz\u00fa gondolkod\u00e1s \u00e9s besz\u00e9lget\u00e9sek el\u0151zt\u00e9k meg, \u00e9s noha a f\u00e1jdalom elker\u00fclhetetlen, a v\u00e9gs\u0151 elhat\u00e1roz\u00e1s tudatos \u00e9s k\u00f6z\u00f6s volt. Azt viszont lesz\u00f6gezn\u00e9m, hogy nem volt harmadik f\u00e9l, ez nem j\u00e1tszott k\u00f6zbe a v\u00e1l\u00e1sban\u201d \u2013 \u00e1rulta el Stohl Andr\u00e1s v\u00e1l\u00e1s\u00e1nak h\u00edr\u00e9r\u0151l a hot! magazinnak.<br \/>\nA K\u00d6VETKEZ\u0150KET IS TISZT\u00c1ZTA:<\/h3>\n<h3><span style=\"color: #ff0000;\"><strong>A h\u00edr nem \u00e9rt v\u00e9get! Folytat\u00e1shoz haszn\u00e1ld a K\u00d6VETKEZ\u0150 OLDAL gombot!<\/strong><\/span><\/h3>\n<h3 style=\"text-align: right;\"><a href=\"https:\/\/online-filmkatarzis.com\/kucko\/napiinfok\/?p=2668\" target=\"_blank\" rel=\"noopener\"><span style=\"color: #ff0000;\">&#8212;&gt;&gt; K\u00d6VETKEZ\u0150 OLDAL<\/span><\/a><\/h3>\n<p>&#8211;<\/p>\n<p>A cs\u00facsfelszerelts\u00e9g\u0171 Veloce v\u00e1ltozat adapt\u00edv leng\u00e9scsillap\u00edt\u00f3kat kap, amelyeket a vezet\u00e9si \u00fczemm\u00f3dokt\u00f3l f\u00fcggetlen\u00fcl is lehet szab\u00e1lyozni a \u201eDNA\u201d forg\u00f3kapcsol\u00f3 k\u00f6zep\u00e9n tal\u00e1lhat\u00f3 gomb seg\u00edts\u00e9g\u00e9vel. \u00cdgy m\u00e9g akkor is, ha a sportosabb Dynamic m\u00f3d van bekapcsolva, az egyenetlen utakhoz val\u00f3 be\u00e1ll\u00edt\u00e1s \u00e9rezhet\u0151en l\u00e1gyabb fut\u00e1st eredm\u00e9nyez.<br \/>\nEz az extra funkci\u00f3 k\u00fcl\u00f6n\u00f6sen hasznos, mivel tapasztalataink szerint az alap\u00e9rtelmezett felf\u00fcggeszt\u00e9s ebben a konfigur\u00e1ci\u00f3ban kicsit t\u00fal kem\u00e9ny a brit vid\u00e9ki utak t\u00f6bbs\u00e9g\u00e9hez, \u00e9s az igaz\u00e1n rossz min\u0151s\u00e9g\u0171 \u00fatszakaszokon a rug\u00f3z\u00e1s kiss\u00e9 daraboss\u00e1 v\u00e1lhat, ami nem kelt k\u00fcl\u00f6n\u00f6sebb bizalmat, \u00e9s a k\u00e9nyelmet is cs\u00f6kkenti. R\u00e1ad\u00e1sul m\u00e9g a l\u00e1gyabb fut\u00f3m\u0171-be\u00e1ll\u00edt\u00e1s mellett sem mondhat\u00f3 el, hogy a Tonale jelent\u0151sen megd\u0151lne a kanyarokban \u2013 \u00edgy nem kell kompromisszumot k\u00f6tni a kezelhet\u0151s\u00e9g rov\u00e1s\u00e1ra.<\/p>\n<p>Ha a kisebb m\u00e9ret\u0171 kerekek mellett d\u00f6nt\u00fcnk, az tov\u00e1bb jav\u00edthatja az utaz\u00e1si komfortot. Mi 18 \u00e9s 19 colos kerekekkel szerelt v\u00e1ltozatokat tesztelt\u00fcnk, \u00e9s mindkett\u0151 eset\u00e9ben jelent\u0151s mennyis\u00e9g\u0171 g\u00f6rd\u00fcl\u00e9si zajt tapasztaltunk, emellett n\u00e9mi sz\u00e9lzaj is besz\u0171r\u0151dik az utast\u00e9rbe. A Tonale, ak\u00e1rcsak az Alfa Romeo Giulia szed\u00e1n vagy a Stelvio SUV, k\u00f6nny\u0171 \u00e9s gyors korm\u00e1nyz\u00e1ssal rendelkezik, ami \u00e9l\u00e9nk vezet\u00e9si \u00e9lm\u00e9nyt ny\u00fajt.<br \/>\nAz Alfa Romeo j\u00f3l ismert \u201eDNA\u201d \u00fczemm\u00f3dv\u00e1laszt\u00f3ja itt is megtal\u00e1lhat\u00f3, b\u00e1r kiss\u00e9 elt\u00e9r a kor\u00e1bbi modellek\u00e9t\u0151l. Dynamic m\u00f3dban a g\u00e1zreakci\u00f3, a v\u00e1lt\u00f3, a menetstabiliz\u00e1l\u00f3 \u00e9s a korm\u00e1nyz\u00e1s mind k\u00f6zvetlenebb be\u00e1ll\u00edt\u00e1st kapnak, a plug-in hibrid Tonale Q4 eset\u00e9ben pedig az er\u0151sebb f\u00e9kenergia-visszanyer\u00e9s is aktiv\u00e1l\u00f3dik. A Natural m\u00f3d a hibrid \u00fczemm\u00f3d, amely a teljes\u00edtm\u00e9ny \u00e9s a takar\u00e9koss\u00e1g k\u00f6z\u00f6tt egyens\u00falyoz, m\u00edg az Advance Efficiency gyakorlatilag elektromos \u00fczemm\u00f3dba kapcsolja az aut\u00f3t, tomp\u00edtja a g\u00e1zreakci\u00f3t, \u00e9s igyekszik a lehet\u0151 legt\u00f6bbet kihozni az akkumul\u00e1tor hat\u00f3t\u00e1vols\u00e1g\u00e1b\u00f3l. A plug-in modellhez tartozik egy akkutartal\u00e9k m\u00f3d is, amely lehet\u0151v\u00e9 teszi, hogy az akkumul\u00e1tor t\u00f6lt\u00f6tts\u00e9g\u00e9t k\u00e9s\u0151bbre tartal\u00e9koljuk az \u00fat sor\u00e1n.<\/p>\n","protected":false},"excerpt":{"rendered":"<p>A t\u00f6rt\u00e9net azonban sokkal h\u00e9tk\u00f6znapibb. A kapcsolatukban nem hirtelen t\u00f6rt\u00e9nt valami, hanem lass\u00fa, fokozatos v\u00e1ltoz\u00e1son mentek kereszt\u00fcl. Mint oly sok&#8230; <span class=\"gridview-grid-post-read-more\"><a href=\"https:\/\/online-filmkatarzis.com\/kucko\/hirek\/stohl-andras-vegre-megszolalt-a-harmadik-felrol\/\">read more<span class=\"gridview-sr-only\"> Stohl Andr\u00e1s v\u00e9gre megsz\u00f3lalt a harmadik f\u00e9lr\u0151l!<\/span><\/a><\/span><\/p>\n","protected":false},"author":1,"featured_media":2652,"comment_status":"open","ping_status":"open","sticky":false,"template":"","format":"standard","meta":{"footnotes":""},"categories":[1],"tags":[],"class_list":["post-2651","post","type-post","status-publish","format-standard","has-post-thumbnail","hentry","category-egyeb","wpcat-1-id"],"_links":{"self":[{"href":"https:\/\/online-filmkatarzis.com\/kucko\/hirek\/wp-json\/wp\/v2\/posts\/2651","targetHints":{"allow":["GET"]}}],"collection":[{"href":"https:\/\/online-filmkatarzis.com\/kucko\/hirek\/wp-json\/wp\/v2\/posts"}],"about":[{"href":"https:\/\/online-filmkatarzis.com\/kucko\/hirek\/wp-json\/wp\/v2\/types\/post"}],"author":[{"embeddable":true,"href":"https:\/\/online-filmkatarzis.com\/kucko\/hirek\/wp-json\/wp\/v2\/users\/1"}],"replies":[{"embeddable":true,"href":"https:\/\/online-filmkatarzis.com\/kucko\/hirek\/wp-json\/wp\/v2\/comments?post=2651"}],"version-history":[{"count":1,"href":"https:\/\/online-filmkatarzis.com\/kucko\/hirek\/wp-json\/wp\/v2\/posts\/2651\/revisions"}],"predecessor-version":[{"id":2653,"href":"https:\/\/online-filmkatarzis.com\/kucko\/hirek\/wp-json\/wp\/v2\/posts\/2651\/revisions\/2653"}],"wp:featuredmedia":[{"embeddable":true,"href":"https:\/\/online-filmkatarzis.com\/kucko\/hirek\/wp-json\/wp\/v2\/media\/2652"}],"wp:attachment":[{"href":"https:\/\/online-filmkatarzis.com\/kucko\/hirek\/wp-json\/wp\/v2\/media?parent=2651"}],"wp:term":[{"taxonomy":"category","embeddable":true,"href":"https:\/\/online-filmkatarzis.com\/kucko\/hirek\/wp-json\/wp\/v2\/categories?post=2651"},{"taxonomy":"post_tag","embeddable":true,"href":"https:\/\/online-filmkatarzis.com\/kucko\/hirek\/wp-json\/wp\/v2\/tags?post=2651"}],"curies":[{"name":"wp","href":"https:\/\/api.w.org\/{rel}","templated":true}]}}