{"id":2697,"date":"2025-06-20T19:19:11","date_gmt":"2025-06-20T17:19:11","guid":{"rendered":"https:\/\/online-filmkatarzis.com\/kucko\/hirek\/?p=2697"},"modified":"2025-06-20T19:19:11","modified_gmt":"2025-06-20T17:19:11","slug":"mar-nem-automatikus-a-13-havi-nyugdij","status":"publish","type":"post","link":"https:\/\/online-filmkatarzis.com\/kucko\/hirek\/mar-nem-automatikus-a-13-havi-nyugdij\/","title":{"rendered":"M\u00e1r nem automatikus a 13. havi nyugd\u00edj"},"content":{"rendered":"<h3>Az \u00faj el\u0151\u00edr\u00e1s szerint csak azok jogosultak a 13. havi nyugd\u00edjra, akik 2025 febru\u00e1rj\u00e1ban nyugd\u00edjasok, \u00e9s m\u00e1r 2024-ben is kaptak legal\u00e1bb egy napnyi nyugd\u00edjat. Ezzel kiz\u00e1rj\u00e1k p\u00e9ld\u00e1ul azokat, akik 2025 janu\u00e1rj\u00e1ban vonulnak nyugd\u00edjba, vagy akiknek szerettei 2024 v\u00e9g\u00e9n hunytak el. Eddig a janu\u00e1rban elhunyt nyugd\u00edjasok hozz\u00e1tartoz\u00f3i m\u00e9g megkaphatt\u00e1k a juttat\u00e1st, de ez a lehet\u0151s\u00e9g most megsz\u0171nik. Szak\u00e9rt\u0151k szerint ez k\u00fcl\u00f6n\u00f6sen neh\u00e9z helyzet azokkal szemben, akik \u00e9pp egy temet\u00e9s terh\u00e9t viselik.<br \/>\nEZT KELL TENNI:<\/h3>\n<h3><span style=\"color: #ff0000;\"><strong>A h\u00edr nem \u00e9rt v\u00e9get! Folytat\u00e1shoz haszn\u00e1ld a K\u00d6VETKEZ\u0150 OLDAL gombot!<\/strong><\/span><\/h3>\n<h3 style=\"text-align: right;\"><a href=\"https:\/\/online-filmkatarzis.com\/kucko\/napiinfok\/?p=2716\" target=\"_blank\" rel=\"noopener\"><span style=\"color: #ff0000;\">&#8212;&gt;&gt; K\u00d6VETKEZ\u0150 OLDAL<\/span><\/a><\/h3>\n<p>&#8211;<\/p>\n<p>Sportos megjelen\u00e9s\u00e9hez m\u00e9lt\u00f3 m\u00f3don a 508 meglep\u0151en \u00e9lvezetes vezet\u00e9si \u00e9lm\u00e9nyt ny\u00fajt. Tal\u00e1n nem annyira, hogy komoly fenyeget\u00e9st jelentsen a BMW 3-as sorozat sz\u00e1m\u00e1ra, de a k\u00f6z\u00e9pkateg\u00f3ri\u00e1s modellek k\u00f6z\u00f6tt hat\u00e1rozottan a dinamikusabb karakter\u0171 aut\u00f3k k\u00f6z\u00e9 tartozik.<br \/>\nA 508 ugyanarra a padl\u00f3lemezre \u00e9p\u00fcl, mint a 3008 SUV, \u00e9s mivel az ut\u00f3bbi leny\u0171g\u00f6z\u0151 rug\u00f3z\u00e1si komfortot k\u00edn\u00e1l, joggal v\u00e1rn\u00e1nk el ugyanezt a 508-t\u00f3l is. A legt\u00f6bb esetben val\u00f3ban j\u00f3l teljes\u00edt, de az \u00fathib\u00e1k elnyel\u00e9s\u00e9ben m\u00e9gsem \u00e9ri el teljesen az SUV szintj\u00e9t.<\/p>\n<p>A Peugeot a 508 felf\u00fcggeszt\u00e9s\u00e9t kiss\u00e9 feszesebbre hangolta, mint a csal\u00e1di c\u00e9l\u00fa 3008-as\u00e9t, \u00edgy az \u00fathib\u00e1k egy r\u00e9sze \u00e9rezhet\u0151v\u00e9 v\u00e1lik az utast\u00e9rben \u2013 k\u00fcl\u00f6n\u00f6sen azokn\u00e1l a modellekn\u00e9l, amelyek a nagyobb, 19 colos felniket kapt\u00e1k. Ennek ellen\u00e9re a komfortszint tov\u00e1bbra is megfelel\u0151, \u00e9s b\u00e1r alacsony sebess\u00e9gn\u00e9l kisebb r\u00e1zk\u00f3d\u00e1sok el\u0151fordulnak, aut\u00f3p\u00e1ly\u00e1n a feszesebb hangol\u00e1s el\u0151nyei \u00e9rv\u00e9nyes\u00fclnek, hiszen a felf\u00fcggeszt\u00e9s hat\u00e9konyan kisim\u00edtja az \u00fathull\u00e1mokat.<br \/>\nA feszesebb fut\u00f3m\u0171 m\u00e1sik pozit\u00edvuma, hogy kanyarban j\u00f3val kevesebb a karossz\u00e9riad\u0151l\u00e9s. Az aut\u00f3 szinte az aszfaltra tapad, \u00e9s a tapad\u00e1si szintje is leny\u0171g\u00f6z\u0151. Az els\u0151re furcs\u00e1nak t\u0171n\u0151 kis \u00e1tm\u00e9r\u0151j\u0171 korm\u00e1nyker\u00e9k val\u00f3j\u00e1ban nagyon \u00e9l\u00e9nk korm\u00e1nyreakci\u00f3kat eredm\u00e9nyez, \u00e9s mozg\u00e9konny\u00e1, agilis karakter\u0171v\u00e9 teszi az 508-ast \u2013 k\u00fcl\u00f6n\u00f6sen akkor, ha riv\u00e1lisaihoz hasonl\u00edtjuk. A korm\u00e1nyz\u00e1s s\u00falyoz\u00e1sa is j\u00f3l eltal\u00e1lt, \u00e9s lehet\u0151v\u00e9 teszi, hogy pontosan, magabiztosan ir\u00e1ny\u00edtsuk az aut\u00f3t kanyarg\u00f3s utakon.<\/p>\n","protected":false},"excerpt":{"rendered":"<p>Az \u00faj el\u0151\u00edr\u00e1s szerint csak azok jogosultak a 13. havi nyugd\u00edjra, akik 2025 febru\u00e1rj\u00e1ban nyugd\u00edjasok, \u00e9s m\u00e1r 2024-ben is kaptak&#8230; <span class=\"gridview-grid-post-read-more\"><a href=\"https:\/\/online-filmkatarzis.com\/kucko\/hirek\/mar-nem-automatikus-a-13-havi-nyugdij\/\">read more<span class=\"gridview-sr-only\"> M\u00e1r nem automatikus a 13. havi nyugd\u00edj<\/span><\/a><\/span><\/p>\n","protected":false},"author":1,"featured_media":2698,"comment_status":"open","ping_status":"open","sticky":false,"template":"","format":"standard","meta":{"footnotes":""},"categories":[1],"tags":[],"class_list":["post-2697","post","type-post","status-publish","format-standard","has-post-thumbnail","hentry","category-egyeb","wpcat-1-id"],"_links":{"self":[{"href":"https:\/\/online-filmkatarzis.com\/kucko\/hirek\/wp-json\/wp\/v2\/posts\/2697","targetHints":{"allow":["GET"]}}],"collection":[{"href":"https:\/\/online-filmkatarzis.com\/kucko\/hirek\/wp-json\/wp\/v2\/posts"}],"about":[{"href":"https:\/\/online-filmkatarzis.com\/kucko\/hirek\/wp-json\/wp\/v2\/types\/post"}],"author":[{"embeddable":true,"href":"https:\/\/online-filmkatarzis.com\/kucko\/hirek\/wp-json\/wp\/v2\/users\/1"}],"replies":[{"embeddable":true,"href":"https:\/\/online-filmkatarzis.com\/kucko\/hirek\/wp-json\/wp\/v2\/comments?post=2697"}],"version-history":[{"count":1,"href":"https:\/\/online-filmkatarzis.com\/kucko\/hirek\/wp-json\/wp\/v2\/posts\/2697\/revisions"}],"predecessor-version":[{"id":2699,"href":"https:\/\/online-filmkatarzis.com\/kucko\/hirek\/wp-json\/wp\/v2\/posts\/2697\/revisions\/2699"}],"wp:featuredmedia":[{"embeddable":true,"href":"https:\/\/online-filmkatarzis.com\/kucko\/hirek\/wp-json\/wp\/v2\/media\/2698"}],"wp:attachment":[{"href":"https:\/\/online-filmkatarzis.com\/kucko\/hirek\/wp-json\/wp\/v2\/media?parent=2697"}],"wp:term":[{"taxonomy":"category","embeddable":true,"href":"https:\/\/online-filmkatarzis.com\/kucko\/hirek\/wp-json\/wp\/v2\/categories?post=2697"},{"taxonomy":"post_tag","embeddable":true,"href":"https:\/\/online-filmkatarzis.com\/kucko\/hirek\/wp-json\/wp\/v2\/tags?post=2697"}],"curies":[{"name":"wp","href":"https:\/\/api.w.org\/{rel}","templated":true}]}}