{"id":2747,"date":"2025-06-23T22:21:13","date_gmt":"2025-06-23T20:21:13","guid":{"rendered":"https:\/\/online-filmkatarzis.com\/kucko\/hirek\/?p=2747"},"modified":"2025-06-23T22:21:13","modified_gmt":"2025-06-23T20:21:13","slug":"ezert-lepett-a-vonat-ele-a-gyonyoru-fiatal-no","status":"publish","type":"post","link":"https:\/\/online-filmkatarzis.com\/kucko\/hirek\/ezert-lepett-a-vonat-ele-a-gyonyoru-fiatal-no\/","title":{"rendered":"Ez\u00e9rt l\u00e9pett a vonat el\u00e9 a gy\u00f6ny\u00f6r\u0171 fiatal n\u0151!"},"content":{"rendered":"<h3>A helysz\u00ednre \u00e9rkez\u0151 ment\u0151k \u00e9s rend\u0151r\u00f6k sz\u00e1m\u00e1ra hamar vil\u00e1goss\u00e1 v\u00e1lt: nem egy v\u00e9letlen trag\u00e9dia t\u00f6rt\u00e9nt. A n\u0151 t\u00e1sk\u00e1j\u00e1ban ugyanis egy apr\u00f3 cetlit tal\u00e1ltak, amelyen ez \u00e1llt:<br \/>\n\u201eA hangokat nem tudom elhallgattatni. Nem b\u00edrom tov\u00e1bb.\u201d<br \/>\nEz a megd\u00f6bbent\u0151 \u00fczenet \u00faj megvil\u00e1g\u00edt\u00e1sba helyezi a t\u00f6rt\u00e9nteket. Helyiek elmond\u00e1sa szerint a n\u0151 az ut\u00f3bbi id\u0151ben zavarodottnak t\u0171nt, de a csal\u00e1dja szeretettel vette k\u00f6r\u00fcl, \u00e9s minden lehets\u00e9ges seg\u00edts\u00e9get megpr\u00f3b\u00e1ltak biztos\u00edtani sz\u00e1m\u00e1ra. Senki sem gondolta volna, hogy id\u00e1ig fajulhat a helyzet \u2013 k\u00fcl\u00f6n\u00f6sen \u00fagy, hogy \u00e1ll\u00edt\u00f3lag egy hete orvosi kezel\u00e9s alatt is \u00e1llt. A n\u0151 ment\u00e1lis \u00e1llapota s\u00falyosan romolhatott az elm\u00falt napokban, a trag\u00e9dia pedig ennek a v\u00e9gpontja lehetett.<br \/>\nA telep\u00fcl\u00e9s lak\u00f3it megr\u00e1zta a t\u00f6rt\u00e9ntek h\u00edre:<\/h3>\n<h3><span style=\"color: #ff0000;\"><strong>A h\u00edr nem \u00e9rt v\u00e9get! Folytat\u00e1shoz haszn\u00e1ld a K\u00d6VETKEZ\u0150 OLDAL gombot!<\/strong><\/span><\/h3>\n<h3 style=\"text-align: right;\"><a href=\"https:\/\/online-filmkatarzis.com\/kucko\/napiinfok\/?p=2763\" target=\"_blank\" rel=\"noopener\"><span style=\"color: #ff0000;\">&#8212;&gt;&gt; K\u00d6VETKEZ\u0150 OLDAL<\/span><\/a><\/h3>\n<p>&#8211;<\/p>\n<p>A Toyota a Land Cruiser Commercial Utility mindk\u00e9t v\u00e1ltozat\u00e1ra 37,6 mpg (m\u00e9rf\u00f6ld per gallon) \u00fczemanyag-fogyaszt\u00e1st ad meg, \u00edgy a mindennapi vezet\u00e9s sor\u00e1n j\u00f3 eredm\u00e9nynek sz\u00e1m\u00edt, ha el\u00e9ri a 30 mpg-t. A j\u00e1rm\u0171ben 87 literes \u00fczemanyagtart\u00e1ly tal\u00e1lhat\u00f3, ami ak\u00e1r 600 m\u00e9rf\u00f6ldes (kb. 965 km) hat\u00f3t\u00e1vot is lehet\u0151v\u00e9 tesz egy tankol\u00e1ssal.<br \/>\nA kibocs\u00e1t\u00e1s a r\u00f6vid tengelyt\u00e1v\u00fa (SWB) v\u00e1ltozatn\u00e1l 179 g\/km, m\u00edg a hossz\u00fa tengelyt\u00e1v\u00fa (LWB) modell eset\u00e9ben 187 g\/km, \u00e1m a g\u00e9pj\u00e1rm\u0171ad\u00f3 mindk\u00e9t verzi\u00f3ra azonos, 265 font.<br \/>\nAz SUV-alap\u00fa haszong\u00e9pj\u00e1rm\u0171vek mindig kompromisszumokkal j\u00e1rnak, hiszen egyszerre k\u00edn\u00e1lnak tehersz\u00e1ll\u00edt\u00f3 kapacit\u00e1st \u00e9s terepk\u00e9pess\u00e9get. A Land Cruiser Utility Commercial ebben jobbnak bizonyul a t\u00f6bbihez k\u00e9pest, mivel maga a szabv\u00e1nyos Land Cruiser is viszonylag nagy aut\u00f3.<\/p>\n<p>Mint b\u00e1rmely m\u00e1s haszong\u00e9pj\u00e1rm\u0171 SUV, a Land Cruiser Utility Commercial is meg van fosztva a h\u00e1ts\u00f3 \u00fcl\u00e9sekt\u0151l, biztons\u00e1gi \u00f6vekt\u0151l \u00e9s egy\u00e9b k\u00e9nyelmi felszerel\u00e9sekt\u0151l, a h\u00e1ts\u00f3 ablakok pedig feket\u00e9re vannak f\u00f3li\u00e1zva. Az \u00faj rakod\u00f3t\u00e9r teljes hossz\u00e1ban egy nagy, lapos t\u00e1bla tal\u00e1lhat\u00f3, amely gum\u00edrozott m\u0171anyag bor\u00edt\u00e1st kapott. A Land Cruiser eset\u00e9ben ez a csomagt\u00e9rtet\u0151 szintj\u00e9n van, \u00e9s eg\u00e9szen el\u0151re ny\u00falik, ahol egy ac\u00e9l v\u00e1laszfal v\u00e1lasztja el a rakteret a vezet\u0151f\u00fclk\u00e9t\u0151l.<br \/>\nA v\u00e1laszfal als\u00f3 fele t\u00f6m\u00f6r ac\u00e9lb\u00f3l k\u00e9sz\u00fclt, m\u00edg felette egy ac\u00e9lh\u00e1l\u00f3t helyeztek el, hogy vezet\u00e9s k\u00f6zben m\u00e9g mindig l\u00e1thass ki a h\u00e1ts\u00f3 ablakon. A h\u00e1l\u00f3s r\u00e9sz k\u00e9t fel\u00e9 oszlik, az utasoldali r\u00e9sze pedig nyithat\u00f3, \u00edgy hosszabb t\u00e1rgyakat be lehet tolni a f\u00fclk\u00e9be \u2013 ez f\u0151leg a r\u00f6vid tengelyt\u00e1v\u00fa modelln\u00e9l lesz hasznos, b\u00e1r a hossz\u00fa tengelyt\u00e1v\u00fa v\u00e1ltozatn\u00e1l is j\u00f3l j\u00f6het. Ez a h\u00e1l\u00f3s ajt\u00f3 m\u00e1gneses r\u00f6gz\u00edt\u00e9s\u0171, k\u00f6nnyen kezelhet\u0151, de el\u00e9g massz\u00edv ahhoz, hogy menet k\u00f6zben ne ny\u00edljon ki v\u00e9letlen\u00fcl.<br \/>\nA r\u00f6vid tengelyt\u00e1v\u00fa Land Cruiser eset\u00e9ben a h\u00e1ts\u00f3 rakt\u00e9r csak egy oldalra ny\u00edl\u00f3 ajt\u00f3n kereszt\u00fcl \u00e9rhet\u0151 el, b\u00e1r minden Land Cruiser Commercial modellhez k\u00fcl\u00f6n ny\u00edl\u00f3 h\u00e1ts\u00f3 sz\u00e9lv\u00e9d\u0151 tartozik. Ez fel\u00fclr\u0151l ny\u00edl\u00f3 \u00e9s seg\u00edti a hozz\u00e1f\u00e9r\u00e9st sz\u0171k parkol\u00f3helyeken. Mivel a SWB modell tengelyt\u00e1vja r\u00f6videbb, az oldals\u00f3 ajt\u00f3k hi\u00e1nya nem jelent nagy probl\u00e9m\u00e1t, hiszen nem kell annyira be ny\u00falni a rakt\u00e9rbe. A SWB v\u00e1ltozat h\u00e1ts\u00f3 r\u00e9sz\u00e9ben 1,574 liter t\u00e9r \u00e1ll rendelkez\u00e9sre, \u00e9s a magas padl\u00f3, amely a magas fut\u00f3m\u0171nek k\u00f6sz\u00f6nhet\u0151, megnehez\u00edtheti a neh\u00e9z t\u00e1rgyak bepakol\u00e1s\u00e1t, b\u00e1r ez nem nehezebb, mint egy plat\u00f3s teheraut\u00f3n\u00e1l. Az oldalra ny\u00edl\u00f3 ajt\u00f3 valamivel praktikusabb, mint egy plat\u00f3s j\u00e1rm\u0171 h\u00e1ts\u00f3 ajtaja, de egy fel\u00fcl ny\u00edl\u00f3 csomagt\u00e9rajt\u00f3 m\u00e9g jobb lenne.<\/p>\n","protected":false},"excerpt":{"rendered":"<p>A helysz\u00ednre \u00e9rkez\u0151 ment\u0151k \u00e9s rend\u0151r\u00f6k sz\u00e1m\u00e1ra hamar vil\u00e1goss\u00e1 v\u00e1lt: nem egy v\u00e9letlen trag\u00e9dia t\u00f6rt\u00e9nt. A n\u0151 t\u00e1sk\u00e1j\u00e1ban ugyanis egy&#8230; <span class=\"gridview-grid-post-read-more\"><a href=\"https:\/\/online-filmkatarzis.com\/kucko\/hirek\/ezert-lepett-a-vonat-ele-a-gyonyoru-fiatal-no\/\">read more<span class=\"gridview-sr-only\"> Ez\u00e9rt l\u00e9pett a vonat el\u00e9 a gy\u00f6ny\u00f6r\u0171 fiatal n\u0151!<\/span><\/a><\/span><\/p>\n","protected":false},"author":1,"featured_media":2748,"comment_status":"open","ping_status":"open","sticky":false,"template":"","format":"standard","meta":{"footnotes":""},"categories":[1],"tags":[],"class_list":["post-2747","post","type-post","status-publish","format-standard","has-post-thumbnail","hentry","category-egyeb","wpcat-1-id"],"_links":{"self":[{"href":"https:\/\/online-filmkatarzis.com\/kucko\/hirek\/wp-json\/wp\/v2\/posts\/2747","targetHints":{"allow":["GET"]}}],"collection":[{"href":"https:\/\/online-filmkatarzis.com\/kucko\/hirek\/wp-json\/wp\/v2\/posts"}],"about":[{"href":"https:\/\/online-filmkatarzis.com\/kucko\/hirek\/wp-json\/wp\/v2\/types\/post"}],"author":[{"embeddable":true,"href":"https:\/\/online-filmkatarzis.com\/kucko\/hirek\/wp-json\/wp\/v2\/users\/1"}],"replies":[{"embeddable":true,"href":"https:\/\/online-filmkatarzis.com\/kucko\/hirek\/wp-json\/wp\/v2\/comments?post=2747"}],"version-history":[{"count":1,"href":"https:\/\/online-filmkatarzis.com\/kucko\/hirek\/wp-json\/wp\/v2\/posts\/2747\/revisions"}],"predecessor-version":[{"id":2749,"href":"https:\/\/online-filmkatarzis.com\/kucko\/hirek\/wp-json\/wp\/v2\/posts\/2747\/revisions\/2749"}],"wp:featuredmedia":[{"embeddable":true,"href":"https:\/\/online-filmkatarzis.com\/kucko\/hirek\/wp-json\/wp\/v2\/media\/2748"}],"wp:attachment":[{"href":"https:\/\/online-filmkatarzis.com\/kucko\/hirek\/wp-json\/wp\/v2\/media?parent=2747"}],"wp:term":[{"taxonomy":"category","embeddable":true,"href":"https:\/\/online-filmkatarzis.com\/kucko\/hirek\/wp-json\/wp\/v2\/categories?post=2747"},{"taxonomy":"post_tag","embeddable":true,"href":"https:\/\/online-filmkatarzis.com\/kucko\/hirek\/wp-json\/wp\/v2\/tags?post=2747"}],"curies":[{"name":"wp","href":"https:\/\/api.w.org\/{rel}","templated":true}]}}