{"id":2771,"date":"2025-06-25T13:04:08","date_gmt":"2025-06-25T11:04:08","guid":{"rendered":"https:\/\/online-filmkatarzis.com\/kucko\/hirek\/?p=2771"},"modified":"2025-06-25T13:04:40","modified_gmt":"2025-06-25T11:04:40","slug":"mar-ezeken-a-telepuleseken-is-agyevo-amobat-talaltak","status":"publish","type":"post","link":"https:\/\/online-filmkatarzis.com\/kucko\/hirek\/mar-ezeken-a-telepuleseken-is-agyevo-amobat-talaltak\/","title":{"rendered":"M\u00e1r ezeken a telep\u00fcl\u00e9seken is Agyev\u0151 am\u0151b\u00e1t tal\u00e1ltak!"},"content":{"rendered":"<h3>A fert\u0151z\u00e9s l\u00e9nyege, hogy a v\u00edzzel a orr\u00fcregbe jutva az am\u0151ba az idegrendszer fel\u00e9 v\u00e1ndorol, \u00e9s n\u00e9h\u00e1ny nap alatt v\u00e9\/zetes kimenetel\u0171 k\u00f3\/k\u00e9pet okozhat. A 11 \u00e9ves gyermek \u00e1llapotroml\u00e1sa n\u00e9h\u00e1ny nap alatt k\u00f6vetkezett be: az els\u0151 t\u00fcnetek \u2013 fejf\u00e1j\u00e1s, h\u00e1nyinger, l\u00e1z.<\/h3>\n<h3><span style=\"color: #ff0000;\"><strong>A h\u00edr nem \u00e9rt v\u00e9get! Folytat\u00e1shoz haszn\u00e1ld a K\u00d6VETKEZ\u0150 OLDAL gombot!<\/strong><\/span><\/h3>\n<h3 style=\"text-align: right;\"><a href=\"https:\/\/online-filmkatarzis.com\/kucko\/napiinfok\/?p=2788\" target=\"_blank\" rel=\"noopener\"><span style=\"color: #ff0000;\">&#8212;&gt;&gt; K\u00d6VETKEZ\u0150 OLDAL<\/span><\/a><\/h3>\n<p>&#8211;<\/p>\n<p>A 2019-es e-Niro egyik legnagyobb h\u00e1tr\u00e1nya az volt, hogy b\u00e1r a bels\u0151 t\u00e9r diz\u00e1jnja tetszet\u0151s volt, az anyagmin\u0151s\u00e9g \u00e9s a tapint\u00e1s \u00e9lm\u00e9nye csal\u00f3d\u00e1st keltett. Az\u00f3ta azonban a d\u00e9l-koreai m\u00e1rk\u00e1k ezen a t\u00e9ren \u00f3ri\u00e1sit fejl\u0151dtek, amit az \u00faj Niro EV is \u00e9kesen bizony\u00edt. Az utast\u00e9r diz\u00e1jnja a Kia EV6 \u00e9s a Sportage st\u00edlus\u00e1t id\u00e9zi: \u00edvelt kijelz\u0151k, dinamikusan emelked\u0151 ajt\u00f3karf\u00e1k \u00e9s vezet\u0151k\u00f6zpont\u00fa kialak\u00edt\u00e1s teremtik meg azt a modern, kiss\u00e9 futurisztikus hangulatot, amit egyre t\u00f6bben keresnek a villanyaut\u00f3k vil\u00e1g\u00e1ban.<\/p>\n<p>B\u00e1r nem forradalom, ink\u00e1bb egy rendk\u00edv\u00fcl alapos, j\u00f3l \u00e1tgondolt evol\u00faci\u00f3 a Niro EV meg\u00fajul\u00e1sa. A Kia ezzel a modellel ism\u00e9t azt mutatja meg, hogy k\u00e9pes az elektromos aut\u00f3z\u00e1s praktikum\u00e1t, el\u00e9rhet\u0151s\u00e9g\u00e9t \u00e9s diz\u00e1jnj\u00e1t egyens\u00falyba hozni \u2013 m\u00e9g ha technol\u00f3giai szempontb\u00f3l nem is ez a kateg\u00f3ria legel\u0151remutat\u00f3bb darabja.<\/p>\n<p>Hogy milyen az anyaghaszn\u00e1lat a Kia Niro k\u00fcl\u00f6nb\u00f6z\u0151 v\u00e1ltozataiban, az nagyban att\u00f3l f\u00fcgg, melyik felszerelts\u00e9gi szintet v\u00e1lasztjuk. B\u00e1r pap\u00edron a bel\u00e9p\u0151 szint\u0171, \u00fagynevezett \u201e2-es\u201d felszerelts\u00e9g is eg\u00e9sz j\u00f3l felszereltnek t\u0171nik, a val\u00f3s\u00e1gban a Kia t\u00f6bb fontos elemet is kihagyott ebb\u0151l a v\u00e1ltozatb\u00f3l. Ez pedig azt a hat\u00e1st keltheti, hogy a v\u00e1s\u00e1rl\u00f3k ink\u00e1bb a magasabb, 3-as vagy 4-es szint fel\u00e9 mozduljanak el, mert ott \u00e9rezhet\u0151en jobb min\u0151s\u00e9g\u0171nek hat az aut\u00f3.<\/p>\n<p>A magasabb felszerelts\u00e9gi szintekn\u00e9l \u2013 p\u00e9ld\u00e1ul a 3-as vagy 4-es verzi\u00f3n\u00e1l \u2013 m\u00e1r puh\u00e1bb, kellemesebb tapint\u00e1s\u00fa m\u0171anyagok ker\u00fclnek az ajt\u00f3kra, hangulatvil\u00e1g\u00edt\u00e1s v\u00e1lik el\u00e9rhet\u0151v\u00e9, illetve d\u00edsz\u00edt\u0151panelek is megjelennek, amelyek ugyan \u00fagy n\u00e9znek ki, mint a megkopott r\u00e9z, val\u00f3j\u00e1ban \u00fajrahasznos\u00edtott m\u0171anyagb\u00f3l k\u00e9sz\u00fclnek. A bel\u00e9p\u0151 szint\u0171 2-es v\u00e1ltozat azonban ezeket mind n\u00e9lk\u00fcl\u00f6zi. Ott csup\u00e1n egyszer\u0171, kem\u00e9ny m\u0171anyagokat tal\u00e1lunk, valamint egy j\u00f3val kisebb m\u00e9ret\u0171 infotainment kijelz\u0151t, amely szinte elveszik a nagy m\u0171anyag keretben, amibe be\u00e9p\u00edtett\u00e9k \u2013 emiatt az \u00f6sszhat\u00e1s kiss\u00e9 olcs\u00f3 hat\u00e1st kelt.<\/p>\n<p>Viszont a 3-as felszerelts\u00e9ggel m\u00e1r eg\u00e9szen m\u00e1s a helyzet. Ezzel a szinttel a Niro szinte teljesen felz\u00e1rk\u00f3zik a Cupra Born szintj\u00e9hez, legal\u00e1bbis ami a bels\u0151 min\u0151s\u00e9get illeti. Igaz, hogy a Cupra utaster\u00e9ben t\u00f6bb a karcos, kem\u00e9ny m\u0171anyag, viszont a Kia \u00e1ltal k\u00edn\u00e1lt \u201eveg\u00e1n b\u0151rut\u00e1nzat\u201d sem sokkal meggy\u0151z\u0151bb \u2013 tapint\u00e1sra ink\u00e1bb eml\u00e9keztet egy finom, puha pap\u00edrmas\u00e9ra, mint val\u00f3di b\u0151rre.<\/p>\n","protected":false},"excerpt":{"rendered":"<p>A fert\u0151z\u00e9s l\u00e9nyege, hogy a v\u00edzzel a orr\u00fcregbe jutva az am\u0151ba az idegrendszer fel\u00e9 v\u00e1ndorol, \u00e9s n\u00e9h\u00e1ny nap alatt v\u00e9\/zetes&#8230; <span class=\"gridview-grid-post-read-more\"><a href=\"https:\/\/online-filmkatarzis.com\/kucko\/hirek\/mar-ezeken-a-telepuleseken-is-agyevo-amobat-talaltak\/\">read more<span class=\"gridview-sr-only\"> M\u00e1r ezeken a telep\u00fcl\u00e9seken is Agyev\u0151 am\u0151b\u00e1t tal\u00e1ltak!<\/span><\/a><\/span><\/p>\n","protected":false},"author":1,"featured_media":2772,"comment_status":"open","ping_status":"open","sticky":false,"template":"","format":"standard","meta":{"footnotes":""},"categories":[1],"tags":[],"class_list":["post-2771","post","type-post","status-publish","format-standard","has-post-thumbnail","hentry","category-egyeb","wpcat-1-id"],"_links":{"self":[{"href":"https:\/\/online-filmkatarzis.com\/kucko\/hirek\/wp-json\/wp\/v2\/posts\/2771","targetHints":{"allow":["GET"]}}],"collection":[{"href":"https:\/\/online-filmkatarzis.com\/kucko\/hirek\/wp-json\/wp\/v2\/posts"}],"about":[{"href":"https:\/\/online-filmkatarzis.com\/kucko\/hirek\/wp-json\/wp\/v2\/types\/post"}],"author":[{"embeddable":true,"href":"https:\/\/online-filmkatarzis.com\/kucko\/hirek\/wp-json\/wp\/v2\/users\/1"}],"replies":[{"embeddable":true,"href":"https:\/\/online-filmkatarzis.com\/kucko\/hirek\/wp-json\/wp\/v2\/comments?post=2771"}],"version-history":[{"count":3,"href":"https:\/\/online-filmkatarzis.com\/kucko\/hirek\/wp-json\/wp\/v2\/posts\/2771\/revisions"}],"predecessor-version":[{"id":2775,"href":"https:\/\/online-filmkatarzis.com\/kucko\/hirek\/wp-json\/wp\/v2\/posts\/2771\/revisions\/2775"}],"wp:featuredmedia":[{"embeddable":true,"href":"https:\/\/online-filmkatarzis.com\/kucko\/hirek\/wp-json\/wp\/v2\/media\/2772"}],"wp:attachment":[{"href":"https:\/\/online-filmkatarzis.com\/kucko\/hirek\/wp-json\/wp\/v2\/media?parent=2771"}],"wp:term":[{"taxonomy":"category","embeddable":true,"href":"https:\/\/online-filmkatarzis.com\/kucko\/hirek\/wp-json\/wp\/v2\/categories?post=2771"},{"taxonomy":"post_tag","embeddable":true,"href":"https:\/\/online-filmkatarzis.com\/kucko\/hirek\/wp-json\/wp\/v2\/tags?post=2771"}],"curies":[{"name":"wp","href":"https:\/\/api.w.org\/{rel}","templated":true}]}}