{"id":2788,"date":"2025-06-26T07:20:03","date_gmt":"2025-06-26T05:20:03","guid":{"rendered":"https:\/\/online-filmkatarzis.com\/kucko\/hirek\/?p=2788"},"modified":"2025-06-26T07:20:03","modified_gmt":"2025-06-26T05:20:03","slug":"foldrenges-volt-magyarorszagon","status":"publish","type":"post","link":"https:\/\/online-filmkatarzis.com\/kucko\/hirek\/foldrenges-volt-magyarorszagon\/","title":{"rendered":"F\u00f6ldreng\u00e9s volt Magyarorsz\u00e1gon!"},"content":{"rendered":"<h3>2,5 volt, az epicentrum pedig Gy\u0151r v\u00e1rosa k\u00f6zvetlen k\u00f6rnyezet\u00e9ben, a Bakony\u2013Balaton-felvid\u00e9ki \u00e9s az Alpokalja\u2013Kisalf\u00f6ldi t\u00f6r\u00e9svonal tal\u00e1lkoz\u00e1s\u00e1n\u00e1l helyezkedett el. Amikor a f\u00f6ld megmozdult: a reng\u00e9s lefoly\u00e1sa: Id\u0151pont: 2025. j\u00fanius 24., 20:56:14\u00a0 Magnit\u00fad\u00f3: 2,5 (ML sk\u00e1la) Epicentrum:<\/h3>\n<h3><span style=\"color: #ff0000;\"><strong>A h\u00edr nem \u00e9rt v\u00e9get! Folytat\u00e1shoz haszn\u00e1ld a K\u00d6VETKEZ\u0150 OLDAL gombot!<\/strong><\/span><\/h3>\n<h3 style=\"text-align: right;\"><a href=\"https:\/\/online-filmkatarzis.com\/kucko\/napiinfok\/?p=2806\" target=\"_blank\" rel=\"noopener\"><span style=\"color: #ff0000;\">&#8212;&gt;&gt; K\u00d6VETKEZ\u0150 OLDAL<\/span><\/a><\/h3>\n<p>&#8211;<\/p>\n<p>A Renault 4 tengelyt\u00e1vja hosszabb az R5-\u00f6s modelln\u00e9l, \u00e9s ez a plusz t\u00e9r \u00f3ri\u00e1si k\u00fcl\u00f6nbs\u00e9get jelent a h\u00e1ts\u00f3 \u00fcl\u00e9sek haszn\u00e1lhat\u00f3s\u00e1g\u00e1ban. M\u00edg a Renault 5 h\u00e1ts\u00f3 \u00fcl\u00e9ssora feln\u0151ttek sz\u00e1m\u00e1ra ink\u00e1bb csak v\u00e9szmegold\u00e1sk\u00e9nt j\u00f6het sz\u00f3ba, addig a Renault 4-ben ez a r\u00e9sz t\u00e9nylegesen haszn\u00e1lhat\u00f3, \u00e9s k\u00e9nyelmesebb. Jelent\u0151sen t\u00e1gasabb, mint p\u00e9ld\u00e1ul egy MINI Aceman vagy egy Jeep Avenger hasonl\u00f3 kateg\u00f3ri\u00e1s h\u00e1ts\u00f3 \u00fcl\u00e9ssora. A k\u00f6z\u00e9ps\u0151 \u00fcl\u00e9s helye puh\u00e1bb, \u00edgy r\u00f6videbb utakra ak\u00e1r h\u00e1rom utas is k\u00e9nyelmesen elf\u00e9r h\u00e1tul \u2013 ami ritkas\u00e1g ebben az aut\u00f3szegmensben. Ugyanakkor a h\u00e1ts\u00f3 r\u00e9sz sem teljesen hib\u00e1tlan: a fejmagass\u00e1g \u00e9ppen csak megfelel\u0151, a l\u00e1bt\u00e9r az els\u0151 \u00fcl\u00e9sek alatt sz\u0171k\u00f6s, \u00e9s mivel a padl\u00f3 viszonylag magasan van az \u00fcl\u00e9sek \u00fcl\u0151fel\u00fclet\u00e9hez k\u00e9pest, a comb al\u00e1t\u00e1maszt\u00e1sa nem az igazi, ami hosszabb utakon k\u00e9nyelmetlens\u00e9get okozhat. Mindezek ellen\u00e9re, ha valaki sz\u00e1m\u00e1ra a Renault 5 sz\u0171k h\u00e1ts\u00f3 tere komoly kompromisszumot jelentene, a Renault 4 egy\u00e9rtelm\u0171en jobb v\u00e1laszt\u00e1s lehet, hiszen \u00e9rezhet\u0151en t\u00e1gasabb \u00e9s praktikusabb kialak\u00edt\u00e1st k\u00edn\u00e1l.<\/p>\n<p>A csomagt\u00e9r is meglep\u0151en nagyvonal\u00fa: 420 literes \u0171rtartalm\u00e1val a Renault 4 kateg\u00f3ri\u00e1j\u00e1nak egyik legpraktikusabb modellje. Ez k\u00fcl\u00f6n\u00f6sen azoknak lehet \u00f6r\u00f6mteli, akik h\u00e9tv\u00e9gi kiruccan\u00e1sokra, csal\u00e1di bev\u00e1s\u00e1rl\u00e1sokra vagy ak\u00e1r kisebb k\u00f6lt\u00f6z\u00e9sekhez is szeretn\u00e9k haszn\u00e1lni az aut\u00f3t.<\/p>\n<p>A csomagt\u00e9r ny\u00edl\u00e1sa rendk\u00edv\u00fcl alacsonyan helyezkedik el, szinte kombi jelleggel, ami jelent\u0151sen megk\u00f6nny\u00edti a be- \u00e9s kipakol\u00e1st \u2013 k\u00fcl\u00f6n\u00f6sen nehezebb t\u00e1rgyak eset\u00e9ben. A Renault itt egy\u00e9rtelm\u0171en tisztelgett az eredeti Renault 4 el\u0151tt, hiszen annak is ez volt az egyik praktikus jellemz\u0151je. A csomagt\u00e9r padl\u00f3ja alatt egy k\u00fcl\u00f6n, 55 literes rekesz tal\u00e1lhat\u00f3 a t\u00f6lt\u0151k\u00e1belek sz\u00e1m\u00e1ra, \u00edgy azok rendezetten, az \u00fatb\u00f3l elz\u00e1rva t\u00e1rolhat\u00f3k. R\u00e1ad\u00e1sul a dupla fen\u00e9klemez kialak\u00edt\u00e1sa is seg\u00edti a pakol\u00e1st, hiszen ha a csomagtart\u00f3 meg van t\u00f6mve, az als\u00f3 r\u00e9sz \u00edgy is k\u00f6nnyebben hozz\u00e1f\u00e9rhet\u0151.<\/p>\n","protected":false},"excerpt":{"rendered":"<p>2,5 volt, az epicentrum pedig Gy\u0151r v\u00e1rosa k\u00f6zvetlen k\u00f6rnyezet\u00e9ben, a Bakony\u2013Balaton-felvid\u00e9ki \u00e9s az Alpokalja\u2013Kisalf\u00f6ldi t\u00f6r\u00e9svonal tal\u00e1lkoz\u00e1s\u00e1n\u00e1l helyezkedett el. Amikor a&#8230; <span class=\"gridview-grid-post-read-more\"><a href=\"https:\/\/online-filmkatarzis.com\/kucko\/hirek\/foldrenges-volt-magyarorszagon\/\">read more<span class=\"gridview-sr-only\"> F\u00f6ldreng\u00e9s volt Magyarorsz\u00e1gon!<\/span><\/a><\/span><\/p>\n","protected":false},"author":1,"featured_media":2789,"comment_status":"open","ping_status":"open","sticky":false,"template":"","format":"standard","meta":{"footnotes":""},"categories":[1],"tags":[],"class_list":["post-2788","post","type-post","status-publish","format-standard","has-post-thumbnail","hentry","category-egyeb","wpcat-1-id"],"_links":{"self":[{"href":"https:\/\/online-filmkatarzis.com\/kucko\/hirek\/wp-json\/wp\/v2\/posts\/2788","targetHints":{"allow":["GET"]}}],"collection":[{"href":"https:\/\/online-filmkatarzis.com\/kucko\/hirek\/wp-json\/wp\/v2\/posts"}],"about":[{"href":"https:\/\/online-filmkatarzis.com\/kucko\/hirek\/wp-json\/wp\/v2\/types\/post"}],"author":[{"embeddable":true,"href":"https:\/\/online-filmkatarzis.com\/kucko\/hirek\/wp-json\/wp\/v2\/users\/1"}],"replies":[{"embeddable":true,"href":"https:\/\/online-filmkatarzis.com\/kucko\/hirek\/wp-json\/wp\/v2\/comments?post=2788"}],"version-history":[{"count":1,"href":"https:\/\/online-filmkatarzis.com\/kucko\/hirek\/wp-json\/wp\/v2\/posts\/2788\/revisions"}],"predecessor-version":[{"id":2790,"href":"https:\/\/online-filmkatarzis.com\/kucko\/hirek\/wp-json\/wp\/v2\/posts\/2788\/revisions\/2790"}],"wp:featuredmedia":[{"embeddable":true,"href":"https:\/\/online-filmkatarzis.com\/kucko\/hirek\/wp-json\/wp\/v2\/media\/2789"}],"wp:attachment":[{"href":"https:\/\/online-filmkatarzis.com\/kucko\/hirek\/wp-json\/wp\/v2\/media?parent=2788"}],"wp:term":[{"taxonomy":"category","embeddable":true,"href":"https:\/\/online-filmkatarzis.com\/kucko\/hirek\/wp-json\/wp\/v2\/categories?post=2788"},{"taxonomy":"post_tag","embeddable":true,"href":"https:\/\/online-filmkatarzis.com\/kucko\/hirek\/wp-json\/wp\/v2\/tags?post=2788"}],"curies":[{"name":"wp","href":"https:\/\/api.w.org\/{rel}","templated":true}]}}