{"id":2791,"date":"2025-06-26T17:01:29","date_gmt":"2025-06-26T15:01:29","guid":{"rendered":"https:\/\/online-filmkatarzis.com\/kucko\/hirek\/?p=2791"},"modified":"2025-06-26T17:01:29","modified_gmt":"2025-06-26T15:01:29","slug":"nyugdijasok-alatt-esett-ossze","status":"publish","type":"post","link":"https:\/\/online-filmkatarzis.com\/kucko\/hirek\/nyugdijasok-alatt-esett-ossze\/","title":{"rendered":"Nyugd\u00edjasok alatt esett \u00f6ssze"},"content":{"rendered":"<h3>A fel\/\u00e9tel viharos sebess\u00e9ggel terjed, rengetegen l\u00e1tt\u00e1k \u00e9s oszt\/tt\u00e1k meg. A vi\/e\u00f3 eljutott \u00e1ll\/tv\u00e9d\u0151 szer\/ezetekhez is, akik szeretn\u00e9k felel\u0151ss\u00e9gre vonni azt a c\u00e9get. Nyilv\u00e1n ez egy el\u0151re szervezett rendezv\u00e9ny volt, a rendez\u0151k nem tudhatt\u00e1k pontosan milyen h\u0151m\u00e9rs\u00e9klet is lesz! MUTATJUK A R\u00c9SZLETEKET!<\/h3>\n<h3><span style=\"color: #ff0000;\"><strong>A h\u00edr nem \u00e9rt v\u00e9get! Folytat\u00e1shoz haszn\u00e1ld a K\u00d6VETKEZ\u0150 OLDAL gombot!<\/strong><\/span><\/h3>\n<h3 style=\"text-align: right;\"><a href=\"https:\/\/online-filmkatarzis.com\/kucko\/napiinfok\/?p=2810\" target=\"_blank\" rel=\"noopener\"><span style=\"color: #ff0000;\">&#8212;&gt;&gt; K\u00d6VETKEZ\u0150 OLDAL<\/span><\/a><\/h3>\n<p>&#8211;<\/p>\n<p>Az elektromos aut\u00f3kn\u00e1l nem felt\u00e9tlen\u00fcl a nyers teljes\u00edtm\u00e9ny a legfontosabb, sokkal ink\u00e1bb az, hogy mennyire kellemes, k\u00f6nny\u0171 \u00e9s kisz\u00e1m\u00edthat\u00f3 a vezet\u00e9si \u00e9lm\u00e9ny. Ebben a tekintetben a Kia ism\u00e9t hozza a megszokott sz\u00ednvonalat. K\u00fcl\u00f6n\u00f6sen az energia-visszanyer\u0151 f\u00e9kez\u00e9s, vagyis a regenerat\u00edv f\u00e9kez\u00e9s ter\u00e9n mutat kiemelked\u0151 tud\u00e1st, ahol a legt\u00f6bb gy\u00e1rt\u00f3 csup\u00e1n alacsony \u00e9s magas fokozatok k\u00f6z\u00fcl engedi v\u00e1lasztani a sof\u0151rt, m\u00edg a Kia teljes szabads\u00e1got ad ebben. A korm\u00e1ny m\u00f6g\u00f6tti v\u00e1lt\u00f3f\u00fclekkel a vezet\u0151 pontosan be\u00e1ll\u00edthatja, milyen er\u0151ss\u00e9ggel szeretn\u00e9, hogy a j\u00e1rm\u0171 lass\u00edtson, amikor leveszi a l\u00e1b\u00e1t a g\u00e1zr\u00f3l.<\/p>\n<p>Alapvet\u0151en h\u00e1rom k\u00fcl\u00f6nb\u00f6z\u0151 regenerat\u00edv szint k\u00f6z\u00fcl lehet v\u00e1lasztani, de enn\u00e9l is tov\u00e1bb megy az aut\u00f3: ha a bal oldali v\u00e1lt\u00f3f\u00fclet hosszabban h\u00fazzuk, akkor bekapcsolhatjuk az \u00fagynevezett \u201eegy ped\u00e1los\u201d vezet\u00e9st, amely lehet\u0151v\u00e9 teszi, hogy gyakorlatilag csak a g\u00e1zped\u00e1lt haszn\u00e1ljuk \u2013 a f\u00e9kped\u00e1l szinte feleslegess\u00e9 v\u00e1lik, hiszen a visszat\u00e1pl\u00e1l\u00e1s lass\u00edtja az aut\u00f3t, amikor elvessz\u00fck a g\u00e1zt. R\u00e1ad\u00e1sul m\u00e9g ebben az \u00fczemm\u00f3dban is szab\u00e1lyozhat\u00f3 a lass\u00edt\u00e1s er\u0151ss\u00e9ge. A jobb oldali v\u00e1lt\u00f3f\u00fcl hossz\u00fa nyomva tart\u00e1s\u00e1val pedig egy adapt\u00edv \u00fczemm\u00f3dot kapcsolhatunk be, amely az aktu\u00e1lis forgalmi \u00e9s vezet\u00e9si helyzethez igaz\u00edtja a regenerat\u00edv f\u00e9kez\u00e9s intenzit\u00e1s\u00e1t. Minden \u00fczemm\u00f3d kellemesen fokozatos \u00e9s j\u00f3l kisz\u00e1m\u00edthat\u00f3, \u00edgy a sof\u0151r mindig pontosan \u00e9rezheti, mi t\u00f6rt\u00e9nik az aut\u00f3val.<\/p>\n<p>Amikor viszont a f\u00e9kped\u00e1lt kell haszn\u00e1lni, p\u00e9ld\u00e1ul er\u0151teljesebb lass\u00edt\u00e1skor vagy v\u00e9szf\u00e9kez\u00e9sn\u00e9l, az EV3 ugyan\u00fagy meg\u0151rzi a k\u00f6nnyed, term\u00e9szetes vezethet\u0151s\u00e9get. A f\u00e9kped\u00e1l fels\u0151 szakasza kiss\u00e9 puha, de k\u00f6nnyen adagolhat\u00f3, \u00edgy nem ig\u00e9nyel megszok\u00e1st. V\u00e9szf\u00e9kez\u00e9s eset\u00e9n is meggy\u0151z\u0151en teljes\u00edt: sz\u00e1raz \u00faton p\u00e9ld\u00e1ul 1,5 m\u00e9terrel hamarabb \u00e1llt meg 70 m\u00e9rf\u00f6ld\/\u00f3r\u00e1s sebess\u00e9gr\u0151l, mint a Renault Scenic, ami el\u00e9g komoly k\u00fcl\u00f6nbs\u00e9g. M\u00e9g ink\u00e1bb leny\u0171g\u00f6z\u0151 a nedves f\u00e9kteljes\u00edtm\u00e9ny, ahol 50,5 m\u00e9ter alatt \u00e1llt meg ugyanebb\u0151l a sebess\u00e9gb\u0151l \u2013 ez k\u00f6r\u00fclbel\u00fcl 10 m\u00e9terrel jobb eredm\u00e9ny, mint amit az \u00e1tlagos tesztelt aut\u00f3k produk\u00e1lnak.<\/p>\n","protected":false},"excerpt":{"rendered":"<p>A fel\/\u00e9tel viharos sebess\u00e9ggel terjed, rengetegen l\u00e1tt\u00e1k \u00e9s oszt\/tt\u00e1k meg. A vi\/e\u00f3 eljutott \u00e1ll\/tv\u00e9d\u0151 szer\/ezetekhez is, akik szeretn\u00e9k felel\u0151ss\u00e9gre vonni&#8230; <span class=\"gridview-grid-post-read-more\"><a href=\"https:\/\/online-filmkatarzis.com\/kucko\/hirek\/nyugdijasok-alatt-esett-ossze\/\">read more<span class=\"gridview-sr-only\"> Nyugd\u00edjasok alatt esett \u00f6ssze<\/span><\/a><\/span><\/p>\n","protected":false},"author":1,"featured_media":2792,"comment_status":"open","ping_status":"open","sticky":false,"template":"","format":"standard","meta":{"footnotes":""},"categories":[1],"tags":[],"class_list":["post-2791","post","type-post","status-publish","format-standard","has-post-thumbnail","hentry","category-egyeb","wpcat-1-id"],"_links":{"self":[{"href":"https:\/\/online-filmkatarzis.com\/kucko\/hirek\/wp-json\/wp\/v2\/posts\/2791","targetHints":{"allow":["GET"]}}],"collection":[{"href":"https:\/\/online-filmkatarzis.com\/kucko\/hirek\/wp-json\/wp\/v2\/posts"}],"about":[{"href":"https:\/\/online-filmkatarzis.com\/kucko\/hirek\/wp-json\/wp\/v2\/types\/post"}],"author":[{"embeddable":true,"href":"https:\/\/online-filmkatarzis.com\/kucko\/hirek\/wp-json\/wp\/v2\/users\/1"}],"replies":[{"embeddable":true,"href":"https:\/\/online-filmkatarzis.com\/kucko\/hirek\/wp-json\/wp\/v2\/comments?post=2791"}],"version-history":[{"count":1,"href":"https:\/\/online-filmkatarzis.com\/kucko\/hirek\/wp-json\/wp\/v2\/posts\/2791\/revisions"}],"predecessor-version":[{"id":2793,"href":"https:\/\/online-filmkatarzis.com\/kucko\/hirek\/wp-json\/wp\/v2\/posts\/2791\/revisions\/2793"}],"wp:featuredmedia":[{"embeddable":true,"href":"https:\/\/online-filmkatarzis.com\/kucko\/hirek\/wp-json\/wp\/v2\/media\/2792"}],"wp:attachment":[{"href":"https:\/\/online-filmkatarzis.com\/kucko\/hirek\/wp-json\/wp\/v2\/media?parent=2791"}],"wp:term":[{"taxonomy":"category","embeddable":true,"href":"https:\/\/online-filmkatarzis.com\/kucko\/hirek\/wp-json\/wp\/v2\/categories?post=2791"},{"taxonomy":"post_tag","embeddable":true,"href":"https:\/\/online-filmkatarzis.com\/kucko\/hirek\/wp-json\/wp\/v2\/tags?post=2791"}],"curies":[{"name":"wp","href":"https:\/\/api.w.org\/{rel}","templated":true}]}}