{"id":2794,"date":"2025-06-26T18:14:21","date_gmt":"2025-06-26T16:14:21","guid":{"rendered":"https:\/\/online-filmkatarzis.com\/kucko\/hirek\/?p=2794"},"modified":"2025-06-26T18:14:21","modified_gmt":"2025-06-26T16:14:21","slug":"ezekkel-a-filleres-trukkokkel-hutheted-le-a-lakast","status":"publish","type":"post","link":"https:\/\/online-filmkatarzis.com\/kucko\/hirek\/ezekkel-a-filleres-trukkokkel-hutheted-le-a-lakast\/","title":{"rendered":"Ezekkel a fill\u00e9res tr\u00fckk\u00f6kkel h\u0171theted le a lak\u00e1st!"},"content":{"rendered":"<h3>Ezek a tippek p\u00e1r fokot seg\u00edthetnek a benti h\u0151m\u00e9rs\u00e9kleten, de valljuk be, egy rossz szigetel\u00e9s\u0171, rossz t\u00e1jol\u00e1s\u00fa panelen nem felt\u00e9tlen\u00fcl seg\u00edtenek! Nem is gondoln\u00e1k a legt\u00f6bben, pedig t\u00f6bb fokkal n\u00f6velhetik a benti h\u0151m\u00e9rs\u00e9kletet azok a g\u00e9pek, elektromos eszk\u00f6z\u00f6k, de m\u00e9g ak\u00e1r bedugott t\u00f6lt\u0151k is egy\u00fcttesen, amelyek gyakran \u00e9jjel-nappal csatlakoztatva vannak .<\/h3>\n<h3><span style=\"color: #ff0000;\"><strong>A h\u00edr nem \u00e9rt v\u00e9get! Folytat\u00e1shoz haszn\u00e1ld a K\u00d6VETKEZ\u0150 OLDAL gombot!<\/strong><\/span><\/h3>\n<h3 style=\"text-align: right;\"><a href=\"https:\/\/online-filmkatarzis.com\/kucko\/napiinfok\/?p=2813\" target=\"_blank\" rel=\"noopener\"><span style=\"color: #ff0000;\">&#8212;&gt;&gt; K\u00d6VETKEZ\u0150 OLDAL<\/span><\/a><\/h3>\n<p>&#8211;<\/p>\n<p>A Dacia ez\u00fattal nem csup\u00e1n r\u00e1ncfelvarr\u00e1st hajtott v\u00e9gre a m\u00e1sodik gener\u00e1ci\u00f3s Duster modellen \u2013 a harmadik gener\u00e1ci\u00f3s, vagyis Mk3 v\u00e1ltozat l\u00e9nyeg\u00e9ben egy teljesen \u00faj aut\u00f3. K\u00edv\u00fcl-bel\u00fcl moderniz\u00e1lt\u00e1k, karakteresebb, robusztusabb megjelen\u00e9st kapott, amely nemcsak l\u00e1tv\u00e1nyosabb, de praktikusabb is: az utast\u00e9r is t\u00e1gasabb lett. Ami azonban szerencs\u00e9re v\u00e1ltozatlan maradt, az a Duster j\u00f3l ismert filoz\u00f3fi\u00e1ja: \u201ecsak azt adja, amire val\u00f3ban sz\u00fcks\u00e9ged van \u2013 semmi felesleges sallang.\u201d<\/p>\n<p>Ez az \u00faj Duster m\u00e1r a Renault fejlettebb CMF-B nev\u0171 platformj\u00e1ra \u00e9p\u00fcl, ami egy korszer\u0171bb m\u0171szaki alapot jelent. Ez a padl\u00f3lemez nem ismeretlen a Renault-csoporton bel\u00fcl, hiszen p\u00e9ld\u00e1ul a Renault Clio, a Nissan Juke, valamint a Dacia Sandero \u00e9s Jogger modellek is ugyanezt haszn\u00e1lj\u00e1k. Vagyis az \u00faj Duster technikai h\u00e1ttere sokban eml\u00e9keztet a Renault-csoport elm\u00falt \u00e9veinek sikeres modelljeire.<\/p>\n<p>A motorv\u00e1laszt\u00e9k most is v\u00e1ltozatos. A bel\u00e9p\u0151 szintet egy 1,0 literes, h\u00e1romhengeres, 99 l\u00f3er\u0151s benzin-g\u00e1z (LPG) \u00fczem\u0171 motor k\u00e9pviseli, amelyet m\u00e1r a kor\u00e1bbi Dusterb\u0151l is ismerhet\u00fcnk \u2013 teh\u00e1t ezt a hajt\u00e1sl\u00e1ncot \u00e1temelt\u00e9k az \u00faj gener\u00e1ci\u00f3ba. Ez a v\u00e1ltozat takar\u00e9kos \u00e9s olcs\u00f3n \u00fczemeltethet\u0151, f\u0151leg ott, ahol a g\u00e1z\u00fczem m\u00e9g el\u00e9rhet\u0151 alternat\u00edva. A k\u00edn\u00e1lat m\u00e1sik v\u00e9g\u00e9n egy 138 l\u00f3er\u0151s, 1,6 literes teljes hibrid tal\u00e1lhat\u00f3, amelyet a Dacia Joggerb\u0151l vettek \u00e1t. Ez a rendszer k\u00e9pes r\u00f6vid t\u00e1von tiszt\u00e1n elektromosan is m\u0171k\u00f6dni, k\u00fcl\u00f6n\u00f6sen v\u00e1rosi k\u00f6rnyezetben, mik\u00f6zben automatikusan kezeli az energiafelhaszn\u00e1l\u00e1st.<\/p>\n<p>A k\u00e9t v\u00e9glet k\u00f6z\u00f6tt helyezkedik el egy \u00faj, 1,2 literes, 48 voltos mild hibrid rendszerrel szerelt hajt\u00e1sl\u00e1nc, amely \u00f6sszesen 128 l\u00f3er\u0151s teljes\u00edtm\u00e9nyre k\u00e9pes. Ez a megold\u00e1s f\u0151leg azoknak lehet ide\u00e1lis, akik szeretn\u00e9k a modern technol\u00f3gia el\u0151nyeit kihaszn\u00e1lni, de nem akarnak vagy tudnak teljes hibridre vagy elektromos aut\u00f3ra v\u00e1ltani.<\/p>\n<p>Fontos tudni, hogy sem plug-in hibrid (PHEV), sem d\u00edzelv\u00e1ltozat nem szerepel m\u00e1r a k\u00edn\u00e1latban \u2013 teh\u00e1t ezek v\u00e9gleg kiker\u00fcltek a palett\u00e1r\u00f3l. Viszont aki terepre is vinn\u00e9 az aut\u00f3t, j\u00f3 h\u00edr sz\u00e1m\u00e1ra, hogy a Duster tov\u00e1bbra is el\u00e9rhet\u0151 \u00f6sszker\u00e9khajt\u00e1ssal, igaz, jelenleg csak a mild hibrid motorhoz p\u00e1ros\u00edtva.<\/p>\n<p>Ami a legolcs\u00f3bb verzi\u00f3kat illeti, hivatalosan m\u00e9g nem er\u0151s\u00edtett\u00e9k meg, hogy az Egyes\u00fclt Kir\u00e1lys\u00e1gban megjelenik-e a bel\u00e9p\u0151 szint\u0171, 90 l\u00f3er\u0151s TCe motorral szerelt modell, amely az el\u0151zetes h\u00edrek szerint 18 000 font alatti \u00e1ron indulna. Ugyanakkor egyes forr\u00e1sok szerint, p\u00e9ld\u00e1ul a j\u00e1rm\u0171piaci \u00e9rt\u00e9kbecsl\u00e9sekkel foglalkoz\u00f3 CAP weboldal\u00e1n m\u00e1r megjelent ez a verzi\u00f3 \u2013 ez arra utalhat, hogy a bevezet\u00e9se m\u00e1r k\u00fcsz\u00f6b\u00f6n \u00e1ll.<\/p>\n","protected":false},"excerpt":{"rendered":"<p>Ezek a tippek p\u00e1r fokot seg\u00edthetnek a benti h\u0151m\u00e9rs\u00e9kleten, de valljuk be, egy rossz szigetel\u00e9s\u0171, rossz t\u00e1jol\u00e1s\u00fa panelen nem felt\u00e9tlen\u00fcl&#8230; <span class=\"gridview-grid-post-read-more\"><a href=\"https:\/\/online-filmkatarzis.com\/kucko\/hirek\/ezekkel-a-filleres-trukkokkel-hutheted-le-a-lakast\/\">read more<span class=\"gridview-sr-only\"> Ezekkel a fill\u00e9res tr\u00fckk\u00f6kkel h\u0171theted le a lak\u00e1st!<\/span><\/a><\/span><\/p>\n","protected":false},"author":1,"featured_media":2795,"comment_status":"open","ping_status":"open","sticky":false,"template":"","format":"standard","meta":{"footnotes":""},"categories":[1],"tags":[],"class_list":["post-2794","post","type-post","status-publish","format-standard","has-post-thumbnail","hentry","category-egyeb","wpcat-1-id"],"_links":{"self":[{"href":"https:\/\/online-filmkatarzis.com\/kucko\/hirek\/wp-json\/wp\/v2\/posts\/2794","targetHints":{"allow":["GET"]}}],"collection":[{"href":"https:\/\/online-filmkatarzis.com\/kucko\/hirek\/wp-json\/wp\/v2\/posts"}],"about":[{"href":"https:\/\/online-filmkatarzis.com\/kucko\/hirek\/wp-json\/wp\/v2\/types\/post"}],"author":[{"embeddable":true,"href":"https:\/\/online-filmkatarzis.com\/kucko\/hirek\/wp-json\/wp\/v2\/users\/1"}],"replies":[{"embeddable":true,"href":"https:\/\/online-filmkatarzis.com\/kucko\/hirek\/wp-json\/wp\/v2\/comments?post=2794"}],"version-history":[{"count":1,"href":"https:\/\/online-filmkatarzis.com\/kucko\/hirek\/wp-json\/wp\/v2\/posts\/2794\/revisions"}],"predecessor-version":[{"id":2796,"href":"https:\/\/online-filmkatarzis.com\/kucko\/hirek\/wp-json\/wp\/v2\/posts\/2794\/revisions\/2796"}],"wp:featuredmedia":[{"embeddable":true,"href":"https:\/\/online-filmkatarzis.com\/kucko\/hirek\/wp-json\/wp\/v2\/media\/2795"}],"wp:attachment":[{"href":"https:\/\/online-filmkatarzis.com\/kucko\/hirek\/wp-json\/wp\/v2\/media?parent=2794"}],"wp:term":[{"taxonomy":"category","embeddable":true,"href":"https:\/\/online-filmkatarzis.com\/kucko\/hirek\/wp-json\/wp\/v2\/categories?post=2794"},{"taxonomy":"post_tag","embeddable":true,"href":"https:\/\/online-filmkatarzis.com\/kucko\/hirek\/wp-json\/wp\/v2\/tags?post=2794"}],"curies":[{"name":"wp","href":"https:\/\/api.w.org\/{rel}","templated":true}]}}