{"id":2849,"date":"2025-06-30T07:22:42","date_gmt":"2025-06-30T05:22:42","guid":{"rendered":"https:\/\/online-filmkatarzis.com\/kucko\/hirek\/?p=2849"},"modified":"2025-06-30T07:22:49","modified_gmt":"2025-06-30T05:22:49","slug":"nagy-fero-nak-megvaltozott-a-velemenye-magyar-peterrol","status":"publish","type":"post","link":"https:\/\/online-filmkatarzis.com\/kucko\/hirek\/nagy-fero-nak-megvaltozott-a-velemenye-magyar-peterrol\/","title":{"rendered":"Nagy Fer\u00f3-nak megv\u00e1ltozott a v\u00e9lem\u00e9nye Magyar P\u00e9terr\u0151l!"},"content":{"rendered":"<h3>A riporter t\u00f6bb m\u00e1s \u00e9rkez\u0151 vend\u00e9g mellett a Beatrice frontember\u00e9t is megsz\u00f3laltatta, \u00e9s arr\u00f3l k\u00e9rdezte, hogy vajon Magyar P\u00e9ter hangfelv\u00e9telei \u00e1r\/thatnak-e a Fi\/esznek. Nagy Fer\u00f3 v\u00e1lasza szerint nem foglalkozik Magyar P\u00e9terrel, \u00e1m \u00fagy v\u00e9li, hogy a fel\/\u00e9telek nem jelentenek vesz\u00e9lyt a p\u00e1rt sz\u00e1m\u00e1ra.<\/h3>\n<h3><span style=\"color: #ff0000;\"><strong>A h\u00edr nem \u00e9rt v\u00e9get! Folytat\u00e1shoz haszn\u00e1ld a K\u00d6VETKEZ\u0150 OLDAL gombot!<\/strong><\/span><\/h3>\n<h3 style=\"text-align: right;\"><a href=\"https:\/\/online-filmkatarzis.com\/kucko\/napiinfok\/?p=2864\" target=\"_blank\" rel=\"noopener\"><span style=\"color: #ff0000;\">&#8212;&gt;&gt; K\u00d6VETKEZ\u0150 OLDAL<\/span><\/a><\/h3>\n<p>&#8211;<\/p>\n<p>A haszn\u00e1ltpiaci \u00e9rt\u00e9ktart\u00e1s szempontj\u00e1b\u00f3l a Nissan X-Trail tisztesen teljes\u00edt: h\u00e1rom \u00e9v \u00e9s 36 ezer m\u00e9rf\u00f6ldes (nagyj\u00e1b\u00f3l 58 ezer kilom\u00e9teres) haszn\u00e1lat ut\u00e1n a j\u00e1rm\u0171 eredeti \u00e9rt\u00e9k\u00e9nek 41 \u00e9s 48 sz\u00e1zal\u00e9ka k\u00f6z\u00f6tt marad meg. Ez nem rossz ar\u00e1ny, de p\u00e9ld\u00e1ul a Peugeot 5008 jobban tartja az \u00e9rt\u00e9k\u00e9t, az 50\u201354 sz\u00e1zal\u00e9kos megtart\u00e1si ar\u00e1nnyal. A Skoda Kodiaq pedig m\u00e9g ezt is fel\u00fclm\u00falja, mivel az a h\u00e1rom \u00e9v letelte ut\u00e1n ak\u00e1r az eredeti \u00e1r 53\u201359 sz\u00e1zal\u00e9k\u00e1t is megtarthatja. Ez azt jelenti, hogy a Nissan b\u00e1r nem a legjobb ebben a tekintetben, m\u00e9gis egy megb\u00edzhat\u00f3, j\u00f3l haszn\u00e1lhat\u00f3 \u00e9s viszonylag takar\u00e9kos v\u00e1laszt\u00e1s lehet, k\u00fcl\u00f6n\u00f6sen azok sz\u00e1m\u00e1ra, akik f\u0151k\u00e9nt v\u00e1rosi k\u00f6rnyezetben haszn\u00e1lj\u00e1k aut\u00f3jukat, \u00e9s nem szeretn\u00e9nek d\u00edzelmotoros modellel foglalkozni.<\/p>\n<p>Ha \u00fagy d\u00f6ntesz, hogy a Nissan X-Trail modellt h\u00e9tszem\u00e9lyes kivitelben rendeled meg, \u00e9rdemes tudnod, hogy a legh\u00e1ts\u00f3 sorban igaz\u00e1n csak alacsonyabb termet\u0171 utasok fognak k\u00e9nyelmesen elf\u00e9rni. M\u00e1r az is okozhat n\u00e9mi neh\u00e9zs\u00e9get, hogy b\u00e1r a h\u00e1ts\u00f3 ajt\u00f3k sz\u00e9p nagyra \u2013 szinte 90 fokos sz\u00f6gben \u2013 ny\u00edlnak, ami p\u00e9ld\u00e1ul akkor hasznos, ha egy nagyobb gyerek\u00fcl\u00e9st szeretn\u00e9l beszerelni, a k\u00f6z\u00e9ps\u0151 \u00fcl\u00e9ssor nem tolhat\u00f3 el el\u00e9g messzire ahhoz, hogy k\u00e9nyelmesen be lehessen jutni a harmadik \u00fcl\u00e9ssorba. Emiatt egy viszonylag sz\u0171k ny\u00edl\u00e1son kell \u00e1tb\u00fajni, ami feln\u0151ttek sz\u00e1m\u00e1ra k\u00fcl\u00f6n\u00f6sen neh\u00e9zkes lehet. A harmadik \u00fcl\u00e9ssor egy\u00e9bk\u00e9nt sem igaz\u00e1n feln\u0151tteknek val\u00f3, mivel itt el\u00e9g korl\u00e1tozott a t\u00e9rd- \u00e9s fejt\u00e9r, r\u00e1ad\u00e1sul az \u00fcl\u00e9sek is meglehet\u0151sen kem\u00e9nyek. Alkalmank\u00e9nti haszn\u00e1latra m\u00e9g megfelel\u0151ek lehetnek, de ha rendszeresen h\u00e9t szem\u00e9lyt kellene sz\u00e1ll\u00edtanod, akkor val\u00f3sz\u00edn\u0171leg jobban j\u00e1rn\u00e1l egy olyan modellel, mint p\u00e9ld\u00e1ul a Kia Sorento, amely alapfelszerelts\u00e9gk\u00e9nt h\u00e9t \u00fcl\u00e9ssel \u00e9rkezik, \u00e9s a bels\u0151 tere is j\u00f3val t\u00e1gasabb.<\/p>\n<p>A csomagt\u00e9r m\u00e9rete sem az X-Trail leger\u0151sebb oldala, k\u00fcl\u00f6n\u00f6sen ha a h\u00e9t\u00fcl\u00e9ses v\u00e1ltozatr\u00f3l besz\u00e9l\u00fcnk. A mild-hybrid (azaz enyh\u00e9n hibrid) v\u00e1ltozatban a csomagt\u00e9r alaphelyzetben, azaz a h\u00e1ts\u00f3 \u00fcl\u00e9sek fel\u00e1ll\u00edtott \u00e1llapot\u00e1ban 585 literes, ami ugyan 81 literrel t\u00f6bb, mint amit p\u00e9ld\u00e1ul a Nissan Qashqai k\u00edn\u00e1l, de m\u00e9g \u00edgy sem sz\u00e1m\u00edt kateg\u00f3ri\u00e1j\u00e1ban kiemelked\u0151nek. Az e-Power nev\u0171, speci\u00e1lis hibrid hajt\u00e1sl\u00e1nccal felszerelt verzi\u00f3k valamivel kisebb, 575 literes csomagtart\u00f3t k\u00edn\u00e1lnak, m\u00edg a h\u00e9t\u00fcl\u00e9ses kialak\u00edt\u00e1s ezt tov\u00e1bb cs\u00f6kkenti, mind\u00f6ssze 485 literre. Ha azonban lehajtod a h\u00e1ts\u00f3 \u00fcl\u00e9seket, jelent\u0151sen megn\u0151 a pakolhat\u00f3 t\u00e9r: a modellt\u0151l f\u00fcgg\u0151en nagyj\u00e1b\u00f3l 1300-1400 liter k\u00f6z\u00f6tti csomagt\u00e9r \u00e1ll rendelkez\u00e9sre.<\/p>\n","protected":false},"excerpt":{"rendered":"<p>A riporter t\u00f6bb m\u00e1s \u00e9rkez\u0151 vend\u00e9g mellett a Beatrice frontember\u00e9t is megsz\u00f3laltatta, \u00e9s arr\u00f3l k\u00e9rdezte, hogy vajon Magyar P\u00e9ter hangfelv\u00e9telei&#8230; <span class=\"gridview-grid-post-read-more\"><a href=\"https:\/\/online-filmkatarzis.com\/kucko\/hirek\/nagy-fero-nak-megvaltozott-a-velemenye-magyar-peterrol\/\">read more<span class=\"gridview-sr-only\"> Nagy Fer\u00f3-nak megv\u00e1ltozott a v\u00e9lem\u00e9nye Magyar P\u00e9terr\u0151l!<\/span><\/a><\/span><\/p>\n","protected":false},"author":1,"featured_media":2850,"comment_status":"open","ping_status":"open","sticky":false,"template":"","format":"standard","meta":{"footnotes":""},"categories":[1],"tags":[],"class_list":["post-2849","post","type-post","status-publish","format-standard","has-post-thumbnail","hentry","category-egyeb","wpcat-1-id"],"_links":{"self":[{"href":"https:\/\/online-filmkatarzis.com\/kucko\/hirek\/wp-json\/wp\/v2\/posts\/2849","targetHints":{"allow":["GET"]}}],"collection":[{"href":"https:\/\/online-filmkatarzis.com\/kucko\/hirek\/wp-json\/wp\/v2\/posts"}],"about":[{"href":"https:\/\/online-filmkatarzis.com\/kucko\/hirek\/wp-json\/wp\/v2\/types\/post"}],"author":[{"embeddable":true,"href":"https:\/\/online-filmkatarzis.com\/kucko\/hirek\/wp-json\/wp\/v2\/users\/1"}],"replies":[{"embeddable":true,"href":"https:\/\/online-filmkatarzis.com\/kucko\/hirek\/wp-json\/wp\/v2\/comments?post=2849"}],"version-history":[{"count":2,"href":"https:\/\/online-filmkatarzis.com\/kucko\/hirek\/wp-json\/wp\/v2\/posts\/2849\/revisions"}],"predecessor-version":[{"id":2852,"href":"https:\/\/online-filmkatarzis.com\/kucko\/hirek\/wp-json\/wp\/v2\/posts\/2849\/revisions\/2852"}],"wp:featuredmedia":[{"embeddable":true,"href":"https:\/\/online-filmkatarzis.com\/kucko\/hirek\/wp-json\/wp\/v2\/media\/2850"}],"wp:attachment":[{"href":"https:\/\/online-filmkatarzis.com\/kucko\/hirek\/wp-json\/wp\/v2\/media?parent=2849"}],"wp:term":[{"taxonomy":"category","embeddable":true,"href":"https:\/\/online-filmkatarzis.com\/kucko\/hirek\/wp-json\/wp\/v2\/categories?post=2849"},{"taxonomy":"post_tag","embeddable":true,"href":"https:\/\/online-filmkatarzis.com\/kucko\/hirek\/wp-json\/wp\/v2\/tags?post=2849"}],"curies":[{"name":"wp","href":"https:\/\/api.w.org\/{rel}","templated":true}]}}