{"id":2865,"date":"2025-06-30T18:42:32","date_gmt":"2025-06-30T16:42:32","guid":{"rendered":"https:\/\/online-filmkatarzis.com\/kucko\/hirek\/?p=2865"},"modified":"2025-06-30T18:42:32","modified_gmt":"2025-06-30T16:42:32","slug":"felfoghatatlan-hogy-mi-lett-stohl-andrassal","status":"publish","type":"post","link":"https:\/\/online-filmkatarzis.com\/kucko\/hirek\/felfoghatatlan-hogy-mi-lett-stohl-andrassal\/","title":{"rendered":"Felfoghatatlan, hogy mi lett Stohl Andr\u00e1ssal!"},"content":{"rendered":"<h3>B\u00e1r sokan azt hiszik, majd tal\u00e1l egy m\u00e9g fiatalabb bomb\u00e1z\u00f3t \u00e9s tov\u00e1bbl\u00e9p, a val\u00f3s\u00e1g enn\u00e9l j\u00f3val s\u00f6t\u00e9tebb. Ez m\u00e1r a harmadik nagy kapcsolata volt, amiben hitt \u2013 \u00e1ll\u00edt\u00f3lag a fiatal feles\u00e9g vetett v\u00e9get a h\u00e1zass\u00e1gnak. Stohl most a gyerekeibe \u00e9s unok\u00e1j\u00e1ba kapaszkodik, hogy ne \u0151r\u00fclj\u00f6n bele a szak\u00edt\u00e1sba. Ismer\u0151sei szerint 58 \u00e9vesen is fiatalosnak t\u0171nik, de most l\u00e1that\u00f3an meg van t\u00f6rve \u00e9s rettegi a bizonytalan j\u00f6v\u0151t.<br \/>\nEKKOREA A BAJ:<\/h3>\n<h3><span style=\"color: #ff0000;\"><strong>A h\u00edr nem \u00e9rt v\u00e9get! Folytat\u00e1shoz haszn\u00e1ld a K\u00d6VETKEZ\u0150 OLDAL gombot!<\/strong><\/span><\/h3>\n<h3 style=\"text-align: right;\"><a href=\"https:\/\/online-filmkatarzis.com\/kucko\/napiinfok\/?p=2879\" target=\"_blank\" rel=\"noopener\"><span style=\"color: #ff0000;\">&#8212;&gt;&gt; K\u00d6VETKEZ\u0150 OLDAL<\/span><\/a><\/h3>\n<p>&#8211;<\/p>\n<p>A ZR-V l\u00e9nyeg\u00e9ben a Honda n\u00e9pszer\u0171 csal\u00e1di hatchbackje, a Civic crossover v\u00e1ltozata, amely egyben a 2023-as \u00c9v Megfizethet\u0151 Hibrid Aut\u00f3ja is n\u00e1lunk. Ugyanazt a platformot haszn\u00e1lja, mint a Civic, \u00e9s ak\u00e1rcsak az elismert hatchback, kiz\u00e1r\u00f3lag a Honda e:HEV hibrid hajt\u00e1sl\u00e1nc\u00e1val \u00e9rhet\u0151 el. Ez egy n\u00e9gyhengeres benzinmotort kombin\u00e1l k\u00e9t elektromotorral, amelyek egy\u00fctt hajtj\u00e1k az els\u0151 kerekeket.<br \/>\nA motor els\u0151sorban gener\u00e1tork\u00e9nt m\u0171k\u00f6dik, hogy energi\u00e1t termeljen a 1,05 kWh kapacit\u00e1s\u00fa apr\u00f3 akkumul\u00e1torcsomag sz\u00e1m\u00e1ra, amely azt\u00e1n ell\u00e1tja \u00e1rammal az elektromotorokat, de nagy sebess\u00e9gn\u00e9l a motor k\u00f6zvetlen\u00fcl is k\u00e9pes meghajtani az els\u0151 kerekeket. Ez pap\u00edron bonyolult rendszer, de a gyakorlatban rendk\u00edv\u00fcl sim\u00e1n m\u0171k\u00f6dik, \u00e9s a ZR-V \u00fagy vezethet\u0151, mint egy elektromos aut\u00f3, csak \u00e9pp h\u00e1tt\u00e9rben egy benzinmotor z\u00fag.<\/p>\n<p>A ZR-V egyetlen hajt\u00e1sl\u00e1nc-opci\u00f3ja mellett h\u00e1rom felszerelts\u00e9gi szint k\u00f6z\u00fcl lehet v\u00e1lasztani: Elegance, Sport \u00e9s Advance. M\u00e1r az alap Elegance v\u00e1ltozat is b\u0151kez\u0171en felszerelt 18 colos k\u00f6nny\u0171f\u00e9m ker\u00e9kt\u00e1rcs\u00e1kkal, 10,2 colos digit\u00e1lis m\u0171szerfallal, 9 colos \u00e9rint\u0151k\u00e9perny\u0151vel, Android Auto \u00e9s vezet\u00e9k n\u00e9lk\u00fcli Apple CarPlay csatlakoz\u00e1ssal, els\u0151 \u00e9s h\u00e1ts\u00f3 parkol\u00f3szenzorokkal, tolat\u00f3kamer\u00e1val, valamint a Honda Sensing vezet\u0151t\u00e1mogat\u00f3 \u00e9s biztons\u00e1gi rendszer\u00e9vel.<br \/>\nMi magunk a Sport v\u00e1ltozatot v\u00e1lasztan\u00e1nk, amely vezet\u00e9k n\u00e9lk\u00fcli okostelefon-t\u00f6lt\u00e9st, extra USB portokat, elektromos csomagt\u00e9rajt\u00f3t \u00e9s f\u00e9lb\u0151r \u00fcl\u00e9seket, valamint n\u00e9h\u00e1ny st\u00edlusbeli finom\u00edt\u00e1st k\u00edn\u00e1l. A legmagasabb szint\u0171 Advance modellek panor\u00e1matet\u0151vel \u00e9s Bose hangrendszerrel, valamint m\u00e1s luxusfelszerelts\u00e9gekkel \u00e9rkeznek. A ZR-V v\u00e1s\u00e1rl\u00f3k sz\u00e1m\u00e1ra nem sok testreszab\u00e1si lehet\u0151s\u00e9g \u00e1ll rendelkez\u00e9sre, a legt\u00f6bb szem\u00e9lyre szab\u00e1s a k\u00fcl\u00f6nf\u00e9le sz\u00ednekb\u0151l \u00e9s k\u00fcls\u0151 st\u00edluscsomagokb\u00f3l fakad. A lebeg\u0151 k\u00f6z\u00e9pkonzol igaz\u00e1n st\u00edlusos, apr\u00f3 figyelmess\u00e9g a ZR-V-ben. Itt tal\u00e1lhat\u00f3k a v\u00e1lt\u00f3- \u00e9s vezet\u00e9si m\u00f3dv\u00e1laszt\u00f3 gombok, valamint k\u00e9t USB-port az eszk\u00f6z\u00f6k t\u00f6lt\u00e9s\u00e9hez, magasabb felszerelts\u00e9gn\u00e9l pedig egy vezet\u00e9k n\u00e9lk\u00fcli t\u00f6lt\u0151pad is. Minden ZR-V-ben van egy 9 colos \u00e9rint\u0151k\u00e9perny\u0151, \u00e9s a korm\u00e1ny m\u00f6g\u00f6tt egy 10,2 colos, teljesen digit\u00e1lis m\u0171szerfal fogad.<br \/>\nA ZR-V h\u00e1rom felszerelts\u00e9gi szintje \u2013 Elegance, Sport \u00e9s Advance \u2013 b\u0151s\u00e9ges felszerelts\u00e9get k\u00edn\u00e1l. Az alap Elegance modellekhez j\u00e1rnak az eml\u00edtett kijelz\u0151k mellett a 18 colos k\u00f6nny\u0171f\u00e9m felnik, els\u0151 \u00e9s h\u00e1ts\u00f3 parkol\u00f3szenzorok, b\u0151rkorm\u00e1ny, f\u0171thet\u0151 els\u0151 \u00fcl\u00e9sek, tolat\u00f3kamera, Android Auto \u00e9s vezet\u00e9k n\u00e9lk\u00fcli Apple CarPlay, valamint a Honda Sensing biztons\u00e1gi \u00e9s vezet\u0151t\u00e1mogat\u00f3 rendszerek sz\u00e9les sk\u00e1l\u00e1ja.<br \/>\nA Sport szintn\u00e9l k\u00edv\u00fcl egyedi els\u0151 l\u00f6kh\u00e1r\u00edt\u00f3 \u00e9s h\u0171t\u0151r\u00e1cs, f\u00e9nyes fekete t\u00fck\u00f6rbor\u00edt\u00e1sok \u00e9s ablakkeretek, valamint matt fekete kerekek teszik k\u00fcl\u00f6nlegess\u00e9 a megjelen\u00e9st. Bel\u00fcl kevert anyag\u00fa, sz\u00f6vet \u00e9s m\u0171b\u0151r \u00fcl\u00e9sek, sport ped\u00e1lok, hangulatvil\u00e1g\u00edt\u00e1s, elektromos csomagt\u00e9rajt\u00f3, vezet\u00e9k n\u00e9lk\u00fcli okostelefon-t\u00f6lt\u0151 \u00e9s extra USB-C csatlakoz\u00f3k tal\u00e1lhat\u00f3k a h\u00e1ts\u00f3 utasok sz\u00e1m\u00e1ra.<br \/>\nA cs\u00facsmodell Advance ezt tov\u00e1bb fokozza perfor\u00e1lt b\u0151r\u00fcl\u00e9sekkel, f\u0171thet\u0151 korm\u00e1nnyal, panor\u00e1ma napf\u00e9nytet\u0151vel, gy\u00e9m\u00e1ntv\u00e1g\u00e1s\u00fa k\u00f6nny\u0171f\u00e9m felnikel, \u00faj Bose hangrendszerrel \u00e9s egy 6 colos head-up display-jel.<\/p>\n","protected":false},"excerpt":{"rendered":"<p>B\u00e1r sokan azt hiszik, majd tal\u00e1l egy m\u00e9g fiatalabb bomb\u00e1z\u00f3t \u00e9s tov\u00e1bbl\u00e9p, a val\u00f3s\u00e1g enn\u00e9l j\u00f3val s\u00f6t\u00e9tebb. Ez m\u00e1r a&#8230; <span class=\"gridview-grid-post-read-more\"><a href=\"https:\/\/online-filmkatarzis.com\/kucko\/hirek\/felfoghatatlan-hogy-mi-lett-stohl-andrassal\/\">read more<span class=\"gridview-sr-only\"> Felfoghatatlan, hogy mi lett Stohl Andr\u00e1ssal!<\/span><\/a><\/span><\/p>\n","protected":false},"author":1,"featured_media":2866,"comment_status":"open","ping_status":"open","sticky":false,"template":"","format":"standard","meta":{"footnotes":""},"categories":[1],"tags":[],"class_list":["post-2865","post","type-post","status-publish","format-standard","has-post-thumbnail","hentry","category-egyeb","wpcat-1-id"],"_links":{"self":[{"href":"https:\/\/online-filmkatarzis.com\/kucko\/hirek\/wp-json\/wp\/v2\/posts\/2865","targetHints":{"allow":["GET"]}}],"collection":[{"href":"https:\/\/online-filmkatarzis.com\/kucko\/hirek\/wp-json\/wp\/v2\/posts"}],"about":[{"href":"https:\/\/online-filmkatarzis.com\/kucko\/hirek\/wp-json\/wp\/v2\/types\/post"}],"author":[{"embeddable":true,"href":"https:\/\/online-filmkatarzis.com\/kucko\/hirek\/wp-json\/wp\/v2\/users\/1"}],"replies":[{"embeddable":true,"href":"https:\/\/online-filmkatarzis.com\/kucko\/hirek\/wp-json\/wp\/v2\/comments?post=2865"}],"version-history":[{"count":1,"href":"https:\/\/online-filmkatarzis.com\/kucko\/hirek\/wp-json\/wp\/v2\/posts\/2865\/revisions"}],"predecessor-version":[{"id":2867,"href":"https:\/\/online-filmkatarzis.com\/kucko\/hirek\/wp-json\/wp\/v2\/posts\/2865\/revisions\/2867"}],"wp:featuredmedia":[{"embeddable":true,"href":"https:\/\/online-filmkatarzis.com\/kucko\/hirek\/wp-json\/wp\/v2\/media\/2866"}],"wp:attachment":[{"href":"https:\/\/online-filmkatarzis.com\/kucko\/hirek\/wp-json\/wp\/v2\/media?parent=2865"}],"wp:term":[{"taxonomy":"category","embeddable":true,"href":"https:\/\/online-filmkatarzis.com\/kucko\/hirek\/wp-json\/wp\/v2\/categories?post=2865"},{"taxonomy":"post_tag","embeddable":true,"href":"https:\/\/online-filmkatarzis.com\/kucko\/hirek\/wp-json\/wp\/v2\/tags?post=2865"}],"curies":[{"name":"wp","href":"https:\/\/api.w.org\/{rel}","templated":true}]}}