{"id":2896,"date":"2025-07-02T14:07:02","date_gmt":"2025-07-02T12:07:02","guid":{"rendered":"https:\/\/online-filmkatarzis.com\/kucko\/hirek\/?p=2896"},"modified":"2025-07-02T14:07:02","modified_gmt":"2025-07-02T12:07:02","slug":"osszeomlott-schmuck-andor-szervezete","status":"publish","type":"post","link":"https:\/\/online-filmkatarzis.com\/kucko\/hirek\/osszeomlott-schmuck-andor-szervezete\/","title":{"rendered":"\u00d6sszeomlott Schmuck Andor szervezete!"},"content":{"rendered":"<h3>A diagn\u00f3zis ut\u00e1n Andor napokra elt\u0171nt a vil\u00e1gb\u00f3l \u2013 saj\u00e1t elmond\u00e1sa szerint a \u201ehal\u00e1lh\u00f6rg\u00e9s \u00e9s siralom\u201d hangulata uralkodott el rajta. Teljesen mag\u00e1ba zuhant, s egy h\u00e9tig \u00fagy \u00e9rezte, nincs tov\u00e1bb. M\u00e9gis, ahogy kor\u00e1bban oly sokszor, most is pr\u00f3b\u00e1l fel\u00e1llni. \u201eL\u00e1tom a f\u00e9nyt, csak m\u00e9g nem tudom, hogy j\u00f6n-e vele egy vonat\u201d \u2013 fogalmazott keser\u0171 ir\u00f3ni\u00e1val. Kezel\u00e9se tov\u00e1bbra is Magyarorsz\u00e1gon zajlik, \u00e9s augusztus elej\u00e9n \u00fajabb kulcsfontoss\u00e1g\u00fa vizsg\u00e1lat v\u00e1r r\u00e1 \u2013 tal\u00e1n ez hozza el a fordulatot. Addig k\u00fczd. Minden erej\u00e9vel.<br \/>\nA h\u00edr megr\u00e1zta a k\u00f6zv\u00e9lem\u00e9nyt:<\/h3>\n<h3><span style=\"color: #ff0000;\"><strong>A h\u00edr nem \u00e9rt v\u00e9get! Folytat\u00e1shoz haszn\u00e1ld a K\u00d6VETKEZ\u0150 OLDAL gombot!<\/strong><\/span><\/h3>\n<h3 style=\"text-align: right;\"><a href=\"https:\/\/online-filmkatarzis.com\/kucko\/napiinfok\/?p=2911\" target=\"_blank\" rel=\"noopener\"><span style=\"color: #ff0000;\">&#8212;&gt;&gt; K\u00d6VETKEZ\u0150 OLDAL<\/span><\/a><\/h3>\n<p>&#8211;<\/p>\n<p>A fronthajt\u00e1s\u00fa DS 4 k\u00e9tf\u00e9le motorral \u00e9rhet\u0151 el: a PureTech 130 benzines \u00e9s a BlueHDi 130 d\u00edzel er\u0151forr\u00e1sok egyar\u00e1nt 129 l\u00f3er\u0151t adnak le. A v\u00e1s\u00e1rl\u00f3k sz\u00e1m\u00e1ra nem el\u00e9rhet\u0151 a k\u00e9zi v\u00e1lt\u00f3, csak a nyolcfokozat\u00fa automata sebess\u00e9gv\u00e1lt\u00f3 k\u00edn\u00e1lkozik.<br \/>\nK\u00fcl\u00f6n\u00f6sen a c\u00e9ges aut\u00f3haszn\u00e1l\u00f3k sz\u00e1m\u00e1ra lehet vonz\u00f3bb a DS 4 E-Tense modell, amely egy hat\u00e9konyabb plug-in hibrid rendszerrel rendelkezik. Ennek 1,6 literes benzines motorja \u00e9s elektromos motorja egy\u00fcttesen 222 l\u00f3er\u0151t produk\u00e1l, \u00e9s ak\u00e1r 38,5 m\u00e9rf\u00f6ldet is meg tud tenni tiszt\u00e1n elektromos hajt\u00e1ssal.<br \/>\nA DS 4 n\u00e9gy felszerelts\u00e9gi szintben kaphat\u00f3: Performance Line+, Rivoli, Espirit De Voyage \u00e9s Opera. Ha nem ragaszkodsz a legjobb extr\u00e1khoz, a bel\u00e9p\u0151 Performance Line+ is b\u0151s\u00e9ges alapfelszerelts\u00e9get k\u00edn\u00e1l, p\u00e9ld\u00e1ul 19 colos k\u00f6nny\u0171f\u00e9m ker\u00e9kt\u00e1rcs\u00e1kat, hangszigetelt \u00fcveget, kulcsn\u00e9lk\u00fcli nyit\u00e1st \u00e9s ind\u00edt\u00e1st, m\u0171b\u0151r\/Alcantara k\u00e1rpitoz\u00e1st, tolat\u00f3kamer\u00e1t, adapt\u00edv tempomatot, hangulatvil\u00e1g\u00edt\u00e1st, 7 colos digit\u00e1lis m\u0171szerfalat, head-up kijelz\u0151t \u00e9s 10 colos k\u00f6zponti \u00e9rint\u0151k\u00e9perny\u0151t, valamint Apple CarPlay \u00e9s Android Auto t\u00e1mogat\u00e1st.<\/p>\n<p>A DS egy id\u0151ben k\u00edn\u00e1lt egy 4&#215;4-es st\u00edlus\u00fa DS 4 Cross modellt is, de ezt m\u00e1r kivett\u00e9k az \u00e1rlist\u00e1r\u00f3l. Ez a v\u00e1ltozat nem ny\u00fajtott val\u00f3di terepk\u00e9pess\u00e9get, ink\u00e1bb csak eszt\u00e9tikai extr\u00e1kat, mint p\u00e9ld\u00e1ul egyedi jelv\u00e9nyeket, fekete tet\u0151rudakat \u00e9s plusz v\u00e9d\u0151elemeket.<br \/>\nA DS a Stellantis aut\u00f3m\u00e1rkacsoport tagja, \u00edgy a DS 4 m\u0171szaki alapjai k\u00f6z\u00f6sek a Citroen C5 X, a Peugeot 308 \u00e9s a leg\u00fajabb Vauxhall Astra modellekkel. A PureTech 130 benzines \u00e9s a BlueHDi 130 d\u00edzel motorok a csoport sz\u00e9les k\u00f6r\u00e9ben elterjedtek, megb\u00edzhat\u00f3nak \u00e9s strapab\u00edr\u00f3nak bizonyultak, b\u00e1r ebben a modellben egy kicsit kev\u00e9snek t\u0171nhet az erej\u00fck.<br \/>\nA francia kompakt aut\u00f3 a kiv\u00e1l\u00f3 komfort\u00e9rzetre helyezi a hangs\u00falyt, \u00edgy a teljes\u00edtm\u00e9ny hi\u00e1nya nem jelent igazi probl\u00e9m\u00e1t, mik\u00f6zben a viszonylag magas forgat\u00f3nyomat\u00e9k \u2013 k\u00fcl\u00f6n\u00f6sen a d\u00edzel v\u00e1ltozat eset\u00e9ben \u2013 k\u00f6nny\u0171 \u00e9s k\u00e9nyelmes halad\u00e1st tesz lehet\u0151v\u00e9, valamint magabiztoss\u00e1got ad el\u0151z\u00e9skor nagyobb sebess\u00e9gn\u00e9l.<br \/>\nPlug-in hibridk\u00e9nt az E-Tense 225 modell \u00e9rhet\u0151 el. Ez a fronthajt\u00e1s\u00fa PHEV 1,6 literes, turb\u00f3s benzines motorral \u00e9s elektromos motorral dolgozik, \u00f6sszesen 222 l\u00f3er\u0151t leadva. A 12,4 kWh-s akkumul\u00e1tor\u00e1val 38,5 m\u00e9rf\u00f6ldes tiszt\u00e1n elektromos hat\u00f3t\u00e1vot k\u00edn\u00e1l, \u00e9s e-m\u00f3dban leny\u0171g\u00f6z\u0151, 83 m\u00e9rf\u00f6ld\/\u00f3r\u00e1s v\u00e9gsebess\u00e9gre k\u00e9pes, \u00edgy sok utaz\u00e1st megtehetsz an\u00e9lk\u00fcl, hogy a bels\u0151 \u00e9g\u00e9s\u0171 motor beindulna.<\/p>\n","protected":false},"excerpt":{"rendered":"<p>A diagn\u00f3zis ut\u00e1n Andor napokra elt\u0171nt a vil\u00e1gb\u00f3l \u2013 saj\u00e1t elmond\u00e1sa szerint a \u201ehal\u00e1lh\u00f6rg\u00e9s \u00e9s siralom\u201d hangulata uralkodott el rajta&#8230;. <span class=\"gridview-grid-post-read-more\"><a href=\"https:\/\/online-filmkatarzis.com\/kucko\/hirek\/osszeomlott-schmuck-andor-szervezete\/\">read more<span class=\"gridview-sr-only\"> \u00d6sszeomlott Schmuck Andor szervezete!<\/span><\/a><\/span><\/p>\n","protected":false},"author":1,"featured_media":2897,"comment_status":"open","ping_status":"open","sticky":false,"template":"","format":"standard","meta":{"footnotes":""},"categories":[1],"tags":[],"class_list":["post-2896","post","type-post","status-publish","format-standard","has-post-thumbnail","hentry","category-egyeb","wpcat-1-id"],"_links":{"self":[{"href":"https:\/\/online-filmkatarzis.com\/kucko\/hirek\/wp-json\/wp\/v2\/posts\/2896","targetHints":{"allow":["GET"]}}],"collection":[{"href":"https:\/\/online-filmkatarzis.com\/kucko\/hirek\/wp-json\/wp\/v2\/posts"}],"about":[{"href":"https:\/\/online-filmkatarzis.com\/kucko\/hirek\/wp-json\/wp\/v2\/types\/post"}],"author":[{"embeddable":true,"href":"https:\/\/online-filmkatarzis.com\/kucko\/hirek\/wp-json\/wp\/v2\/users\/1"}],"replies":[{"embeddable":true,"href":"https:\/\/online-filmkatarzis.com\/kucko\/hirek\/wp-json\/wp\/v2\/comments?post=2896"}],"version-history":[{"count":1,"href":"https:\/\/online-filmkatarzis.com\/kucko\/hirek\/wp-json\/wp\/v2\/posts\/2896\/revisions"}],"predecessor-version":[{"id":2898,"href":"https:\/\/online-filmkatarzis.com\/kucko\/hirek\/wp-json\/wp\/v2\/posts\/2896\/revisions\/2898"}],"wp:featuredmedia":[{"embeddable":true,"href":"https:\/\/online-filmkatarzis.com\/kucko\/hirek\/wp-json\/wp\/v2\/media\/2897"}],"wp:attachment":[{"href":"https:\/\/online-filmkatarzis.com\/kucko\/hirek\/wp-json\/wp\/v2\/media?parent=2896"}],"wp:term":[{"taxonomy":"category","embeddable":true,"href":"https:\/\/online-filmkatarzis.com\/kucko\/hirek\/wp-json\/wp\/v2\/categories?post=2896"},{"taxonomy":"post_tag","embeddable":true,"href":"https:\/\/online-filmkatarzis.com\/kucko\/hirek\/wp-json\/wp\/v2\/tags?post=2896"}],"curies":[{"name":"wp","href":"https:\/\/api.w.org\/{rel}","templated":true}]}}