{"id":2930,"date":"2025-07-04T18:59:33","date_gmt":"2025-07-04T16:59:33","guid":{"rendered":"https:\/\/online-filmkatarzis.com\/kucko\/hirek\/?p=2930"},"modified":"2025-07-04T18:59:33","modified_gmt":"2025-07-04T16:59:33","slug":"elrendeltek-a-nyomozast-karacsony-gergely-ugyeben","status":"publish","type":"post","link":"https:\/\/online-filmkatarzis.com\/kucko\/hirek\/elrendeltek-a-nyomozast-karacsony-gergely-ugyeben\/","title":{"rendered":"Elrendelt\u00e9k a nyomoz\u00e1st Kar\u00e1csony Gergely \u00fcgy\u00e9ben"},"content":{"rendered":"<h3>A 2025-\u00f6s Budapest P\/ide rendezv\u00e9nyt j\u00fanius 28-\u00e1n tartott\u00e1k meg, annak ellen\u00e9re, hogy a rendezv\u00e9nyt a b\u00edr\u00f3s\u00e1g joger\u0151sen bet\/lto\/ta. A gy\u00fcle\/ez\u00e9si jogr\u00f3l sz\u00f3l\u00f3 t\u00f6rv\u00e9ny \u00e9rtelm\u00e9ben, ha egy rendezv\u00e9nyt joger\u0151sen betiltanak, annak megszervez\u00e9se vagy azon val\u00f3 r\u00e9szv\u00e9telre t\u00f6rt\u00e9n\u0151 felh\u00edv\u00e1s v\u00e9ts\u00e9gnek sz\u00e1m\u00edt, amely ak\u00e1r egy \u00e9vig terjed\u0151 szabads\u00e1gveszt\u00e9ssel is b\u00fcntethet\u0151.<\/h3>\n<h3><span style=\"color: #ff0000;\"><strong>A h\u00edr nem \u00e9rt v\u00e9get! Folytat\u00e1shoz haszn\u00e1ld a K\u00d6VETKEZ\u0150 OLDAL gombot!<\/strong><\/span><\/h3>\n<h3 style=\"text-align: right;\"><a href=\"https:\/\/online-filmkatarzis.com\/kucko\/napiinfok\/?p=2943\" target=\"_blank\" rel=\"noopener\"><span style=\"color: #ff0000;\">&#8212;&gt;&gt; K\u00d6VETKEZ\u0150 OLDAL<\/span><\/a><\/h3>\n<p>&#8211;<\/p>\n<p>Ami a t\u00f6lt\u00e9st illeti, az E-Doblo t\u00e1mogatja a gyorst\u00f6lt\u00e9st is. Egy 100 kW-os egyen\u00e1ram\u00fa t\u00f6lt\u0151 seg\u00edts\u00e9g\u00e9vel az akkumul\u00e1tor null\u00e1r\u00f3l 80 sz\u00e1zal\u00e9kra mind\u00f6ssze 30 perc alatt felt\u00f6lthet\u0151. A legt\u00f6bb v\u00e1llalkoz\u00e1s azonban jellemz\u0151en nem \u00edgy t\u00f6lti a j\u00e1rm\u0171vet, hanem az \u00e9jszakai \u00e1ll\u00e1sid\u0151 alatt, egy fali t\u00f6lt\u0151 seg\u00edts\u00e9g\u00e9vel. Egy h\u00e1romf\u00e1zis\u00fa, 11 kW-os AC fali t\u00f6lt\u0151vel k\u00f6r\u00fclbel\u00fcl \u00f6t \u00f3ra sz\u00fcks\u00e9ges a teljes felt\u00f6lt\u00e9shez, m\u00edg egy egyszer\u0171bb, 3,6 kW-os t\u00f6lt\u0151 eset\u00e9n ugyanez ak\u00e1r 15 \u00f3r\u00e1t is ig\u00e9nybe vehet.<\/p>\n<p>Szerencs\u00e9re, legyen sz\u00f3 d\u00edzelmotoros vagy tiszt\u00e1n elektromos E-Dobl\u00f3r\u00f3l, ak\u00e1r az L1, L2, ak\u00e1r a Crew Van (k\u00e9t\u00fcl\u00e9ses h\u00e1ts\u00f3 sorral rendelkez\u0151) v\u00e1ltozatr\u00f3l, a bels\u0151 t\u00e9r m\u00e9rete minden esetben megegyezik, \u00edgy nem kell kompromisszumot k\u00f6tni a hasznos rakt\u00e9r kapcs\u00e1n. Az L2-es modell, f\u0151k\u00e9nt a rakom\u00e1ny-\u00e1tvezet\u0151 v\u00e1laszfal opci\u00f3val, rendelkezik a legnagyobb rakt\u00e9rrel: 4,4 k\u00f6bm\u00e9ter \u00e1ll rendelkez\u00e9sre. Az L1-es v\u00e1ltozat 3,8 k\u00f6bm\u00e9teres kapacit\u00e1st ny\u00fajt. A Crew Van eset\u00e9n, ahol a h\u00e1ts\u00f3 \u00fcl\u00e9sek is helyet kapnak, a rakt\u00e9r m\u00e9rete 1,8 k\u00f6bm\u00e9terre cs\u00f6kken, am\u00edg az \u00fcl\u00e9sek haszn\u00e1latban vannak. Ha azonban az \u00fcl\u00e9seket lehajtj\u00e1k vagy el\u0151retolj\u00e1k, a rakt\u00e9r m\u00e9rete 3,5 k\u00f6bm\u00e9terre n\u0151, ami m\u00e1r j\u00f3val praktikusabb lehet\u0151s\u00e9g.<\/p>\n<p>Az E-Doblo egy rendk\u00edv\u00fcl sokoldal\u00fa, k\u00f6rnyezetbar\u00e1t \u00e9s gazdas\u00e1gos v\u00e1laszt\u00e1s, legyen sz\u00f3 v\u00e1rosi \u00e1rusz\u00e1ll\u00edt\u00e1sr\u00f3l, kisz\u00e1ll\u00edt\u00e1sokr\u00f3l, vagy ak\u00e1r hosszabb utakr\u00f3l \u2013 felt\u00e9ve, hogy figyel\u00fcnk a vezet\u00e9si m\u00f3dra \u00e9s a t\u00f6lt\u00e9sre.<\/p>\n<p>A Fiat Doblo teherb\u00edr\u00e1sa v\u00e1ltoz\u00f3 a k\u00fcl\u00f6nb\u00f6z\u0151 v\u00e1ltozatok szerint. Az alapfelszerelts\u00e9g\u0171 d\u00edzelmodell k\u00f6r\u00fclbel\u00fcl 980 kg-os hasznos teherb\u00edr\u00e1st k\u00edn\u00e1l, m\u00edg az elektromos hajt\u00e1s\u00fa L2 Crew Van E-Doblo eset\u00e9ben ez az \u00e9rt\u00e9k 642 kg-ra cs\u00f6kken. B\u00e1r a legut\u00f3bbi modellfriss\u00edt\u00e9s sor\u00e1n a teherb\u00edr\u00e1s kiss\u00e9 visszaesett, ezek az adatok m\u00e9g mindig versenyk\u00e9pesek a kateg\u00f3ria legjobbjaival \u00f6sszehasonl\u00edtva. Ugyanakkor az elektromos v\u00e1ltozat h\u00e1tr\u00e1nyban van a vontat\u00e1si k\u00e9pess\u00e9g tekintet\u00e9ben: m\u00edg az E-Doblo maximum 750 kg-os ut\u00e1nfut\u00f3t k\u00e9pes h\u00fazni, addig a hagyom\u00e1nyos d\u00edzelv\u00e1ltozat ak\u00e1r 1.050 kg-ot is elb\u00edr. \u00c9rdemes megeml\u00edteni, hogy a riv\u00e1lis Nissan Townstar EV m\u00e9g enn\u00e9l is t\u00f6bbre k\u00e9pes, ak\u00e1r 1.500 kg-os f\u00e9kezett ut\u00e1nfut\u00f3 vontat\u00e1s\u00e1ra is alkalmas.<\/p>\n<p>A Doblo praktikus fel\u00e9p\u00edt\u00e9s\u00e9nek k\u00f6sz\u00f6nhet\u0151en a rakod\u00e1s is egyszer\u0171. A h\u00e1ts\u00f3 rakt\u00e9r perem\u00e9nek magass\u00e1ga 547 mm \u00e9s 569 mm k\u00f6z\u00f6tt v\u00e1ltozik, ami alacsonynak sz\u00e1m\u00edt, \u00edgy megk\u00f6nny\u00edti a be- \u00e9s kirakod\u00e1st. A h\u00e1ts\u00f3 ker\u00e9kj\u00e1ratok k\u00f6z\u00f6tti sz\u00e9less\u00e9g 1.229 mm, ami lehet\u0151v\u00e9 teszi, hogy k\u00e9t Europaletta is elf\u00e9rjen egym\u00e1s mellett a rakt\u00e9rben. A h\u00e1ts\u00f3 ajt\u00f3 ny\u00edl\u00e1sa 1.241 mm sz\u00e9les \u00e9s 1.196 mm magas, m\u00edg az oldals\u00f3 tol\u00f3ajt\u00f3 641 mm sz\u00e9les \u00e9s 1.072 mm magas ny\u00edl\u00e1st k\u00edn\u00e1l, ami k\u00e9nyelmes hozz\u00e1f\u00e9r\u00e9st biztos\u00edt oldalr\u00f3l is.<\/p>\n","protected":false},"excerpt":{"rendered":"<p>A 2025-\u00f6s Budapest P\/ide rendezv\u00e9nyt j\u00fanius 28-\u00e1n tartott\u00e1k meg, annak ellen\u00e9re, hogy a rendezv\u00e9nyt a b\u00edr\u00f3s\u00e1g joger\u0151sen bet\/lto\/ta. A gy\u00fcle\/ez\u00e9si&#8230; <span class=\"gridview-grid-post-read-more\"><a href=\"https:\/\/online-filmkatarzis.com\/kucko\/hirek\/elrendeltek-a-nyomozast-karacsony-gergely-ugyeben\/\">read more<span class=\"gridview-sr-only\"> Elrendelt\u00e9k a nyomoz\u00e1st Kar\u00e1csony Gergely \u00fcgy\u00e9ben<\/span><\/a><\/span><\/p>\n","protected":false},"author":1,"featured_media":2931,"comment_status":"open","ping_status":"open","sticky":false,"template":"","format":"standard","meta":{"footnotes":""},"categories":[1],"tags":[],"class_list":["post-2930","post","type-post","status-publish","format-standard","has-post-thumbnail","hentry","category-egyeb","wpcat-1-id"],"_links":{"self":[{"href":"https:\/\/online-filmkatarzis.com\/kucko\/hirek\/wp-json\/wp\/v2\/posts\/2930","targetHints":{"allow":["GET"]}}],"collection":[{"href":"https:\/\/online-filmkatarzis.com\/kucko\/hirek\/wp-json\/wp\/v2\/posts"}],"about":[{"href":"https:\/\/online-filmkatarzis.com\/kucko\/hirek\/wp-json\/wp\/v2\/types\/post"}],"author":[{"embeddable":true,"href":"https:\/\/online-filmkatarzis.com\/kucko\/hirek\/wp-json\/wp\/v2\/users\/1"}],"replies":[{"embeddable":true,"href":"https:\/\/online-filmkatarzis.com\/kucko\/hirek\/wp-json\/wp\/v2\/comments?post=2930"}],"version-history":[{"count":2,"href":"https:\/\/online-filmkatarzis.com\/kucko\/hirek\/wp-json\/wp\/v2\/posts\/2930\/revisions"}],"predecessor-version":[{"id":2935,"href":"https:\/\/online-filmkatarzis.com\/kucko\/hirek\/wp-json\/wp\/v2\/posts\/2930\/revisions\/2935"}],"wp:featuredmedia":[{"embeddable":true,"href":"https:\/\/online-filmkatarzis.com\/kucko\/hirek\/wp-json\/wp\/v2\/media\/2931"}],"wp:attachment":[{"href":"https:\/\/online-filmkatarzis.com\/kucko\/hirek\/wp-json\/wp\/v2\/media?parent=2930"}],"wp:term":[{"taxonomy":"category","embeddable":true,"href":"https:\/\/online-filmkatarzis.com\/kucko\/hirek\/wp-json\/wp\/v2\/categories?post=2930"},{"taxonomy":"post_tag","embeddable":true,"href":"https:\/\/online-filmkatarzis.com\/kucko\/hirek\/wp-json\/wp\/v2\/tags?post=2930"}],"curies":[{"name":"wp","href":"https:\/\/api.w.org\/{rel}","templated":true}]}}