{"id":2942,"date":"2025-07-05T17:02:12","date_gmt":"2025-07-05T15:02:12","guid":{"rendered":"https:\/\/online-filmkatarzis.com\/kucko\/hirek\/?p=2942"},"modified":"2025-07-05T17:02:12","modified_gmt":"2025-07-05T15:02:12","slug":"varatlan-bejelentest-tett-a-tisza-part-lemondott-a-vezeto","status":"publish","type":"post","link":"https:\/\/online-filmkatarzis.com\/kucko\/hirek\/varatlan-bejelentest-tett-a-tisza-part-lemondott-a-vezeto\/","title":{"rendered":"V\u00e1ratlan bejelent\u00e9st tett a Tisza p\u00e1rt: Lemondott a vezet\u0151!"},"content":{"rendered":"<h3>Szentkir\u00e1lyi nem hagyta ennyiben, \u00e9s r\u00f6gt\u00f6n t\u00e1mad\u00e1sba lend\u00fclt a k\u00f6z\u00f6ss\u00e9gi m\u00e9di\u00e1ban. Szerinte nem holmi csal\u00e1di ok \u00e1ll a h\u00e1tt\u00e9rben, hanem Magyar P\u00e9ter agr\/ssz\u00edv vezet\u00e9si st\u00edlusa \u00fcld\u00f6zte el Ordast. Szentkir\u00e1lyi azt \u00e1ll\u00edtja, a TISZA eln\u00f6ke pszlchol\u00f3giai nyom\u00e1s alatt tartja a k\u00e9pvisel\u0151it, parancsokat osztogat, alp\u00e1ri m\u00f3don min\u0151s\u00edtget \u00e9s f\/leml\u00edt \u2013 Szentkir\u00e1lyi posztja egyenesen od\u00e1ig ment, hogy szerinte Ordas ink\u00e1bb f\u00e9lre\u00e1llt, mert nem b\u00edrta tov\u00e1bb elviselni a bels\u0151 t\/rrort, majd az eg\u00e9szet egy mar\u00f3 g\u00fanyol\u00f3d\u00e1ssal z\u00e1rta le: szerinte a TISZA P\u00e1rt \u201eapad\u201d, \u00e9s \u201ea fej\u00e9t\u0151l b\u0171zlik a hal\u201d.<br \/>\nID\u0150K\u00d6ZBEN MEG\u00c9RKEZETT A V\u00c1LASZ IS A TISZ\u00c1T\u00d3L:<\/h3>\n<h3><span style=\"color: #ff0000;\"><strong>A h\u00edr nem \u00e9rt v\u00e9get! Folytat\u00e1shoz haszn\u00e1ld a K\u00d6VETKEZ\u0150 OLDAL gombot!<\/strong><\/span><\/h3>\n<h3 style=\"text-align: right;\"><a href=\"https:\/\/online-filmkatarzis.com\/kucko\/napiinfok\/?p=2954\" target=\"_blank\" rel=\"noopener\"><span style=\"color: #ff0000;\">&#8212;&gt;&gt; K\u00d6VETKEZ\u0150 OLDAL<\/span><\/a><\/h3>\n<p>&#8211;<\/p>\n<p>Az Infiniti ugyanazt a h\u00e9tfokozat\u00fa automata v\u00e1lt\u00f3t haszn\u00e1lja, mint a Mercedes GLA, de itt mind\u00f6ssze h\u00e1rom \u00fczemm\u00f3d k\u00f6z\u00fcl lehet v\u00e1lasztani, szemben a Mercedes \u00f6t lehet\u0151s\u00e9g\u00e9vel. Az el\u00e9rhet\u0151 m\u00f3dok az Eco, a Sport \u00e9s a Manu\u00e1lis, ut\u00f3bbi pedig teljes ir\u00e1ny\u00edt\u00e1st ad a v\u00e1lt\u00f3 felett a korm\u00e1ny m\u00f6g\u00f6tti v\u00e1lt\u00f3f\u00fclek seg\u00edts\u00e9g\u00e9vel.<br \/>\nEco m\u00f3dban a g\u00e1zreakci\u00f3k tomp\u00e1k, hogy jav\u00edts\u00e1k a fogyaszt\u00e1st, m\u00edg a Sport be\u00e1ll\u00edt\u00e1s egyszer\u0171en csak tov\u00e1bb tartja a sebess\u00e9gfokozatokat, ahelyett hogy gyorsabb reakci\u00f3kat adna. Maga a v\u00e1lt\u00e1s alap m\u00f3dban sima, Sport m\u00f3dban kiss\u00e9 r\u00e1ngat\u00f3sabb, de sosem olyan durva, mint a Mercedes GLA eset\u00e9ben.<br \/>\nA QX30 l\u00e1gy karaktere tov\u00e1bb \u00e9rz\u0151dik abban is, ahogyan az aut\u00f3 alv\u00e1za kezeli az egyenetlen \u00fatfel\u00fcleteket. B\u00e1r a puha fut\u00f3m\u0171 \u00e9s az abroncsok eg\u00e9sz j\u00f3l elnyelik az \u00fathib\u00e1kat, az aut\u00f3 hajlamos ide-oda billegni. Ez f\u0151leg aut\u00f3p\u00e1ly\u00e1n haladva jelentkezik, amikor kiss\u00e9 lebeg\u0151 \u00e9rz\u00e9st kelt, mik\u00f6zben a k\u00f6nny\u0171 korm\u00e1nyz\u00e1s kev\u00e9s visszajelz\u00e9st ad. Ebben a tekintetben azonban nem rosszabb, mint a GLA, \u00e9s legal\u00e1bb k\u00e9nyelmes utaz\u00f3aut\u00f3nak mondhat\u00f3.<\/p>\n<p>A kanyarod\u00e1s k\u00f6zbeni oldald\u0151l\u00e9s viszonylag j\u00f3l kontroll\u00e1lt, de ism\u00e9t csak a puha felf\u00fcggeszt\u00e9s miatt el\u0151fordulhat, hogy az aut\u00f3 n\u00e9ha bizonytalanabb\u00e1 v\u00e1lik. Mindazon\u00e1ltal mindig biztons\u00e1gos \u00e9s kisz\u00e1m\u00edthat\u00f3 marad.<br \/>\nAmi a motorokat illeti, a norm\u00e1l Q30 ferdeh\u00e1t\u00fa v\u00e1ltozattal ellent\u00e9tben \u2013 amely k\u00fcl\u00f6nf\u00e9le turb\u00f3s, kisebb teljes\u00edtm\u00e9ny\u0171 d\u00edzelmotorokkal is el\u00e9rhet\u0151 \u2013 a QX30 csak egyetlen motorral k\u00e9sz\u00fcl: egy 2,2 literes, 168 l\u00f3er\u0151s d\u00edzellel. Ez az egyik legnagyobb h\u00e1tr\u00e1nya az Infiniti modellnek, \u00e9s m\u00e1r \u00f6nmag\u00e1ban is korl\u00e1tozza a csal\u00e1di aut\u00f3k\u00e9nt val\u00f3 vonzerej\u00e9t. A motor egy Mercedes-egys\u00e9g, amely r\u00e9g\u00f3ta jelen van a piacon, \u00edgy semmi meglep\u0151 nincs benne: zajos, nem t\u00fal kifinomult, \u00e9s az automata v\u00e1lt\u00f3val, valamint az \u00f6sszker\u00e9khajt\u00e1ssal a fogyaszt\u00e1s sem ide\u00e1lis.<br \/>\nA 4&#215;4-es hajt\u00e1ssal szerelt QX30 eset\u00e9ben a 4,9 literes kombin\u00e1lt fogyaszt\u00e1s (57,6 mpg) eg\u00e9szen j\u00f3nak mondhat\u00f3, de a hat\u00e9konyabb v\u00e1ltozatok hi\u00e1nya visszavetheti az elad\u00e1sokat. A t\u00f6bb mint 33 000 fontos \u00e1rc\u00e9dul\u00e1val a QX30 2.2d Premium Tech kifejezetten dr\u00e1ga, k\u00f6r\u00fclbel\u00fcl 2 000 fonttal t\u00f6bbe ker\u00fcl, mint az azonos felszerelts\u00e9g\u0171 Q30. \u00c9rdemes ink\u00e1bb a QX30 Premium v\u00e1ltozatot v\u00e1lasztani, \u00e9s zsebre tenni a k\u00f6zel 4 000 fontos k\u00fcl\u00f6nbs\u00e9get \u2013 a fontosabb extr\u00e1k \u00edgy is benne vannak.<br \/>\nA duplakuplungos automata v\u00e1lt\u00f3 \u00e9s az \u00f6sszker\u00e9khajt\u00e1s alapfelszerelts\u00e9gk\u00e9nt val\u00f3 jelenl\u00e9te rontja ugyan a fogyaszt\u00e1st, de az Infiniti \u00edgy is 57,6 mpg \u00e9rt\u00e9ket \u00e9s 128 g\/km-es CO2-kibocs\u00e1t\u00e1st ad meg, ami 110 fontos \u00e9ves k\u00f6z\u00fati ad\u00f3t jelent. Ugyanakkor a hasonl\u00f3an felszerelt BMW X1 \u00e9s Mercedes GLA is nagyj\u00e1b\u00f3l ugyanilyen \u00e9rt\u00e9keket produk\u00e1l.<br \/>\nA biztos\u00edt\u00e1si besorol\u00e1s szempontj\u00e1b\u00f3l a QX30 a 23-as csoportba esik. \u00d6sszehasonl\u00edt\u00e1sk\u00e9ppen: egy hasonl\u00f3 Audi Q3 a 24-es, m\u00edg a Mercedes GLA a 23-as kateg\u00f3ri\u00e1ba tartozik.<\/p>\n","protected":false},"excerpt":{"rendered":"<p>Szentkir\u00e1lyi nem hagyta ennyiben, \u00e9s r\u00f6gt\u00f6n t\u00e1mad\u00e1sba lend\u00fclt a k\u00f6z\u00f6ss\u00e9gi m\u00e9di\u00e1ban. Szerinte nem holmi csal\u00e1di ok \u00e1ll a h\u00e1tt\u00e9rben, hanem&#8230; <span class=\"gridview-grid-post-read-more\"><a href=\"https:\/\/online-filmkatarzis.com\/kucko\/hirek\/varatlan-bejelentest-tett-a-tisza-part-lemondott-a-vezeto\/\">read more<span class=\"gridview-sr-only\"> V\u00e1ratlan bejelent\u00e9st tett a Tisza p\u00e1rt: Lemondott a vezet\u0151!<\/span><\/a><\/span><\/p>\n","protected":false},"author":1,"featured_media":2943,"comment_status":"open","ping_status":"open","sticky":false,"template":"","format":"standard","meta":{"footnotes":""},"categories":[1],"tags":[],"class_list":["post-2942","post","type-post","status-publish","format-standard","has-post-thumbnail","hentry","category-egyeb","wpcat-1-id"],"_links":{"self":[{"href":"https:\/\/online-filmkatarzis.com\/kucko\/hirek\/wp-json\/wp\/v2\/posts\/2942","targetHints":{"allow":["GET"]}}],"collection":[{"href":"https:\/\/online-filmkatarzis.com\/kucko\/hirek\/wp-json\/wp\/v2\/posts"}],"about":[{"href":"https:\/\/online-filmkatarzis.com\/kucko\/hirek\/wp-json\/wp\/v2\/types\/post"}],"author":[{"embeddable":true,"href":"https:\/\/online-filmkatarzis.com\/kucko\/hirek\/wp-json\/wp\/v2\/users\/1"}],"replies":[{"embeddable":true,"href":"https:\/\/online-filmkatarzis.com\/kucko\/hirek\/wp-json\/wp\/v2\/comments?post=2942"}],"version-history":[{"count":1,"href":"https:\/\/online-filmkatarzis.com\/kucko\/hirek\/wp-json\/wp\/v2\/posts\/2942\/revisions"}],"predecessor-version":[{"id":2944,"href":"https:\/\/online-filmkatarzis.com\/kucko\/hirek\/wp-json\/wp\/v2\/posts\/2942\/revisions\/2944"}],"wp:featuredmedia":[{"embeddable":true,"href":"https:\/\/online-filmkatarzis.com\/kucko\/hirek\/wp-json\/wp\/v2\/media\/2943"}],"wp:attachment":[{"href":"https:\/\/online-filmkatarzis.com\/kucko\/hirek\/wp-json\/wp\/v2\/media?parent=2942"}],"wp:term":[{"taxonomy":"category","embeddable":true,"href":"https:\/\/online-filmkatarzis.com\/kucko\/hirek\/wp-json\/wp\/v2\/categories?post=2942"},{"taxonomy":"post_tag","embeddable":true,"href":"https:\/\/online-filmkatarzis.com\/kucko\/hirek\/wp-json\/wp\/v2\/tags?post=2942"}],"curies":[{"name":"wp","href":"https:\/\/api.w.org\/{rel}","templated":true}]}}