{"id":2969,"date":"2025-07-07T17:59:50","date_gmt":"2025-07-07T15:59:50","guid":{"rendered":"https:\/\/online-filmkatarzis.com\/kucko\/hirek\/?p=2969"},"modified":"2025-07-07T17:59:50","modified_gmt":"2025-07-07T15:59:50","slug":"balogh-edina-levagatta-a-hajat","status":"publish","type":"post","link":"https:\/\/online-filmkatarzis.com\/kucko\/hirek\/balogh-edina-levagatta-a-hajat\/","title":{"rendered":"Balogh Edina lev\u00e1gatta a haj\u00e1t"},"content":{"rendered":"<h3>A legut\u00f3bbi Instagram-bejegyz\u00e9s\u00e9ben azonban valami eg\u00e9szen \u00fajat mutatott: b\u00facs\u00fat intett hossz\u00fa, k\u00f6z\u00e9ph\u00e1tig \u00e9r\u0151 tincseinek, \u00e9s egy r\u00f6videbb, ny\u00e1rias frizur\u00e1ra v\u00e1ltott. Az \u00faj megjelen\u00e9s azonnal elnyerte sok k\u00f6\/et\u0151i tetsz\u00e9s\u00e9t de sokaknak pedig nem tetszik, a hozz\u00e1sz\u00f3l\u00e1sok \u00f6z\u00f6nlenek a poszt alatt.<\/h3>\n<h3><span style=\"color: #ff0000;\"><strong>A h\u00edr nem \u00e9rt v\u00e9get! Folytat\u00e1shoz haszn\u00e1ld a K\u00d6VETKEZ\u0150 OLDAL gombot!<\/strong><\/span><\/h3>\n<h3 style=\"text-align: right;\"><a href=\"https:\/\/online-filmkatarzis.com\/kucko\/napiinfok\/?p=2982\" target=\"_blank\" rel=\"noopener\"><span style=\"color: #ff0000;\">&#8212;&gt;&gt; K\u00d6VETKEZ\u0150 OLDAL<\/span><\/a><\/h3>\n<p>&#8211;<\/p>\n<p>Saj\u00e1t tesztek \u00e9s tapasztalatok alapj\u00e1n a RAV4 hibrid val\u00f3ban k\u00e9pes arra, hogy val\u00f3s k\u00f6r\u00fclm\u00e9nyek k\u00f6z\u00f6tt is 40 m\u00e9rf\u00f6ld\/gallon (vagyis kb. 5,9\u20137 liter\/100 km) k\u00f6r\u00fcli fogyaszt\u00e1ssal k\u00f6zlekedjen. Ennek nagy el\u0151nye, hogy az elektromos hajt\u00e1s m\u00e9g aut\u00f3p\u00e1lya-temp\u00f3n\u00e1l is k\u00e9pes m\u0171k\u00f6dni, teh\u00e1t az aut\u00f3 nemcsak v\u00e1rosban, hanem orsz\u00e1g\u00faton vagy aut\u00f3p\u00e1ly\u00e1n is hat\u00e9konyan gazd\u00e1lkodik az energi\u00e1val. Ugyanakkor \u00e9rdemes megjegyezni, hogy min\u00e9l t\u00f6bb lassabb, v\u00e1rosi k\u00f6zleked\u00e9st v\u00e9gz\u00fcnk, ann\u00e1l kedvez\u0151bb lehet az \u00e1tlagfogyaszt\u00e1s, mivel ezekben a helyzetekben gyakrabban haszn\u00e1lja az aut\u00f3 a tiszt\u00e1n elektromos \u00fczemm\u00f3dot.<\/p>\n<p>A plug-in (t\u00f6lthet\u0151) hibrid RAV4 hasonl\u00f3k\u00e9ppen kiv\u00e1l\u00f3 hat\u00e9konys\u00e1got k\u00edn\u00e1l. Ellent\u00e9tben n\u00e9h\u00e1ny m\u00e1s PHEV modellel, amelyek teljesen visszav\u00e1ltanak benzin\u00fczemre, amint lemer\u00fcl az akkumul\u00e1toruk, a Toyota \u00fagy tervezte meg a rendszert, hogy m\u00e9g a lemer\u00fcltnek hitt akkumul\u00e1tor is meg\u0151rizzen n\u00e9mi energi\u00e1t a h\u00e9tk\u00f6znapi, norm\u00e1l haszn\u00e1lathoz. \u00cdgy a RAV4 plug-in verzi\u00f3ja hasonl\u00f3 hat\u00e9konys\u00e1got k\u00e9pes ny\u00fajtani, mint a norm\u00e1l hibrid modell, \u00e9s nem v\u00e1lik hirtelen sokkal kev\u00e9sb\u00e9 gazdas\u00e1goss\u00e1.<\/p>\n<p>Tov\u00e1bbi el\u0151nye, hogy ha a nagy kapacit\u00e1s\u00fa akkumul\u00e1tort rendszeresen felt\u00f6ltj\u00fck, akkor j\u00f3val hosszabb t\u00e1von is haszn\u00e1lhatjuk az aut\u00f3t tiszt\u00e1n elektromos m\u00f3dban \u2013 p\u00e9ld\u00e1ul a napi ing\u00e1z\u00e1s sor\u00e1n egy\u00e1ltal\u00e1n nem is kell bekapcsolnia a benzinmotornak. R\u00e1ad\u00e1sul egy \u00fagynevezett \u201et\u00f6lt\u00e9smegtart\u00f3\u201d funkci\u00f3 is helyet kapott, amellyel eld\u00f6nthetj\u00fck, mikor haszn\u00e1lja fel az aut\u00f3 az elektromos energi\u00e1t. Ez akkor lehet hasznos, ha p\u00e9ld\u00e1ul el\u0151bb hosszabb aut\u00f3p\u00e1ly\u00e1s szakaszt vezet\u00fcnk, majd v\u00e1rosi forgalomban szeretn\u00e9nk csendben, elektromosan k\u00f6zlekedni. \u00cdgy tudatosan beoszthatjuk az akkumul\u00e1tor kapacit\u00e1s\u00e1t, ami m\u00e9g praktikusabb\u00e1 teszi a modellt.<\/p>\n<p>Ak\u00e1r a hibrid, ak\u00e1r a plug-in hibrid v\u00e1ltozatot v\u00e1lasztjuk \u2013 rendk\u00edv\u00fcl kifinomult, gazdas\u00e1gos \u00e9s j\u00f3l haszn\u00e1lhat\u00f3 aut\u00f3. A hajt\u00e1sl\u00e1nc m\u0171k\u00f6d\u00e9se szinte \u00e9szrev\u00e9tlen, a fogyaszt\u00e1s kedvez\u0151, a technol\u00f3gia pedig \u00e9rett \u00e9s megb\u00edzhat\u00f3. Ez nemcsak a hossz\u00fa t\u00e1v\u00fa tapasztalatoknak k\u00f6sz\u00f6nhet\u0151, hanem annak is, hogy a Toyota mindig a gyakorlatban is m\u0171k\u00f6d\u0151, j\u00f3l \u00e1tgondolt megold\u00e1sokat alkalmaz.<\/p>\n","protected":false},"excerpt":{"rendered":"<p>A legut\u00f3bbi Instagram-bejegyz\u00e9s\u00e9ben azonban valami eg\u00e9szen \u00fajat mutatott: b\u00facs\u00fat intett hossz\u00fa, k\u00f6z\u00e9ph\u00e1tig \u00e9r\u0151 tincseinek, \u00e9s egy r\u00f6videbb, ny\u00e1rias frizur\u00e1ra v\u00e1ltott&#8230;. <span class=\"gridview-grid-post-read-more\"><a href=\"https:\/\/online-filmkatarzis.com\/kucko\/hirek\/balogh-edina-levagatta-a-hajat\/\">read more<span class=\"gridview-sr-only\"> Balogh Edina lev\u00e1gatta a haj\u00e1t<\/span><\/a><\/span><\/p>\n","protected":false},"author":1,"featured_media":2970,"comment_status":"open","ping_status":"open","sticky":false,"template":"","format":"standard","meta":{"footnotes":""},"categories":[1],"tags":[],"class_list":["post-2969","post","type-post","status-publish","format-standard","has-post-thumbnail","hentry","category-egyeb","wpcat-1-id"],"_links":{"self":[{"href":"https:\/\/online-filmkatarzis.com\/kucko\/hirek\/wp-json\/wp\/v2\/posts\/2969","targetHints":{"allow":["GET"]}}],"collection":[{"href":"https:\/\/online-filmkatarzis.com\/kucko\/hirek\/wp-json\/wp\/v2\/posts"}],"about":[{"href":"https:\/\/online-filmkatarzis.com\/kucko\/hirek\/wp-json\/wp\/v2\/types\/post"}],"author":[{"embeddable":true,"href":"https:\/\/online-filmkatarzis.com\/kucko\/hirek\/wp-json\/wp\/v2\/users\/1"}],"replies":[{"embeddable":true,"href":"https:\/\/online-filmkatarzis.com\/kucko\/hirek\/wp-json\/wp\/v2\/comments?post=2969"}],"version-history":[{"count":1,"href":"https:\/\/online-filmkatarzis.com\/kucko\/hirek\/wp-json\/wp\/v2\/posts\/2969\/revisions"}],"predecessor-version":[{"id":2971,"href":"https:\/\/online-filmkatarzis.com\/kucko\/hirek\/wp-json\/wp\/v2\/posts\/2969\/revisions\/2971"}],"wp:featuredmedia":[{"embeddable":true,"href":"https:\/\/online-filmkatarzis.com\/kucko\/hirek\/wp-json\/wp\/v2\/media\/2970"}],"wp:attachment":[{"href":"https:\/\/online-filmkatarzis.com\/kucko\/hirek\/wp-json\/wp\/v2\/media?parent=2969"}],"wp:term":[{"taxonomy":"category","embeddable":true,"href":"https:\/\/online-filmkatarzis.com\/kucko\/hirek\/wp-json\/wp\/v2\/categories?post=2969"},{"taxonomy":"post_tag","embeddable":true,"href":"https:\/\/online-filmkatarzis.com\/kucko\/hirek\/wp-json\/wp\/v2\/tags?post=2969"}],"curies":[{"name":"wp","href":"https:\/\/api.w.org\/{rel}","templated":true}]}}